{"id":28227,"date":"2021-12-13T01:55:00","date_gmt":"2021-12-13T01:55:00","guid":{"rendered":"http:\/\/archivum.eloszekelyfold.ro\/2021\/12\/13\/testverlatogatoban-a-kereszturiak-4\/"},"modified":"2021-12-13T01:55:00","modified_gmt":"2021-12-13T01:55:00","slug":"testverlatogatoban-a-kereszturiak-4","status":"publish","type":"post","link":"https:\/\/archivum.eloszekelyfold.ro\/index.php\/2021\/12\/13\/testverlatogatoban-a-kereszturiak-4\/","title":{"rendered":"Testv\u00e9rl\u00e1togat\u00f3ban a kereszt\u00fariak (4.)"},"content":{"rendered":"<p><\/p>\n<div style=\"color:#666666; font-family:inherit; font-size:14px;font-style: normal;text-align:left;line-height:24px;\">\n<div style=\"float:left\"><img decoding=\"async\" src=\"http:\/\/archivum.eloszekelyfold.ro\/wp-content\/uploads\/2021\/12\/644_unit_univ_churcch.jpg\" alt=\"Testv\u00e9rl\u00e1togat\u00f3ban a kereszt\u00fariak (4.)\" style=\"padding-right:14px; padding-bottom:6px; padding-top:6px;\" width=\"320px\"><\/div>\n<div style=\"\">A mai nap nagyon az elevenbe v\u00e1gott. Gy\u00fclekezet \u00e9p\u00edt\u00e9ssel, d\u00f6nt\u00e9shozatallal, a gy\u00fclekezet int\u00e9zm\u00e9nyi arc\u00e1val foglalkoztunk. <\/p>\n<p>A f\u0151 k\u00e9rd\u00e9s az volt, hogy ki\u00e9 a \u00a0gy\u00fclekezet, ki milyen ar\u00e1nyban, m\u00e9rt\u00e9kben vesz r\u00e9szt a d\u00f6nt\u00e9sek meghozatal\u00e1ban \u00e9s kivitelez\u00e9s\u00e9ben.\u00a0<\/p><\/div>\n<div>\u00a0<\/div>\n<div>\n<div style=\"display: inline !important;\">Mivel a gy\u00fclekezeti munka nem mindig h\u00e1l\u00e1s, a befektetett id\u0151 \u00e9s tud\u00e1s nincs el\u00e9gg\u00e9 elismerve \u00e9s \u00e9rt\u00e9kelve a gy\u00fclekezeti tagok \u00e1ltal, nagyon fontos a pozit\u00edv \u00e9lm\u00e9ny megoszt\u00e1s. <\/p>\n<p>Az alkalmazottak egym\u00e1s k\u00f6z\u00f6tt megbesz\u00e9lik, hogy a m\u00falt h\u00e9ten milyen pozit\u00edv \u00e9lm\u00e9ny \u00e9rte \u0151ket. Azt\u00e1n mindenki elmondja, hogy mi a programja arra a h\u00e9tre. <\/p>\n<p>Nagyon fontos, hogy k\u00fcl\u00f6nb\u00f6z\u0151 bizotts\u00e1gok dolgoznak, \u00e9s ezeknek a vezet\u0151i fizetett alkalmazottak.<\/p><\/div>\n<\/div>\n<div style=\"font-weight: bold;\">\u00a0<\/div>\n<p><b>2016.november 29., kedd<\/b><br \/>\n<b> (Gy\u00fclekezeti \u00e9let, programok, p\u00e9nz)<\/b><\/p>\n<p>\u00c9rdekesnek tal\u00e1ltam, hogy otthon az egyh\u00e1zk\u00f6zs\u00e9g az \u00f6nk\u00e9ntes munk\u00e1ra van r\u00e1\u00e9p\u00edtve. Itt is \u00fagy volt, de az ut\u00f3bbi n\u00e9h\u00e1ny \u00e9vtizedben, miut\u00e1n az emberek munk\u00e1ba j\u00e1rnak, k\u00f6t\u00f6tt munka idej\u00fck van, akkor j\u00f6nnek az egyh\u00e1zhoz, amikor szabadok, vagy van kedv\u00fck. <\/p>\n<p>A programok\u00e9rt vagy a hit\u00e9rt j\u00e1r valaki a templomba? Nem tudjuk, \u00e9s nem is fontos. A l\u00e9nyeg az, hogy valamit kapjon. A bizalom nagyon fontos. Az egyh\u00e1zpolitika miatt veszett el az emberek bizalma az egyh\u00e1zban. \u00c9s nyilv\u00e1n az\u00e9rt mert p\u00e9nzr\u0151l van sz\u00f3. Ezek a p\u00e9nzek viszont nincsenek el\u00e9g nyilv\u00e1nosan visszasz\u00e1molva a gy\u00fclekezeti tagoknak. A st\u00e1b teh\u00e1t, a lelk\u00e9sz \u00e9s az alkalmazottak az\u00e9rt vannak, hogy a gy\u00fclekezetet szolg\u00e1lj\u00e1k. <\/p>\n<p>Itt mintegy 700 fizet\u0151 tagja van az egyh\u00e1zk\u00f6zs\u00e9gnek. Egy nagyon izgalmas feladat megtudni, hogy mit akar s gy\u00fclekezet. A papnak van egy hat szem\u00e9lyes bizotts\u00e1ga, akik \u00e1lland\u00f3 kapcsolatban \u00e1llnak az emberekkel. Folyamatosan t\u00e1j\u00e9koztatj\u00e1k a lelk\u00e9szt \u00e9s a keblitan\u00e1csot, hogy mi van a gy\u00fclekezetben. K\u00fcl\u00f6nben most is a m\u00e1sodik k\u00f6re a megbesz\u00e9l\u00e9snek arr\u00f3l sz\u00f3lt, hogy kiket kell megl\u00e1togatni, kinek van sz\u00fcks\u00e9ge lelkip\u00e1sztori gondoz\u00e1sra? Nos, ez a hat szem\u00e9ly csak egy \u00e9vig van megb\u00edzva, hogy ne legyen t\u00fal sok hatalma \u00e9s befoly\u00e1sa.\u00a0<\/p>\n<div>\u00a0<\/div>\n<div>K\u00e9rdezt\u00fck, hogy ezek akkor bes\u00fag\u00f3k? Nem, volt konkr\u00e9t v\u00e1lasz, Illetve megjegyezt\u00e9k, hogy nekik nem volt olyan tapasztalatuk, mint idehaza nek\u00fcnk\u00f6n\u00f6k.\u00a0<br \/>\n\u00a0<\/div>\n<div><strong>Egy kicsit m\u00e9g a p\u00e9nzr\u0151l<\/strong><br \/>\n\u00a0<\/div>\n<div>A p\u00e9nz\u00fcgyi esztend\u0151 itt, Amerik\u00e1ban j\u00falius 1- t\u0151l j\u00falius 1-ig tart. <\/p>\n<p>Az alapvet\u0151 k\u00e9rd\u00e9s, hogy mennyi p\u00e9nz kell, \u00e9s mire kell ez a\u00a0p\u00e9nz? \u00c9s ki d\u00f6nti el? A gy\u00fclekezet d\u00f6nti el. <\/p>\n<p>M\u00e1rcius 1-t\u0151l kezd\u0151d\u0151en egy h\u00f3napon kereszt\u00fcl arr\u00f3l besz\u00e9lnek, hogy\u00a0milyen gy\u00fclekezeti programokat fognak futtatni az elk\u00f6vetkezend\u0151 esztend\u0151ben. Vagyis megvitatj\u00e1k, hogy a gy\u00fclekezet m\u0171k\u00f6d\u00e9s\u00e9re,\u00a0szellemi \u00e9s fizikai tev\u00e9kenys\u00e9geire, a hit\u00e9let meg\u00e9l\u00e9s\u00e9re mennyi p\u00e9nz kell. Kisz\u00e1m\u00edtj\u00e1k, hogy ezekhez a tervekhez h\u00e1ny alkalmazott sz\u00fcks\u00e9ges \u00e9s\u00a0nekik mennyi a fizet\u00e9s\u00fck. Ezt k\u00f6vet\u0151en m\u00e1sf\u00e9l h\u00f3napon \u00e1t rekl\u00e1mozz\u00e1k, terjesztik ezeket a programokat, s ezzel\u00a0p\u00e1rhuzamosan bor\u00edt\u00e9kokat osztanak sz\u00e9t a gy\u00fclekezet tagjai k\u00f6z\u00f6tt, amelyeket visszagy\u0171jtenek, hogy l\u00e1ss\u00e1k konkr\u00e9tan, ki mennyi p\u00e9nzt aj\u00e1nl f\u00f6l. A felaj\u00e1nl\u00e1sokat\u00a0a p\u00e9nzt\u00e1ros \u00e9v k\u00f6zben k\u00f6veti. Mindez bizonylatokkal, igazol\u00e1sokkal zajlik, hiszen az egyh\u00e1z jav\u00e1ra befizetett \u00f6sszeggel cs\u00f6kkentend\u0151\u00a0az \u00e1llam fel\u00e9 fizetend\u0151 ad\u00f3. Otthon ez a j\u00f6vedelem k\u00e9t\u00a0sz\u00e1zal\u00e9ka, ami f\u00f6l\u00f6tt mindenki rendelkezhet. A concordi gy\u00fclekezetn\u00e9l a felaj\u00e1nl\u00e1sokb\u00f3l befolyt \u00f6sszeg teszi ki a k\u00f6lts\u00e9gvet\u00e9s 75-80%-\u00e1t. A\u00a0\u00f6bbi p\u00e9nz k\u00fcl\u00f6n adom\u00e1nyokb\u00f3l, a helyis\u00e9gek b\u00e9rleti d\u00edj\u00e1b\u00f3l, a szertart\u00e1sokb\u00f3l, perselyp\u00e9nzb\u0151l, befektet\u00e9sekb\u0151l j\u00f6n be. <\/p>\n<p>A\u00a0k\u00f6lts\u00e9gvet\u00e9s \u00f6ssze\u00e1ll\u00edt\u00e1s\u00e1n\u00e1l nagyon odafigyelnek minden r\u00e9szletre, hogy mennyi kiad\u00e1s \u00e9s mennyi bev\u00e9tel lesz. \u00c9s\u00a0m\u00e9g valami: az elm\u00falt h\u00e1romt\u00f3l t\u00edz \u00e9vig visszamen\u0151en megn\u00e9zik a felaj\u00e1nl\u00e1sokat, \u00e9s ezt m\u00e1r most novemberben\u00a0elemzik, hogy majd j\u00f6v\u0151ben, a m\u00e1rciusi program kamp\u00e1ny idej\u00e9n nagyj\u00e1b\u00f3l tudj\u00e1k, hogy mire sz\u00e1m\u00edtsanak.<\/p>\n<p>Ami nagyon fontos: ami t\u00edz \u00e9vvel ezel\u0151tt ig\u00e9nyk\u00e9nt, priorit\u00e1sk\u00e9nt jelebtkezett a gy\u00fclekezetben, az ma m\u00e1r nem az. Az emberek ig\u00e9nyei v\u00e1ltoznak, \u00e9s csak\u00a0arra \u00e1ldoznak, aminek \u00e9rtelm\u00e9t l\u00e1tj\u00e1k! <\/p>\n<p>Nos, mi k\u00f6ze mindennek a hithez, az egyh\u00e1zhoz?<br \/>\n\u00a0<\/div>\n<div><strong>A liturgia<\/strong><\/p>\n<p>A gy\u00fclekezeti \u00e9let k\u00f6zponti tev\u00e9kenys\u00e9ge a vas\u00e1rnapi \u00e9s \u00fcnnepi istentisztelet. Itt t\u00f6rt\u00e9nik a gyermekekkel val\u00f3\u00a0vas\u00e1rnapi foglalkoz\u00e1s is. Itt \u00e9nekel a k\u00f3rus, \u00e9s a gy\u00fclekezet tagjai itt tudnak bekapcsol\u00f3dni egy k\u00f6z\u00f6s vall\u00e1sos,\u00a0hit\u00e9lm\u00e9nyt ny\u00fajt\u00f3 cselekedet-sorozatba, amit istentiszteletnek nevez\u00fcnk. <\/p>\n<p>Van egy bizotts\u00e1g, aki az istentiszteletek\u00a0megtervez\u00e9s\u00e9vel foglalkozik. El\u0151re m\u00e1r egy \u00e9vre tudj\u00e1k, hogy melyik vas\u00e1rnap mi lesz. Az \u00e9vnek van egy t\u00e9m\u00e1ja, \u00e9s\u00a0erre \u00e9p\u00fcl r\u00e1 minden. A pr\u00e9dik\u00e1ci\u00f3, az \u00e9nekek, a gyermekekkel val\u00f3 foglalkoz\u00e1s, az istentiszteletet k\u00f6vet\u0151\u00a0besz\u00e9lget\u00e9s. <\/p>\n<p>Most term\u00e9szetesen a t\u00e1rsadalmi v\u00e1ltoz\u00e1sok a t\u00e9ma. Id\u0151szer\u0171 k\u00e9rd\u00e9sek, amiben benne \u00e9lnek. Amir\u0151l a\u00a0mindennapok sz\u00f3lnak. Kimondj\u00e1k, meg\u00e9lik a saj\u00e1t probl\u00e9m\u00e1ikat. <\/p>\n<p>A k\u00f3rus minden vas\u00e1rnap \u00e9nekel. Hivat\u00e1sos orgonista\u00a0van, hivat\u00e1sos zongorista, \u00e9s hivat\u00e1sos karvezet\u0151. Az \u00e9nek \u00e9ppen annyira fontos eleme a liturgi\u00e1nak, mint a szavak.\u00a0<\/p><\/div>\n<div>\u00a0<\/div>\n<div>Az istentiszteletek c\u00e9lja az, hogy az ide j\u00f6v\u0151knek egy felemel\u0151 vall\u00e1si \u00e9lm\u00e9nyt ny\u00fajtson. \u00c9s ezen egy bizotts\u00e1g\u00a0tudatosan dolgozik.<\/p>\n<p>Amikor ennek a megbesz\u00e9l\u00e9snek is v\u00e9ge lett, akkor elmondtuk, hogy h\u00e1t igen, de azt tudni kell, hogy minden kult\u00faraf\u00fcgg\u0151, \u00e9s hogy otthon nem lehet mindent megcsin\u00e1lni. Nagyon \u00e9l\u00e9nk besz\u00e9lget\u00e9s alakult ki arr\u00f3l, hogy mit jelent a\u00a0gy\u00fclekezethez val\u00f3 pozit\u00edv hozz\u00e1\u00e1ll\u00e1s. Ez nem olyan egyszer\u0171, mert minden kult\u00faraf\u00fcgg\u0151, az\u00e9rt otthon m\u00e1s. Itt\u00a0k\u00f6nnyebb. M\u00e1snak mindig k\u00f6nnyebb. Nek\u00fcnk neh\u00e9z, mert mi m\u00e1sok vagyunk. Az\u00e9rt egyezz\u00fcnk meg, hogy az otthoni ember\u00a0m\u00e1s. Azokkal nem lehet csak \u00edgy.\u00a0<br \/>\n\u00a0<\/div>\n<div>Egy k\u00ednai vend\u00e9gl\u0151ben vacsor\u00e1ztunk. Nagyon sokf\u00e9le \u00e9telt hoztak. Sokf\u00e9le sz\u00edn\u0171 \u00e9s \u00edz\u0171 falatok voltak az asztalon.\u00a0Ak\u00e1rcsak napk\u00f6zben a gondolatok. Volt s\u00fclt r\u00e9ce, t\u00f6bb\u00edz\u0171 baromfif\u00e9le, torm\u00e1s, ecetes, szirupos \u00f6ntet, garn\u00e9lar\u00e1k,\u00a0z\u00f6ldbors\u00f3 di\u00f3s m\u00e1rt\u00e1ssal, laska z\u00f6lds\u00e9ggel, \u00e9s m\u00e9g ki tudja megmondani, hogy mi minden. A csapatunk t\u00f6bbs\u00e9ge nem\u00a0l\u00e1tott m\u00e9g ekkora felhozatalt \u00e9telb\u0151l. Azt mondja az egyik t\u00e1rsunk, hogy jobb sz\u00edvvel megeszi a t\u00far\u00f3s lask\u00e1t\u00a0otthon, mint ezt a sok furcsa \u00edz\u0171 ismeretlens\u00e9get. Milyen igaz. Milyen jellemz\u0151.\u00a0<br \/>\n<em><br \/>\nT\u00f3dor Csaba<\/em><\/div>\n<\/p><\/div>\n","protected":false},"excerpt":{"rendered":"<p>A mai nap nagyon az elevenbe v\u00e1gott. Gy\u00fclekezet \u00e9p\u00edt\u00e9ssel, d\u00f6nt\u00e9shozatallal, a gy\u00fclekezet int\u00e9zm\u00e9nyi arc\u00e1val foglalkoztunk. A f\u0151 k\u00e9rd\u00e9s az volt, hogy ki\u00e9 a \u00a0gy\u00fclekezet, ki milyen ar\u00e1nyban, m\u00e9rt\u00e9kben vesz r\u00e9szt a d\u00f6nt\u00e9sek meghozatal\u00e1ban \u00e9s kivitelez\u00e9s\u00e9ben.\u00a0 \u00a0 Mivel a gy\u00fclekezeti munka nem mindig h\u00e1l\u00e1s, a befektetett id\u0151 \u00e9s tud\u00e1s nincs el\u00e9gg\u00e9 elismerve \u00e9s \u00e9rt\u00e9kelve a gy\u00fclekezeti [&hellip;]<\/p>\n","protected":false},"author":1,"featured_media":28228,"comment_status":"open","ping_status":"open","sticky":false,"template":"","format":"standard","meta":{"footnotes":""},"categories":[],"tags":[],"class_list":["post-28227","post","type-post","status-publish","format-standard","has-post-thumbnail","hentry"],"_links":{"self":[{"href":"https:\/\/archivum.eloszekelyfold.ro\/index.php\/wp-json\/wp\/v2\/posts\/28227","targetHints":{"allow":["GET"]}}],"collection":[{"href":"https:\/\/archivum.eloszekelyfold.ro\/index.php\/wp-json\/wp\/v2\/posts"}],"about":[{"href":"https:\/\/archivum.eloszekelyfold.ro\/index.php\/wp-json\/wp\/v2\/types\/post"}],"author":[{"embeddable":true,"href":"https:\/\/archivum.eloszekelyfold.ro\/index.php\/wp-json\/wp\/v2\/users\/1"}],"replies":[{"embeddable":true,"href":"https:\/\/archivum.eloszekelyfold.ro\/index.php\/wp-json\/wp\/v2\/comments?post=28227"}],"version-history":[{"count":0,"href":"https:\/\/archivum.eloszekelyfold.ro\/index.php\/wp-json\/wp\/v2\/posts\/28227\/revisions"}],"wp:featuredmedia":[{"embeddable":true,"href":"https:\/\/archivum.eloszekelyfold.ro\/index.php\/wp-json\/wp\/v2\/media\/28228"}],"wp:attachment":[{"href":"https:\/\/archivum.eloszekelyfold.ro\/index.php\/wp-json\/wp\/v2\/media?parent=28227"}],"wp:term":[{"taxonomy":"category","embeddable":true,"href":"https:\/\/archivum.eloszekelyfold.ro\/index.php\/wp-json\/wp\/v2\/categories?post=28227"},{"taxonomy":"post_tag","embeddable":true,"href":"https:\/\/archivum.eloszekelyfold.ro\/index.php\/wp-json\/wp\/v2\/tags?post=28227"}],"curies":[{"name":"wp","href":"https:\/\/api.w.org\/{rel}","templated":true}]}}