{"id":28225,"date":"2021-12-13T01:53:00","date_gmt":"2021-12-13T01:53:00","guid":{"rendered":"http:\/\/archivum.eloszekelyfold.ro\/2021\/12\/13\/testverlatogatoban-a-kereszturiak-5\/"},"modified":"2021-12-13T01:53:00","modified_gmt":"2021-12-13T01:53:00","slug":"testverlatogatoban-a-kereszturiak-5","status":"publish","type":"post","link":"https:\/\/archivum.eloszekelyfold.ro\/index.php\/2021\/12\/13\/testverlatogatoban-a-kereszturiak-5\/","title":{"rendered":"Testv\u00e9rl\u00e1togat\u00f3ban a kereszt\u00fariak (5.)"},"content":{"rendered":"<p><\/p>\n<div style=\"color:#666666; font-family:inherit; font-size:14px;font-style: normal;text-align:left;line-height:24px;\">\n<div style=\"float:left\"><img decoding=\"async\" src=\"http:\/\/archivum.eloszekelyfold.ro\/wp-content\/uploads\/2021\/12\/645_hajo_az_obolben.jpg\" alt=\"Testv\u00e9rl\u00e1togat\u00f3ban a kereszt\u00fariak (5.)\" style=\"padding-right:14px; padding-bottom:6px; padding-top:6px;\" width=\"320px\"><\/div>\n<p>                              A szabadelv\u0171 protestantizmus nagyon nagy hangs\u00falyt fektet az egy\u00e9nre. Az egyen gondolkod\u00e1sa, szabads\u00e1ga \u00e9rtelm\u00e9ben\u00a0ir\u00e1ny\u00edtja \u00e9let\u00e9t. D\u00f6nt\u00e9seit, meg\u00e9l\u00e9seit egy\u00e9ni fejl\u0151d\u00e9s\u00e9nek, hit\u00e9nek szolg\u00e1lat\u00e1ba \u00e1ll\u00edtja.\u00a0Ezt a mai naphoz \u00edrtam bevezet\u0151nek, ugyanis testv\u00e9rgy\u00fclekezeti megbesz\u00e9l\u00e9st tartottunk.\u00a0<\/p>\n<p>Jelen voltak a k\u00f6vetkez\u0151\u00a0egyh\u00e1zk\u00f6zs\u00e9gek testv\u00e9rgy\u00fclekezeteinek k\u00e9pvisel\u0151i: Ab\u00e1sfalva, D\u00e9sfalva, Olasztelek, Sz\u00e9kelykereszt\u00far. Elmondtuk, hogy mi az, ami \u00e9letben\u00a0tartja a kapcsolatot. D\u00e9sfalv\u00e1val p\u00e9ld\u00e1ul k\u00f6z\u00f6s filmeket k\u00e9sz\u00edtenek a gy\u00fclekezeti tagok magukr\u00f3l. Vagy\u00a0megeml\u00e9keznek halottaikr\u00f3l, a megkereszteltekr\u0151l, a konfirm\u00e1ltakr\u00f3l. A neveket felolvass\u00e1k egy istentiszteleten.\u00a0Ab\u00e1sfalv\u00e1n \u00e9s Bedfordban harangoznak, ha halott van a temet\u00e9s napj\u00e1n. Minden az egy\u00e9nr\u0151l sz\u00f3l.<br \/>\n<strong><br \/>\n2016.november 30., szerda<\/strong><\/p>\n<div><strong>(A zar\u00e1ndoklatr\u00f3l)<\/strong><\/p>\n<p>Zar\u00e1ndoklatnak nevezz\u00fck azt, amikor \u00faton vagyunk. A zar\u00e1ndoklat r\u00e9sze a meg\u00e9rkez\u00e9s, a jelen lev\u00e9s. A r\u00e9sztvev\u00e9s.<\/p>\n<p>Amikor amerikai hittestv\u00e9reink Erd\u00e9lybe j\u00f6nnek, akkor egy teljesen m\u00e1s \u00e9rt\u00e9krendbe j\u00f6nnek. Emberek \u00e9s t\u00e1jak v\u00e1rj\u00e1k \u0151ket. V\u00e1rjuk \u0151ket. Ez m\u00e1r tudatosult az elm\u00falt h\u00fasz \u00e9vben. Egyik legfontosabb szempont, ami\u00e9rt j\u00f6nnek hozz\u00e1nk az, hogy itt\u00a0nem kapj\u00e1k meg mindazt, amit ott mi adni tudunk. Amit ny\u00fajtunk sz\u00e1mukra az viszont nem az, amit megvett\u00fcnk mi az elm\u00falt h\u00fasz esztend\u0151ben vagy tegnap,\u00a0hanem az, amit \u00f6r\u00f6k\u00f6lt\u00fcnk. Ami itt legbel\u00fcl a mi\u00e9nk. <\/p>\n<p>Nek\u00fcnk ugyan nincsenek szentjeink, akikhez elzar\u00e1ndokoln\u00e1nk, szent helyeink. De\u00a0vannak \u00e9l\u0151 emberek. Vannak helysz\u00ednek itt legbel\u00fcl. \u00c9s ez nemcsak a mi rezerv\u00e1tums\u00e1gunk! Nem csak az, hogy annyira\u00a0maradiak vagyunk, hanem enn\u00e9l sokkal egyszer\u0171bb \u00e9s sokkal bonyolultabb. <\/p>\n<p>Egyszer\u0171bb az\u00e9rt, mert mindk\u00e9t egyh\u00e1z a\u00a0szabad gondolkod\u00e1s, a szabad vall\u00e1sgyakorlat, az egy\u00e9ni isten\u00e9lm\u00e9ny meg\u00e9l\u00e9s\u00e9re \u00e9p\u00fcl. Bonyolultabb az\u00e9rt, mert m\u00e9gis\u00a0m\u00e1sok vagyunk. K\u00fcl\u00f6nb\u00f6zik a kult\u00far\u00e1nk. A jelenl\u00e9t\u00fcnk az \u00e9letben. Az \u00e9telhez \u00e9s az italhoz val\u00f3 viszonyul\u00e1sunk. <\/p>\n<p>Az\u00a0elm\u00falt h\u00fasz \u00e9vben Erd\u00e9ly egy olyan hely lett az itteniek sz\u00e1m\u00e1ra, ami spiritualit\u00e1st hordoz. Erd\u00e9ly nem att\u00f3l\u00a0spiritu\u00e1lis mert Drakul\u00e1s. \u00c1ltalunk az, mert mi ott vagyunk. M\u00e1shol is van spiritualit\u00e1s. Mexik\u00f3ban, vagy Indi\u00e1ban. <\/p>\n<p>Itt viszont van egy csoport, aki az erd\u00e9lyi lelkis\u00e9g\u00e9rt v\u00e1llalja a zar\u00e1ndoklatot. <br \/>\n\u00a0<\/div>\n<div style=\"text-align: center;\"><img loading=\"lazy\" decoding=\"async\" src=\"http:\/\/archivum.eloszekelyfold.ro\/wp-content\/uploads\/2021\/12\/30564102443_d18fef3f6d_z.jpg\" width=\"450\" height=\"259\" alt=\"\"><\/div>\n<div>\nA h\u00e1zass\u00e1gi kapcsolat p\u00e1rhuzam\u00e1r\u00f3l\u00a0besz\u00e9lt\u00fcnk. Olyan ez a zar\u00e1ndoklat, mint a h\u00e1zass\u00e1g. Nem csak racionalit\u00e1s van benne. Mi\u00e9rt v\u00e1lasztottunk t\u00e1rsat,\u00a0\u00e9s mi\u00e9rt \u00e9ppen \u0151t v\u00e1lasztottuk? Ezt nem lehet csak \u00e9sszel megmagyar\u00e1zni. A v\u00e1llal\u00e1s a fontos. Term\u00e9szetesen vannak a\u00a0kapcsolatban azt\u00e1n hull\u00e1mhegyek \u00e9s hull\u00e1mv\u00f6lgyek. Neh\u00e9z pillanatok, \u00e9s neh\u00e9z egy\u00fcttl\u00e9tek. De a kapcsolatom a\u00a0feles\u00e9gemmel r\u00f3lam is sz\u00f3l. Egy v\u00e1llal\u00e1s. Egy folyamatos \u00faton lev\u00e9s a m\u00e1sik fel\u00e9. \u00c9s egy folyamatos jelen lev\u00e9s a\u00a0m\u00e1sikban, m\u00e9g ha nem is fizikailag.<\/p>\n<p>Nem hittem el, hogy vannak igazi, bels\u0151 tartalmaikat megv\u00e1ltoztat\u00f3 esem\u00e9nyek. Amikor besz\u00e9ltek az ilyenekr\u0151l, nem\u00a0hittem el. Ma p\u00e9ld\u00e1kat hallottam arr\u00f3l, hogy mik\u00e9nt v\u00e1ltozott meg valakinek a gondolkod\u00e1sa Erd\u00e9ly hat\u00e1s\u00e1ra. S ami\u00a0\u00e9ppen ilyen fontos: minket ide kihoztak, t\u00edz napig saj\u00e1t k\u00f6lts\u00e9g\u00fck\u00f6n ell\u00e1tnak. Szervezik a k\u00f6vetkez\u0151 utat oda. S\u00a0mindezt mi\u00e9rt? Saj\u00e1t maguk\u00e9rt.<\/p>\n<p>H\u00f3zse\u00e1s k\u00f6nyv\u00e9ben az \u00dar \u00fagy sz\u00f3l\u00edtja meg n\u00e9p\u00e9t, mint feles\u00e9g\u00e9t, szerelm\u00e9t. Azt mondja, hogy emberi szeretettel\u00a0szerettelek titeket, \u00e9s ti m\u00e9gsem voltatok h\u0171ek hozz\u00e1m. De ezut\u00e1n is szeretettel kapcsol\u00f3dom hozz\u00e1tok. Nem a\u00a0parancs, nem a sz\u00e1m\u00edt\u00e1s, nem a t\u00f6rv\u00e9ny kapcsol csak hozz\u00e1tok. M\u00e1tk\u00e1m vagy, szerelmem vagy n\u00e9pem, mondja H\u00f3zse\u00e1s.\u00a0<br \/>\n\u00a0<\/div>\n<div style=\"text-align: center;\"><img loading=\"lazy\" decoding=\"async\" src=\"http:\/\/archivum.eloszekelyfold.ro\/wp-content\/uploads\/2021\/12\/tengerpart.jpg\" width=\"450\" height=\"271\" alt=\"\"><\/div>\n<div>\u00a0<\/div>\n<div>Otthon fontosak a keretek. Azt hiszem m\u00e9g mindig nem l\u00e9pt\u00fcnk t\u00fal a rendtart\u00f3 t\u00e1rsadalmi tudaton. A h\u0171b\u00e9ri\u00a0viszonyrendszer egy\u00fctt van, keveredik a kilencvenes \u00e9vekben be\u00e1llt rendszerrel. Demokr\u00e1cia \u00e9s h\u0171b\u00e9ri t\u00e1rsadalom.\u00a0Szabadverseny \u00e9s balkaniz\u00e1lod\u00e1s. A n\u00e9metes precizit\u00e1s, a tart\u00e1s, az eur\u00f3pais\u00e1g keveredik az \u00fcgyesked\u00e9ssel \u00e9s a surm\u00f3s\u00e1ggal.\u00a0<\/div>\n<div>\u00a0<\/div>\n<div>Ez is r\u00e9sze a mi erd\u00e9lyis\u00e9g\u00fcnknek. \u00c9s \u00fagy l\u00e1tszik, hogy m\u00e9giscsak m\u0171k\u00f6dik. S\u0151t: \u00e9letekre van hat\u00e1ssal.\u00a0<\/p>\n<p><em>A c\u00edmk\u00e9pen Mary Blood Mellen (1819-1885) Field Beach c\u00edm\u0171, 1850 k\u00f6r\u00fcl k\u00e9sz\u00fclt festm\u00e9ny\u00e9nek reprodukci\u00f3ja l\u00e1that\u00f3 &#8211; a k\u00e9p a Cape Ann Museumban l\u00e1that\u00f3 Glouchester MA v\u00e1ros\u00e1ban.<\/em><\/p>\n<p><em>T\u00f3dor Csaba<\/em><\/div>\n<\/p><\/div>\n","protected":false},"excerpt":{"rendered":"<p>A szabadelv\u0171 protestantizmus nagyon nagy hangs\u00falyt fektet az egy\u00e9nre. Az egyen gondolkod\u00e1sa, szabads\u00e1ga \u00e9rtelm\u00e9ben\u00a0ir\u00e1ny\u00edtja \u00e9let\u00e9t. D\u00f6nt\u00e9seit, meg\u00e9l\u00e9seit egy\u00e9ni fejl\u0151d\u00e9s\u00e9nek, hit\u00e9nek szolg\u00e1lat\u00e1ba \u00e1ll\u00edtja.\u00a0Ezt a mai naphoz \u00edrtam bevezet\u0151nek, ugyanis testv\u00e9rgy\u00fclekezeti megbesz\u00e9l\u00e9st tartottunk.\u00a0 Jelen voltak a k\u00f6vetkez\u0151\u00a0egyh\u00e1zk\u00f6zs\u00e9gek testv\u00e9rgy\u00fclekezeteinek k\u00e9pvisel\u0151i: Ab\u00e1sfalva, D\u00e9sfalva, Olasztelek, Sz\u00e9kelykereszt\u00far. Elmondtuk, hogy mi az, ami \u00e9letben\u00a0tartja a kapcsolatot. D\u00e9sfalv\u00e1val p\u00e9ld\u00e1ul k\u00f6z\u00f6s filmeket k\u00e9sz\u00edtenek a [&hellip;]<\/p>\n","protected":false},"author":1,"featured_media":28226,"comment_status":"open","ping_status":"open","sticky":false,"template":"","format":"standard","meta":{"footnotes":""},"categories":[],"tags":[],"class_list":["post-28225","post","type-post","status-publish","format-standard","has-post-thumbnail","hentry"],"_links":{"self":[{"href":"https:\/\/archivum.eloszekelyfold.ro\/index.php\/wp-json\/wp\/v2\/posts\/28225","targetHints":{"allow":["GET"]}}],"collection":[{"href":"https:\/\/archivum.eloszekelyfold.ro\/index.php\/wp-json\/wp\/v2\/posts"}],"about":[{"href":"https:\/\/archivum.eloszekelyfold.ro\/index.php\/wp-json\/wp\/v2\/types\/post"}],"author":[{"embeddable":true,"href":"https:\/\/archivum.eloszekelyfold.ro\/index.php\/wp-json\/wp\/v2\/users\/1"}],"replies":[{"embeddable":true,"href":"https:\/\/archivum.eloszekelyfold.ro\/index.php\/wp-json\/wp\/v2\/comments?post=28225"}],"version-history":[{"count":0,"href":"https:\/\/archivum.eloszekelyfold.ro\/index.php\/wp-json\/wp\/v2\/posts\/28225\/revisions"}],"wp:featuredmedia":[{"embeddable":true,"href":"https:\/\/archivum.eloszekelyfold.ro\/index.php\/wp-json\/wp\/v2\/media\/28226"}],"wp:attachment":[{"href":"https:\/\/archivum.eloszekelyfold.ro\/index.php\/wp-json\/wp\/v2\/media?parent=28225"}],"wp:term":[{"taxonomy":"category","embeddable":true,"href":"https:\/\/archivum.eloszekelyfold.ro\/index.php\/wp-json\/wp\/v2\/categories?post=28225"},{"taxonomy":"post_tag","embeddable":true,"href":"https:\/\/archivum.eloszekelyfold.ro\/index.php\/wp-json\/wp\/v2\/tags?post=28225"}],"curies":[{"name":"wp","href":"https:\/\/api.w.org\/{rel}","templated":true}]}}