{"id":28223,"date":"2021-12-13T01:51:01","date_gmt":"2021-12-13T01:51:01","guid":{"rendered":"http:\/\/archivum.eloszekelyfold.ro\/2021\/12\/13\/sor-es-csulok\/"},"modified":"2021-12-13T01:51:01","modified_gmt":"2021-12-13T01:51:01","slug":"sor-es-csulok","status":"publish","type":"post","link":"https:\/\/archivum.eloszekelyfold.ro\/index.php\/2021\/12\/13\/sor-es-csulok\/","title":{"rendered":"S\u00f6r \u00e9s cs\u00fcl\u00f6k"},"content":{"rendered":"<p><\/p>\n<div style=\"color:#666666; font-family:inherit; font-size:14px;font-style: normal;text-align:left;line-height:24px;\">\n<div style=\"float:left\"><img decoding=\"async\" src=\"http:\/\/archivum.eloszekelyfold.ro\/wp-content\/uploads\/2021\/12\/646_Lakatos_Abel.jpg\" alt=\"S\u00f6r \u00e9s cs\u00fcl\u00f6k\" style=\"padding-right:14px; padding-bottom:6px; padding-top:6px;\" width=\"320px\"><\/div>\n<p>                              1989 december\u00e9ben \u00c1bel ott \u00e1llt a sz\u00e9kelyudvarhelyi rend\u0151rs\u00e9g l\u00e1ngol\u00f3 \u00e9p\u00fclete el\u0151tt a t\u00f6megben, s sz\u00f3tlanul, elhom\u00e1lyosult szemekkel n\u00e9zte, mint roskad mag\u00e1ba a gy\u0171l\u00f6lt int\u00e9zm\u00e9ny tet\u0151szerkezete. Ilyen k\u00f6zelr\u0151l m\u00e9g nem l\u00e1tott t\u0171zv\u00e9szt. <\/p>\n<p>Gyermekkor\u00e1ban ugyan egyszer kigyulladt egy h\u00e1z a szomsz\u00e9d utc\u00e1ban, a s\u00f6t\u00e9ten gomolyg\u00f3 f\u00fcst\u00f6t az udvarukr\u00f3l is lehetett l\u00e1tni, de nem mert a helysz\u00edn k\u00f6zel\u00e9be menni. A ker\u00edt\u00e9sr\u0151l figyelte a k\u00e9ts\u00e9gbeesetten rohan\u00f3 f\u00e9rfiakat, hallgatta az utca v\u00e9g\u00e9be sereglett asszonyok zokog\u00e1s\u00e1t, a t\u0171zolt\u00f3- \u00e9s ment\u0151aut\u00f3k felkavar\u00f3 vijjog\u00e1s\u00e1t. \u00a0Azt besz\u00e9lt\u00e9k, valaki benn\u00e9gett. Aznap este csak k\u00e9s\u0151re j\u00f6tt \u00e1lom a szem\u00e9re, s akkor is h\u00e1nykol\u00f3dott \u00e1lm\u00e1ban. <\/p>\n<p>Ez a t\u0171z most valahogy m\u00e1s volt. A lelk\u00e9ben nyugalom honolt, a leveg\u0151ben mintha t\u00f6mj\u00e9nf\u00fcst illata terjengett volna. A t\u00f6meg is \u00e9rezte, hogy ez\u00fattal nem holmi h\u00e9tk\u00f6znapi szerencs\u00e9tlens\u00e9gr\u0151l van sz\u00f3, mely ellen illene tenni valamit, hanem egy fens\u00e9ges \u00e9s szimbolikus aktusr\u00f3l: a t\u0171z \u00e1ltali megtisztul\u00e1sr\u00f3l. Hogy ez a t\u0171z j\u00f3 t\u0171z, mely elt\u00f6rli a b\u0171n\u00f6s rezsim tart\u00f3oszlopait, \u00e9s megnyitja az utat egy \u00faj kezdet, a szabad \u00e9s embers\u00e9ges j\u00f6v\u0151 el\u0151tt. Ez\u00e9rt is nem engedte k\u00f6zel az \u00e9p\u00fclethez a szomsz\u00e9dos utc\u00e1ban szorong\u00f3 t\u0171zolt\u00f3kat, akiknek a lelk\u00e9ben legal\u00e1bb olyan heves harcot v\u00edvott a hivat\u00e1studat az igazs\u00e1g\u00e9rzettel, mint a l\u00e1ngnyelvek a sok v\u00e9rt \u00e9s k\u00f6nnyet l\u00e1tott falakkal. Az emberek lelki\u00a0szemeikkel azonban m\u00e1r nem a r\u00e9gi vil\u00e1g \u00fcszk\u00f6s gerend\u00e1it l\u00e1tt\u00e1k, hanem a holnapi romok k\u00f6z\u00fcl el\u0151b\u00faj\u00f3 zsenge f\u0171sz\u00e1lakat. A l\u00e1ngok k\u00f6zt az \u00faj vil\u00e1got.<\/p>\n<p>S b\u00e1r \u00faj vil\u00e1g volt sz\u00fclet\u0151ben, a hangulat m\u00e9gsem volt sz\u00fclinapi. Ink\u00e1bb hasonl\u00edtott a sikeres vaj\u00fad\u00e1st k\u00f6vet\u0151\u00a0pillanatokhoz, melyek v\u00e9r, izzads\u00e1g, k\u00f6nnyek, \u00f6r\u00f6mk\u00f6nnyek, f\u00e1jdalom \u00e9s euf\u00f3ria, megk\u00f6nnyebb\u00fclt f\u00e1rads\u00e1g\u00e9rzet\u00a0k\u00fcl\u00f6n\u00f6s kever\u00e9k\u00e9b\u0151l \u00e1llnak \u00f6ssze. Ilyenkor olyan t\u00e9r-id\u0151 dimenzi\u00f3ba ker\u00fclnek a r\u00e9sztvev\u0151k, ahol a h\u00e9tk\u00f6znapi\u00a0szab\u00e1lyok nem \u00e9rv\u00e9nyesek s k\u00f6nnyen p\u00f3rul j\u00e1rhat az, aki ezt nem veszi tudom\u00e1sul. Persze, mindig akadnak, akik nem\u00a0\u00e9rz\u00e9kelik, hogy t\u00f6rt\u00e9nelmi pillanatok r\u00e9szesei, akikn\u00e9l a rinoc\u00e9roszb\u0151rr\u00e9 vastagodott napi rutint m\u00e9g csak meg sem\u00a0karcolj\u00e1k a t\u00f6rt\u00e9nelem tovag\u00f6rd\u00fcl\u0151 kerekei. \u0150k azok, akik \u00fagy halnak meg, hogy nem is tudj\u00e1k, hogy \u00e9ltek. Mi\u00a0ellenben tudjuk, hogy \u00f6v\u00e9k a mennyeknek orsz\u00e1ga.\u00a0<\/p>\n<div>\nAznap azonban az \u00dar nem akarhatott \u00fajabb bek\u00f6lt\u00f6z\u0151ket, mert \u00c1belt\u00a0v\u00e1ratlanul \u0151rangyall\u00e1 l\u00e9ptette el\u0151. T\u00f6rt\u00e9nt ugyanis, hogy a forrong\u00f3 t\u00f6meg k\u00f6zep\u00e9n arra lett figyelmes, hogy \u00f6t-hat\u00a0beg\u0151z\u00f6lt agy\u00fa fiatalember azon \u00fcgyk\u00f6dik, hogy felbor\u00edtson egy a t\u00f6megben araszol\u00f3 Daci\u00e1t. \u201eH\u00f3rukk! \u2013 biztatt\u00e1k\u00a0egym\u00e1st \u2013 Ne k\u00edm\u00e9lj\u00e9tek, mert ez egy rohadt szekus!\u201d \u00c1bel d\u00f6bbenten vette \u00e9szre, hogy az egyre v\u00e9szesebben\u00a0himb\u00e1l\u00f3dz\u00f3 aut\u00f3ban \u00fcl\u0151 \u201eszekus\u201d val\u00f3j\u00e1ban a szomsz\u00e9dja, Bandi.<br \/>\n\u00a0<\/div>\n<div style=\"text-align: center;\"><img loading=\"lazy\" decoding=\"async\" src=\"http:\/\/archivum.eloszekelyfold.ro\/wp-content\/uploads\/2021\/12\/foto_10.jpg\" width=\"450\" height=\"289\" alt=\"\"><\/div>\n<div style=\"text-align: left;\">\nArra nem volt id\u0151, hogy Le Bon A t\u00f6megek l\u00e9lektana\u00a0c. k\u00f6nyv\u00e9t \u00e1ttanulm\u00e1nyozza, de \u00f6szt\u00f6n\u00f6sen j\u00f3l cselekedett. L\u00e1tv\u00e1n, hogy Bandi \u00e9lete m\u00e1sodperceken m\u00falik, sietve\u00a0utat t\u00f6rt mag\u00e1nak az aut\u00f3ig. \u201eFi\u00fak, hagyj\u00e1tok abba, ez az ember nem szekus, hanem a szomsz\u00e9dom! K\u00f6z\u00e9nk tartozik!\u201d \u2013\u00a0tette hozz\u00e1 nyomat\u00e9kkal. Azok csod\u00e1lkozva n\u00e9ztek r\u00e1: \u201eT\u00e9nyleg?!\u201d \u201e\u00cdgy van!\u201d \u2013 mondta hat\u00e1rozottan \u00c1bel. \u201eRendben,\u00a0akkor hagyj\u00e1tok!\u201d \u2013 mondta a vezet\u0151j\u00fck s pillanatokon bel\u00fcl elt\u0171ntek a t\u00f6megben. \u201eEmber, elment a sz\u00e9p eszed?!\u201d \u2013\u00a0nyitotta r\u00e1 az ajt\u00f3t Bandira \u2013 \u201eLincsel\u00e9s\u00e9rt kilincselsz?!\u201d \u201eNem \u2013 dadogta halotts\u00e1padtan a m\u00e1sik -, ap\u00f3som\u00a0valami diszn\u00f3cs\u00fclk\u00f6t \u00e9s s\u00f6rt \u00edg\u00e9rt kar\u00e1csonyra, amit el kell hoznom Cs\u00edkb\u00f3l. S nincs m\u00e1s \u00fat, a t\u00f6bbit\u00a0lez\u00e1rt\u00e1k\u2026\u201d<br \/>\n\u00a0<\/div>\n<div>Ehhez tudni kell, hogy az akkori \u00edns\u00e9ges id\u0151kben, amikor a boltokban csak kekszet \u00e9s must\u00e1rt lehetett\u00a0kapni, ak\u00e1r v\u00e1llalhat\u00f3nak is t\u0171nhetett a kock\u00e1zat. \u00c1bel m\u00e9gis elt\u00e1totta a sz\u00e1j\u00e1t: \u201eHogy micsoda?! Tolass vissza!\u00a0Itt ma nem jutsz \u00e1t a t\u00f6megen!\u201d \u2013 reccsent r\u00e1 d\u00fch\u00f6sen, \u00e9s visszament a b\u00e1m\u00e9szkod\u00f3k k\u00f6z\u00e9. <br \/>\n\u00a0<\/div>\n<div style=\"text-align: center;\"><img loading=\"lazy\" decoding=\"async\" src=\"http:\/\/archivum.eloszekelyfold.ro\/wp-content\/uploads\/2021\/12\/foto_12.jpg\" width=\"450\" height=\"292\" alt=\"\"><\/div>\n<div>\nP\u00e1r perc m\u00falva, amikor\u00a0\u00fajabb \u201eh\u00f3rukkoz\u00e1sra\u201d lett figyelmes, nem akart hinni a szem\u00e9nek. Bandi m\u00e9gis megpr\u00f3b\u00e1lta. Mert, ugye, a cs\u00fcl\u00f6k, meg\u00a0a s\u00f6r\u2026 <\/p>\n<p>Az im\u00e9nti forgat\u00f3k\u00f6nyv szerint siker\u00fclt ism\u00e9t kiszabad\u00edtania, de amit akkor mondott, most ink\u00e1bb nem\u00a0id\u00e9zz\u00fck. Bandi ez\u00fattal \u00e9rtett a sz\u00f3b\u00f3l. Mint minden j\u00f3 magyar ember &#8211; csak m\u00e1sodj\u00e1ra. Hiszen tudjuk: ha m\u00e9g egyszer\u00a0azt \u00fczeni\u2026<\/p>\n<p>\u00c1bel aznap, ott, a t\u00f6meg k\u00f6zep\u00e9n, \u0151szint\u00e9n hitt abban, hogy egy olyan \u00faj vil\u00e1g k\u00f6vetkezik, amely \u00e9ppen ellent\u00e9te\u00a0lesz a r\u00e9ginek. A hatalom \u00e1ltal leselejtezett \u00e9s m\u00e1r csak a templomokban \u0151rz\u00f6tt \u00e9rt\u00e9keket majd sz\u00e9pen\u00a0rehabilit\u00e1lj\u00e1k, s azok seg\u00edts\u00e9g\u00e9vel a szabads\u00e1g \u201emegsz\u00fcli\u201d nek\u00fcnk az oly \u00e1h\u00edtott rendet. Nem k\u00edv\u00e1nt sokat, csak\u00a0annyit, hogy a feh\u00e9ret lehessen feh\u00e9rnek nevezni, a feket\u00e9t pedig feket\u00e9nek. De legink\u00e1bb abban hitt, hogy ezt\u00a0minden ember \u00edgy gondolja. (Kiv\u00e9ve persze a kommunist\u00e1kat, de azok \u00e9ppen a menek\u00fcl\u00e9ssel voltak elfoglalva.) Pedig\u00a0ha jobban k\u00f6r\u00fcln\u00e9z, l\u00e1thatta volna, hogy b\u00e1rmily nagy is az \u00faj id\u0151ket \u00fcnnepl\u0151 t\u00f6meg, az igazi sokas\u00e1got azok\u00a0alkotj\u00e1k, akik nincsenek jelen &#8211; Bandi \u00e9s t\u00e1rsai.<\/p>\n<p>Azt\u00e1n elj\u00f6ttek az \u00faj id\u0151k \u00faj (pop)dalaikkal, \u00faj pr\u00f3f\u00e9t\u00e1ikkal \u00e9s mantr\u00e1ikkal. \u00c9s hogy hogy nem, a r\u00e9gi probl\u00e9m\u00e1kat\u00a0nem oldott\u00e1k meg, viszont hoztak d\u00f6givel \u00fajakat, s a megoldatlan feladv\u00e1nyok addig halmoz\u00f3dtak, m\u00edgnem ap\u00e1ti\u00e1ba\u00a0sodort\u00e1k a csodav\u00e1r\u00f3kat is. <\/p>\n<p>Az \u00faj pr\u00f3f\u00e9t\u00e1k k\u00f6zben \u00e9jt napp\u00e1 t\u00e9ve \u00e9p\u00edtett\u00e9k az angolsz\u00e1szok ut\u00e1n szabadon csak\u00a0\u201ep\u00edsz\u00ed\u201d-nek nevezett kar\u00e1mot, amelybe sikeresen beterelt\u00e9k Eur\u00f3pa \u00e9s az \u00c9szak-Amerika gyan\u00fatlan n\u00e9peit. \u00c9s akkor\u00a0vette kezdet\u00e9t csak igaz\u00e1n az ostorpattogtat\u00e1s. A r\u00e9gi jelszavakat \u00e9s hazugs\u00e1gokat \u00fajak v\u00e1ltott\u00e1k fel, aki pedig\u00a0nem hitt ezekben, vagy n\u00e1ci lett, vagy rasszista, vagy homof\u00f3b. A hangosabbakat m\u00e1r kik\u00f6z\u00f6s\u00edtett\u00e9k, a cs\u00f6ndes\u00a0t\u00f6bbs\u00e9g pedig iszonyodva figyeli, mint izzik folyamatosan \u00e9s tettre k\u00e9szen a t\u0171zben tartott billogs\u00fct\u0151. <\/p>\n<p>A\u00a0kommunizmus idej\u00e9n \u201eel\u0151zetesbe\u201d ker\u00fclt \u00e9rt\u00e9kek ma m\u00e1r csak itt-ott, \u201eh\u00e1zi \u0151rizetben\u201d bukkannak fel, helyett\u00fck\u00a0valamif\u00e9le \u00e9rt\u00e9kp\u00f3tl\u00f3 katyvasz dorb\u00e9zol\u00e1sa zajlik, fizetett \u00e9s velej\u00fckig romlott b\u00e9resek ujjong\u00e1sa k\u00f6zepette. De ez\u00a0m\u00e9g nem a v\u00e9g, csak a kezdete. Mert sunyi \u00e1csok \u00e1csolj\u00e1k m\u00e1r a v\u00e1g\u00f3hidat, ide hallik a fejsze csattog\u00e1sa&#8230;<\/p>\n<p>\u00c1bel\u00a0lelk\u00e9ben a rem\u00e9ny szikr\u00e1ja m\u00e9gis felvillant, amikor akadt egy \u00e1llamf\u00e9rfi (nem sok), aki hitt abban, hogy ebb\u0151l a\u00a0kar\u00e1mb\u00f3l m\u00e9g van ki\u00fat, hogy az \u00e1csok kez\u00e9b\u0151l m\u00e9g ki lehet venni a szekerc\u00e9t. Aki maga k\u00f6r\u00e9 sz\u00f3l\u00edtotta cselekv\u00e9sre\u00a0mindazokat, akik \u00fagy gondolj\u00e1k: \u201em\u00e9gis &#8211; m\u00e9gis f\u00e1radozni kell\u201d. Sokan j\u00f6ttek, de nem elegen. Csak a sz\u00edne-vir\u00e1ga,\u00a0akik majd egyszer h\u0151ss\u00e9 v\u00e1lnak. Mint Moh\u00e1csn\u00e1l. <\/p>\n<p>Bandi \u00e9s t\u00e1rsai ez\u00fattalis otthon \u00fcltek a konyh\u00e1ban, \u00e9s tett\u00e9k azt,\u00a0amire hivatottak. Am\u00fagy p\u00e9kn\u00e9 m\u00f3dra. Meg egy\u00e9bk\u00e9nt is: ez csak az els\u0151 \u00fczenet volt.<br \/>\n<em><br \/>\nA felv\u00e9teleket 1989 december\u00e9ben k\u00e9sz\u00edtette Bal\u00e1zs Ferenc Sz\u00e9kelyudvarhelyen.<br \/>\n<\/em><em>\u00c1bel karakter\u00e9t Bencze L\u00e1szl\u00f3 Berta rajzolta.<\/em><br \/>\n\u00a0<\/div>\n<div><em>Megjelent a Magyar Id\u0151k 2016. okt\u00f3ber 8-i sz\u00e1m\u00e1ban.<\/em><\/div>\n<div><em><br \/>\nLakatos Mih\u00e1ly<\/em><\/div>\n<div>\u00a0<\/div>\n<\/p><\/div>\n","protected":false},"excerpt":{"rendered":"<p>1989 december\u00e9ben \u00c1bel ott \u00e1llt a sz\u00e9kelyudvarhelyi rend\u0151rs\u00e9g l\u00e1ngol\u00f3 \u00e9p\u00fclete el\u0151tt a t\u00f6megben, s sz\u00f3tlanul, elhom\u00e1lyosult szemekkel n\u00e9zte, mint roskad mag\u00e1ba a gy\u0171l\u00f6lt int\u00e9zm\u00e9ny tet\u0151szerkezete. Ilyen k\u00f6zelr\u0151l m\u00e9g nem l\u00e1tott t\u0171zv\u00e9szt. Gyermekkor\u00e1ban ugyan egyszer kigyulladt egy h\u00e1z a szomsz\u00e9d utc\u00e1ban, a s\u00f6t\u00e9ten gomolyg\u00f3 f\u00fcst\u00f6t az udvarukr\u00f3l is lehetett l\u00e1tni, de nem mert a helysz\u00edn k\u00f6zel\u00e9be [&hellip;]<\/p>\n","protected":false},"author":1,"featured_media":28224,"comment_status":"open","ping_status":"open","sticky":false,"template":"","format":"standard","meta":{"footnotes":""},"categories":[],"tags":[],"class_list":["post-28223","post","type-post","status-publish","format-standard","has-post-thumbnail","hentry"],"_links":{"self":[{"href":"https:\/\/archivum.eloszekelyfold.ro\/index.php\/wp-json\/wp\/v2\/posts\/28223","targetHints":{"allow":["GET"]}}],"collection":[{"href":"https:\/\/archivum.eloszekelyfold.ro\/index.php\/wp-json\/wp\/v2\/posts"}],"about":[{"href":"https:\/\/archivum.eloszekelyfold.ro\/index.php\/wp-json\/wp\/v2\/types\/post"}],"author":[{"embeddable":true,"href":"https:\/\/archivum.eloszekelyfold.ro\/index.php\/wp-json\/wp\/v2\/users\/1"}],"replies":[{"embeddable":true,"href":"https:\/\/archivum.eloszekelyfold.ro\/index.php\/wp-json\/wp\/v2\/comments?post=28223"}],"version-history":[{"count":0,"href":"https:\/\/archivum.eloszekelyfold.ro\/index.php\/wp-json\/wp\/v2\/posts\/28223\/revisions"}],"wp:featuredmedia":[{"embeddable":true,"href":"https:\/\/archivum.eloszekelyfold.ro\/index.php\/wp-json\/wp\/v2\/media\/28224"}],"wp:attachment":[{"href":"https:\/\/archivum.eloszekelyfold.ro\/index.php\/wp-json\/wp\/v2\/media?parent=28223"}],"wp:term":[{"taxonomy":"category","embeddable":true,"href":"https:\/\/archivum.eloszekelyfold.ro\/index.php\/wp-json\/wp\/v2\/categories?post=28223"},{"taxonomy":"post_tag","embeddable":true,"href":"https:\/\/archivum.eloszekelyfold.ro\/index.php\/wp-json\/wp\/v2\/tags?post=28223"}],"curies":[{"name":"wp","href":"https:\/\/api.w.org\/{rel}","templated":true}]}}