{"id":28221,"date":"2021-12-13T01:49:00","date_gmt":"2021-12-13T01:49:00","guid":{"rendered":"http:\/\/archivum.eloszekelyfold.ro\/2021\/12\/13\/az-erdelyi-magyar-moziert\/"},"modified":"2021-12-13T01:49:00","modified_gmt":"2021-12-13T01:49:00","slug":"az-erdelyi-magyar-moziert","status":"publish","type":"post","link":"https:\/\/archivum.eloszekelyfold.ro\/index.php\/2021\/12\/13\/az-erdelyi-magyar-moziert\/","title":{"rendered":"Az erd\u00e9lyi magyar mozi\u00e9rt"},"content":{"rendered":"<p><\/p>\n<div style=\"color:#666666; font-family:inherit; font-size:14px;font-style: normal;text-align:left;line-height:24px;\">\n<div style=\"float:left\"><img decoding=\"async\" src=\"http:\/\/archivum.eloszekelyfold.ro\/wp-content\/uploads\/2021\/12\/647_tiszta-szvvel-4jpg-b06a1378d9f2331295f77539a38e3cf0.jpg\" alt=\"Az erd\u00e9lyi magyar mozi\u00e9rt\" style=\"padding-right:14px; padding-bottom:6px; padding-top:6px;\" width=\"320px\"><\/div>\n<p>                              J\u00f3 p\u00e1r \u00e9ve \u00e1ldatlan \u00e1llapotok uralkodnak az erd\u00e9lyi magyar filmsz\u00ednh\u00e1zi kult\u00fara ter\u00e9n. <\/p>\n<p>A hagyom\u00e1nyos vet\u00edt\u0151helyek jelent\u0151s r\u00e9sze megsz\u0171nt, s ahol multiplexek l\u00e9tes\u00fcltek &#8211; a nagyobb v\u00e1rosokban &#8211; ott a kereskedelmi jelleg\u0171 moziz\u00e1s, a vil\u00e1g\u00fajdons\u00e1gok, legal\u00e1bb 90%-ban az amerikai filmek folyamatos bemutat\u00e1s\u00e1val zajlik.\u00a0\u00c1ltal\u00e1ban rom\u00e1n felirattal, esetleg szinkronnal. Ami nem felt\u00e9tlen\u00fcl baj. Emellett azonban j\u00f3l elf\u00e9rne egy alternat\u00edv filmsz\u00ednh\u00e1zi h\u00e1l\u00f3zat, amely magyar \u00e9s kelet-k\u00f6z\u00e9p-eur\u00f3pai produkci\u00f3kat t\u0171zhetne m\u0171sorral, s amelyben ak\u00e1r &#8211; az egy\u00e9bk\u00e9nt rejtett &#8211; rom\u00e1n alkot\u00e1sok is j\u00f3l megf\u00e9rhetn\u00e9nek.\u00a0<\/p>\n<p>A Sz\u00e9kelyf\u00f6ld\u00f6n &#8211; Marosv\u00e1s\u00e1rhelyt lesz\u00e1m\u00edtva &#8211; nincsenek klasszikus filmsz\u00ednh\u00e1zak. A leg\u00fat\u00f3bb \u00e9vekben Sepsiszentgy\u00f6rgy\u00f6n, Cs\u00edkszered\u00e1ban \u00e9s Sz\u00e9kelyudvarhelyen is t\u00f6rt\u00e9ntek bizonyos l\u00e9p\u00e9sek, az \u00fcresen kong\u00f3 alkalmas objektumokat \u00e1tvett\u00e9k az \u00f6nkorm\u00e1nyzatok, fel\u00faj\u00edtott\u00e1k \u00e9s k\u00eds\u00e9rleteznek azok moziz\u00e1s c\u00e9ljaira val\u00f3 hasznos\u00edt\u00e1s\u00e1val is. Alkalmas helyis\u00e9gek m\u00e1s v\u00e1rosokban \u00e9s nagyobb k\u00f6zs\u00e9gk\u00f6zpontokban ugyancsak rendelkez\u00e9sre \u00e1llnak.<\/p>\n<p>A filmgy\u00e1rt\u00e1s egyik \u0151shaz\u00e1j\u00e1ban ak\u00e1r vissza is lehetne szoktatni az embereket a k\u00f6z\u00f6ss\u00e9gi filmn\u00e9z\u00e9shez \u00e9s -\u00e9rtelmez\u00e9shez.<\/p>\n<p>December 2-\u00e1n k\u00e9t helysz\u00ednen, azonos id\u0151pontban, este 8 \u00f3r\u00e1t\u00f3l vet\u00edtik Till Attila Tiszta sz\u00edvvel c\u00edm\u0171 filmj\u00e9t, amelyet a gy\u00e1rt\u00f3 Oscar-nevez\u00e9sre aj\u00e1nlott. Az aj\u00e1nl\u00e1s pillanatnyilag d\u00f6nt\u00e9s-el\u0151k\u00e9sz\u00edt\u00e9si f\u00e1zisban van, val\u00f3sz\u00edn\u0171s\u00edthet\u0151, hogy a produkci\u00f3 &#8211; amely rendelkezik a sz\u00fcks\u00e9ges eszt\u00e9tikai \u00e9rt\u00e9kekkel &#8211; sikeres nemzetk\u00f6zi karrier el\u0151tt \u00e1ll. (<em>L\u00e1sd lennebb az eddigi elismer\u00e9seket \u00e9s fesztiv\u00e1lszerepl\u00e9seket!<\/em>)<\/p>\n<p><strong>Kolozsv\u00e1ron<\/strong>\u00a0a Filmtett Egyes\u00fclet szervezi a vet\u00edt\u00e9st, amelyet k\u00f6z\u00f6ns\u00e9gtal\u00e1lkoz\u00f3 k\u00f6vet, amelyen jelen lesz az egyik szerepl\u0151, Th\u00far\u00f3czy Bal\u00e1zs is. Helysz\u00edn: Gy\u0151zelem\/ Victoria mozi \u2013 dec. 2., 20:00; dec. 4., 15:00; dec. 5., 17:30; dec. 6., 15:30; dec. 7.,\u00a017:30, illetve:\u00a0Kolozsv\u00e1r \u2013\u00a0Florin Piersic\/ Republica mozi \u2013 dec. 2\u20134., 17:00<\/p>\n<p><strong>Sz\u00e9kelyudvarhelyen\u00a0<\/strong>a kor\u00e1bbi Olympia\/ St\u00fadi\u00f3 moziban j\u00e1tssz\u00e1k, amely Szab\u00f3 K\u00e1roly operat\u0151r-filmredez\u0151, a Documentary Studio tulajdonosa szervez\u00e9s\u00e9ben val\u00f3sul meg.<br \/>\n<strong><br \/>\nK\u00eds\u00e9rlet orsz\u00e1gos n\u00e9pszer\u0171s\u00edt\u00e9sre is<\/strong><\/p>\n<p>A <em>Tiszta sz\u00edvvel <\/em>c\u00edm\u0171 akci\u00f3-v\u00edgj\u00e1t\u00e9kot tov\u00e1bbi 8 v\u00e1rosban &#8211; k\u00f6zt\u00fck reg\u00e1ti helysz\u00edneken is &#8211; j\u00e1tssz\u00e1k a december 2-t\u00f3l kibontakoz\u00f3 orsz\u00e1gos kamp\u00e1ny sor\u00e1n. <\/p>\n<p>A Filmtett Egyes\u00fcletnek ez az els\u0151 pr\u00f3b\u00e1lkoz\u00e1sa, hogy magyar filmek sz\u00e1m\u00e1ra orsz\u00e1gos kamp\u00e1nyt szervezzen Rom\u00e1ni\u00e1ban.<\/p>\n<div><strong>Tov\u00e1bbi vet\u00edt\u00e9sek<br \/>\n<\/strong><br \/>\n<strong>Beszterce<\/strong> \u2013 Dacia mozi \u2013 december 3., 14:00; december 5., 15:45<\/div>\n<div><strong>Brass\u00f3<\/strong> \u2013 One mozi (3-as terem) \u2013 dec. 2\u20138., 16:00<\/div>\n<div><strong>Bukarest<\/strong> \u2013 Elvire Popesco mozi \u2013 dec. 13-\u00e1t\u00f3l<\/div>\n<div><strong>K\u00e9zdiv\u00e1s\u00e1rhely<\/strong> \u2013 Vigad\u00f3 M\u0171vel\u0151d\u00e9si H\u00e1z \u2013 dec. 12.<\/div>\n<div><strong>Kov\u00e1szna<\/strong> \u2013 V\u00e1rosi M\u0171vel\u0151d\u00e9si H\u00e1z \u2013 dec. 2., 19:00; dec. 7., 18:00<\/div>\n<div><strong>Marosv\u00e1s\u00e1rhely<\/strong> \u2013 \u00a0M\u0171v\u00e9sz mozi \u2013 dec. 2\u20137., 18:00<br \/>\n<strong>Szatm\u00e1rn\u00e9meti <\/strong>\u2013 Ankora mozi: dec. 2., 18:40; dec. 3\u20134., 16:40; dec. 6., 21:40; dec. 8., 21:10<br \/>\n<strong>Temesv\u00e1r<\/strong> \u2013 Timi\u0219 mozi \u2013 dec. 2\u20138., 15:00.<\/div>\n<div>\u00a0<\/div>\n<div style=\"text-align: center;\"><embed type=\"application\/x-shockwave-flash\" pluginspage=\"http:\/\/www.macromedia.com\/go\/getflashplayer\" src=\"http:\/\/www.youtube.com\/v\/4vUk1v6jEgk%26hl=en%26fs=1%26rel=0%26ap=%2526fmt=18\" width=\"425\" height=\"344\"><\/embed><\/div>\n<div style=\"text-align: center;\">\n<strong>Tiszta sz\u00edvvel (Kills on Wheels\/ Cu inima curata) &#8211; 101&#8242;, 2015 &#8211; magyar akci\u00f3-v\u00edgj\u00e1t\u00e9k, Laokoon Films<\/strong><\/p>\n<p><strong><span style=\"color: rgb(51, 51, 51); font-family: Roboto, arial, sans-serif; font-size: 13px; line-height: 17px;\">Akci\u00f3-v\u00edgj\u00e1t\u00e9k egy kerekessz\u00e9kes band\u00e1r\u00f3l, ahol k\u00e9t mozg\u00e1ss\u00e9r\u00fclt fiatal k\u00f6zeli bar\u00e1ts\u00e1got k\u00f6t egy vag\u00e1ny kerekesssz\u00e9kes b\u00e9rgyilkossal. \u00cdgy a maffia szolg\u00e1lat\u00e1ba \u00e1llnak. Sok vesztenival\u00f3juk nincs a szerepl\u0151knek, b\u00e1r ebben a kalandban semmi nem az, aminek l\u00e1tszik. Nincs hat\u00e1r fant\u00e1zia \u00e9s val\u00f3s\u00e1g k\u00f6z\u00f6tt, mik\u00f6zben h\u0151seink egyik t\u0171zp\u00e1rbajb\u00f3l vet\u0151dnek a m\u00e1sikba, megismerj\u00fck a kerekessz\u00e9kben t\u00f6lt\u00f6tt midennapok kih\u00edv\u00e1sait. Ezent\u00fal m\u00e9g azt is \u00e1t\u00e9lhetj\u00fck, hogyan bocs\u00e1t meg az apj\u00e1nak egy elhagyott fi\u00fa.<\/span><\/strong><span style=\"color: rgb(51, 51, 51); font-family: Roboto, arial, sans-serif; font-size: 13px; line-height: 17px;\"><\/p>\n<p><\/span><\/div>\n<p><span style=\"color: rgb(51, 51, 51); font-family: Roboto, arial, sans-serif; font-size: 13px; line-height: 17px;\"><\/p>\n<div style=\"text-align: center;\"><img loading=\"lazy\" decoding=\"async\" src=\"http:\/\/archivum.eloszekelyfold.ro\/wp-content\/uploads\/2021\/12\/tiszta_szivvel_plakat_allo.jpg\" width=\"500\" height=\"681\" alt=\"\"><\/div>\n<div style=\"text-align: center;\"><em>A film (egyik) plak\u00e1tja<\/em><\/div>\n<p><\/span><\/p>\n<div style=\"text-align: center;\"><strong> <\/strong><\/div>\n<div style=\"text-align: center;\">\u00a0<\/div>\n<p><strong><\/p>\n<div style=\"text-align: center;\"><font color=\"#333333\" face=\"Roboto, arial, sans-serif\"><span style=\"font-size: 13px; line-height: 17px;\">rendez\u0151: TILL ATTILA<\/span><\/font><strong>\u00a0<\/strong><\/div>\n<p><\/strong><\/p>\n<div style=\"text-align: center;\"><strong> <font color=\"#333333\" face=\"Roboto, arial, sans-serif\"><span style=\"font-size: 13px; line-height: 17px;\">operat\u0151r: Juh\u00e1sz Imre<br \/>\n<\/span><\/font><font color=\"#333333\" face=\"Roboto, arial, sans-serif\"><span style=\"font-size: 13px; line-height: 17px;\">zene: Kalot\u00e1s Csaba<\/span><\/font><br \/>\n<font color=\"#333333\" face=\"Roboto, arial, sans-serif\"><span style=\"font-size: 13px; line-height: 17px;\">producer: Stalter Judit<br \/>\n<\/span><\/font><font color=\"#333333\" face=\"Roboto, arial, sans-serif\"><span style=\"font-size: 13px; line-height: 17px;\">\u00a0 v\u00e1g\u00f3: Goth\u00e1r M\u00e1rton\u00a0<\/span><\/font>\u00a0<br \/>\n<\/strong><\/div>\n<div><strong>\u00a0<\/strong><\/div>\n<p><strong><\/p>\n<div style=\"text-align: center;\"><font color=\"#333333\" face=\"Roboto, arial, sans-serif\"><span style=\"font-size: 13px; line-height: 17px;\">Szerepl\u0151k:\u00a0<br \/>\n<br type=\"_moz\"><br \/>\n<\/span><\/font><\/div>\n<p><\/strong>            <strong><\/p>\n<div style=\"text-align: center;\"><font color=\"#333333\" face=\"Roboto, arial, sans-serif\"><span style=\"font-size: 13px; line-height: 17px;\">Fekete \u00c1d\u00e1m (Barba Papa)<br \/>\n<\/span><\/font><strong><font color=\"#333333\" face=\"Roboto, arial, sans-serif\"><span style=\"font-size: 13px; line-height: 17px;\">Danish L\u00eddia (\u00c9vi)<br \/>\n<\/span><\/font><\/strong><strong><strong>\u00a0<\/strong><font color=\"#333333\" face=\"Roboto, arial, sans-serif\"><span style=\"font-size: 13px; line-height: 17px;\">Thur\u00f3czy Szabolcs (Rupaszov)<br \/>\n<\/span><\/font><\/strong><strong><font color=\"#333333\" face=\"Roboto, arial, sans-serif\"><span style=\"font-size: 13px; line-height: 17px;\">Balsai M\u00f3nika (Zita)<br \/>\n<\/span><\/font><\/strong><strong><strong>\u00a0<\/strong><font color=\"#333333\" face=\"Roboto, arial, sans-serif\"><span style=\"font-size: 13px; line-height: 17px;\">Fenyvesi Zolt\u00e1n (Zolika)<\/span><\/font><\/strong><\/div>\n<p><font color=\"#333333\" face=\"Roboto, arial, sans-serif\"><span style=\"font-size: 13px; line-height: 17px;\"> <br \/>\n<\/span><\/font><\/p>\n<div style=\"text-align: center;\"><font color=\"#333333\" face=\"Roboto, arial, sans-serif\"><span style=\"font-size: 13px; line-height: 17px;\">D\u00edjak a bemutat\u00f3t k\u00f6vet\u0151 h\u00f3napokban: \u2013 Arras L&#8217;Autre Cinema \u2013 a filmkritikus zs\u0171ri d\u00edja, az ifj\u00fas\u00e1gi zs\u0171ri d\u00edja, k\u00f6z\u00f6ns\u00e9gd\u00edj;\u00a0<\/span><\/font><font color=\"#333333\" face=\"Roboto, arial, sans-serif\"><span style=\"font-size: 13px; line-height: 17px;\">Chicago Nemzetk\u00f6zi Filmfesztiv\u00e1l \u2013 Roger Ebert-d\u00edj;\u00a0<\/span><\/font><font color=\"#333333\" face=\"Roboto, arial, sans-serif\"><span style=\"font-size: 13px; line-height: 17px;\">Cottbus Filmfesztiv\u00e1l \u2013 FIPRESCI-d\u00edj, az \u00f6kumenikus zs\u0171ri d\u00edja;\u00a0<\/span><\/font><font color=\"#333333\" face=\"Roboto, arial, sans-serif\"><span style=\"font-size: 13px; line-height: 17px;\">Luxembourg Cin\u00c9ast \u2013 a zs\u0171ri k\u00fcl\u00f6nd\u00edja;\u00a0<\/span><\/font><font color=\"#333333\" face=\"Roboto, arial, sans-serif\"><span style=\"font-size: 13px; line-height: 17px;\">Palicsi Nemzetk\u00f6zi Filmfesztiv\u00e1l \u2013 k\u00f6z\u00f6ns\u00e9gd\u00edj;\u00a0<\/span><\/font><font color=\"#333333\" face=\"Roboto, arial, sans-serif\"><span style=\"font-size: 13px; line-height: 17px;\">Thesszaloniki Nemzetk\u00f6zi Filmfesztiv\u00e1l \u2013 Golden Alexander (a fesztiv\u00e1l f\u0151d\u00edja), a legjobb sz\u00edn\u00e9sz d\u00edja\u00a0<\/span><\/font><font color=\"#333333\" face=\"Roboto, arial, sans-serif\"><span style=\"font-size: 13px; line-height: 17px;\">Fenyvesi Zolt\u00e1nnak, Thur\u00f3czy Szabolcsnak \u00e9s Fekete \u00c1d\u00e1mnak;\u00a0<\/span><\/font><font color=\"#333333\" face=\"Roboto, arial, sans-serif\"><span style=\"font-size: 13px; line-height: 17px;\">Los Angeles-i Magyar Filmfesztiv\u00e1l \u2013 a legjobb film \u00e9s a legjobb sz\u00edn\u00e9sz d\u00edja (Thur\u00f3czy Szabolcs).<br \/>\n<\/span><\/font><\/div>\n<p><font color=\"#333333\" face=\"Roboto, arial, sans-serif\"><span style=\"font-size: 13px; line-height: 17px;\"> <br \/>\nA produkci\u00f3 17 nemzetk\u00f6zi filmfesztiv\u00e1lon szerepelt, illetve van versenyben jelen pillanatban.<\/span><\/font><\/strong><\/p>\n<div style=\"text-align: center;\">\u00a0<font color=\"#333333\" face=\"Roboto, arial, sans-serif\"><span style=\"font-size: 13px; line-height: 17px;\"><br \/>\n<\/span><\/font><\/div>\n<div style=\"text-align: center;\"><strong><font color=\"#333333\" face=\"Roboto, arial, sans-serif\"><span style=\"font-size: 13px; line-height: 17px;\">A filmet 16 \u00e9ven fel\u00fclieknek aj\u00e1nlj\u00e1k!<\/span><\/font><\/strong><\/div>\n<div style=\"text-align: center;\">\u00a0<\/div>\n<div style=\"text-align: left;\"><em style=\"color: rgb(51, 51, 51); font-family: Roboto, arial, sans-serif; font-size: 13px; line-height: 17px;\">A c\u00edmk\u00e9p Abai R\u00f3bert felv\u00e9tele.<\/em><\/p>\n<p><em><span style=\"color: rgb(51, 51, 51); font-family: Roboto, arial, sans-serif; font-size: 13px; line-height: 17px;\">\u00c9l\u0151 Sz\u00e9kelyf\u00f6ld Munkacsoport<\/span><\/em><\/div>\n<\/p><\/div>\n","protected":false},"excerpt":{"rendered":"<p>J\u00f3 p\u00e1r \u00e9ve \u00e1ldatlan \u00e1llapotok uralkodnak az erd\u00e9lyi magyar filmsz\u00ednh\u00e1zi kult\u00fara ter\u00e9n. A hagyom\u00e1nyos vet\u00edt\u0151helyek jelent\u0151s r\u00e9sze megsz\u0171nt, s ahol multiplexek l\u00e9tes\u00fcltek &#8211; a nagyobb v\u00e1rosokban &#8211; ott a kereskedelmi jelleg\u0171 moziz\u00e1s, a vil\u00e1g\u00fajdons\u00e1gok, legal\u00e1bb 90%-ban az amerikai filmek folyamatos bemutat\u00e1s\u00e1val zajlik.\u00a0\u00c1ltal\u00e1ban rom\u00e1n felirattal, esetleg szinkronnal. Ami nem felt\u00e9tlen\u00fcl baj. Emellett azonban j\u00f3l elf\u00e9rne egy [&hellip;]<\/p>\n","protected":false},"author":1,"featured_media":28222,"comment_status":"open","ping_status":"open","sticky":false,"template":"","format":"standard","meta":{"footnotes":""},"categories":[],"tags":[],"class_list":["post-28221","post","type-post","status-publish","format-standard","has-post-thumbnail","hentry"],"_links":{"self":[{"href":"https:\/\/archivum.eloszekelyfold.ro\/index.php\/wp-json\/wp\/v2\/posts\/28221","targetHints":{"allow":["GET"]}}],"collection":[{"href":"https:\/\/archivum.eloszekelyfold.ro\/index.php\/wp-json\/wp\/v2\/posts"}],"about":[{"href":"https:\/\/archivum.eloszekelyfold.ro\/index.php\/wp-json\/wp\/v2\/types\/post"}],"author":[{"embeddable":true,"href":"https:\/\/archivum.eloszekelyfold.ro\/index.php\/wp-json\/wp\/v2\/users\/1"}],"replies":[{"embeddable":true,"href":"https:\/\/archivum.eloszekelyfold.ro\/index.php\/wp-json\/wp\/v2\/comments?post=28221"}],"version-history":[{"count":0,"href":"https:\/\/archivum.eloszekelyfold.ro\/index.php\/wp-json\/wp\/v2\/posts\/28221\/revisions"}],"wp:featuredmedia":[{"embeddable":true,"href":"https:\/\/archivum.eloszekelyfold.ro\/index.php\/wp-json\/wp\/v2\/media\/28222"}],"wp:attachment":[{"href":"https:\/\/archivum.eloszekelyfold.ro\/index.php\/wp-json\/wp\/v2\/media?parent=28221"}],"wp:term":[{"taxonomy":"category","embeddable":true,"href":"https:\/\/archivum.eloszekelyfold.ro\/index.php\/wp-json\/wp\/v2\/categories?post=28221"},{"taxonomy":"post_tag","embeddable":true,"href":"https:\/\/archivum.eloszekelyfold.ro\/index.php\/wp-json\/wp\/v2\/tags?post=28221"}],"curies":[{"name":"wp","href":"https:\/\/api.w.org\/{rel}","templated":true}]}}