{"id":28219,"date":"2021-12-13T01:47:00","date_gmt":"2021-12-13T01:47:00","guid":{"rendered":"http:\/\/archivum.eloszekelyfold.ro\/2021\/12\/13\/az-unesco-ujratargyalja-a-csiksomlyoi-bucsu-ugyet\/"},"modified":"2021-12-13T01:47:00","modified_gmt":"2021-12-13T01:47:00","slug":"az-unesco-ujratargyalja-a-csiksomlyoi-bucsu-ugyet","status":"publish","type":"post","link":"https:\/\/archivum.eloszekelyfold.ro\/index.php\/2021\/12\/13\/az-unesco-ujratargyalja-a-csiksomlyoi-bucsu-ugyet\/","title":{"rendered":"Az UNESCO \u00fajrat\u00e1rgyalja a cs\u00edksomly\u00f3i b\u00facs\u00fa \u00fcgy\u00e9t"},"content":{"rendered":"<p><\/p>\n<div style=\"color:#666666; font-family:inherit; font-size:14px;font-style: normal;text-align:left;line-height:24px;\">\n<div style=\"float:left\"><img decoding=\"async\" src=\"http:\/\/archivum.eloszekelyfold.ro\/wp-content\/uploads\/2021\/12\/648_bucsu-2016.jpg\" alt=\"Az UNESCO \u00fajrat\u00e1rgyalja a cs\u00edksomly\u00f3i b\u00facs\u00fa \u00fcgy\u00e9t\" style=\"padding-right:14px; padding-bottom:6px; padding-top:6px;\" width=\"320px\"><\/div>\n<p>                              \u00c9vek \u00f3ta tart a huzavona a cs\u00edksomly\u00f3i zar\u00e1ndoklat felv\u00e9tel\u00e9r\u0151l az emberis\u00e9g szellemi kultur\u00e1lis \u00f6r\u00f6ks\u00e9gi list\u00e1j\u00e1ra. \u00dagy n\u00e9zett ki, hogy az Addisz-Abeb\u00e1ban tartott \u00fcl\u00e9s ezt most j\u00f3v\u00e1hagyja, de nem \u00edgy t\u00f6rt\u00e9nt. T\u00f6bb f\u00f3rumon is megd\u00f6bben\u00e9ssel vett\u00e9k ezt tudom\u00e1sul egyh\u00e1zi \u00e9s vil\u00e1gi berkekben. <\/p>\n<p>\u00dagy n\u00e9z ki azonban van rem\u00e9ny arra, hogy a b\u00facs\u00fa \u00fcgy\u00e9t \u00fajrat\u00e1rgyalj\u00e1k. Az Egyes\u00fclt Nemzetek Nevel\u00e9s\u00fcgyi, Tudom\u00e1nyos \u00e9s Kultur\u00e1lis Szervezet\u00e9nek (UNESCO) illet\u00e9kes korm\u00e1nyk\u00f6zi bizotts\u00e1ga k\u00f6vetkez\u0151 \u00fcl\u00e9s\u00e9n ism\u00e9t t\u00e1rgyalni fog a cs\u00edksomly\u00f3i b\u00facs\u00fanak az UNESCO szellemi kultur\u00e1lis \u00f6r\u00f6ks\u00e9gi list\u00e1j\u00e1ra val\u00f3 felv\u00e9tel\u00e9r\u0151l &#8211; jelentette be a m\u0171vel\u0151d\u00e9si miniszt\u00e9rium.<\/p>\n<p>&#8222;Rom\u00e1nia \u00e9s a Moldovai K\u00f6zt\u00e1rsas\u00e1g k\u00f6z\u00f6s javaslat\u00e1ra a kultur\u00e1lis miniszt\u00e9riumnak siker\u00fclt el\u00e9rnie, hogy a rom\u00e1niai \u00e9s moldovai falisz\u0151nyegsz\u00f6v\u00e9s felker\u00fclj\u00f6n az emberis\u00e9g szellemi kultur\u00e1lis \u00f6r\u00f6ks\u00e9g\u00e9nek reprezentat\u00edv list\u00e1j\u00e1ra. (&#8230;) Emellett Rom\u00e1nia a cs\u00edksomly\u00f3i zar\u00e1ndoklat felv\u00e9tel\u00e9t is javasolta. Az ezzel kapcsolatos dosszi\u00e9 kieg\u00e9sz\u00edt\u00e9sre szorul, \u00e9s az UNESCO Szellemi Kultur\u00e1lis \u00d6r\u00f6ks\u00e9g Korm\u00e1nyk\u00f6zi Bizotts\u00e1g\u00e1nak k\u00f6vetkez\u0151 \u00fcl\u00e9s\u00e9n ism\u00e9t t\u00e1rgyalni fognak az el\u0151terjeszt\u00e9sr\u0151l&#8221; &#8211; der\u00fcl ki a szakt\u00e1rca honlapj\u00e1n megjelent t\u00e1j\u00e9koztat\u00e1sb\u00f3l. Az UNESCO Szellemi Kultur\u00e1lis \u00d6r\u00f6ks\u00e9g Korm\u00e1nyk\u00f6zi Bizotts\u00e1ga november 28. \u00e9s december 2. k\u00f6z\u00f6tt \u00fcl\u00e9sezett Addisz-Abeb\u00e1ban, Rom\u00e1ni\u00e1t az Alexandru Oprean kultur\u00e1lis miniszt\u00e9riumi \u00e1llamtitk\u00e1r vezette szak\u00e9rt\u0151i k\u00fcld\u00f6tts\u00e9g k\u00e9pviselte az egyeztet\u00e9sen.<\/p>\n<p><em>A c\u00edmk\u00e9pet Sim\u00f3 M\u00e1rton k\u00e9s\u00edztette a 2016-os b\u00facs\u00fa alkalm\u00e1val.\u00a0<\/em><\/p>\n<p><em>Forr\u00e1s: Agerpres<\/p>\n<p>\u00c9l\u0151 Sz\u00e9kelyf\u00f6ld Munkacsoport<\/em>\n                        <\/div>\n","protected":false},"excerpt":{"rendered":"<p>\u00c9vek \u00f3ta tart a huzavona a cs\u00edksomly\u00f3i zar\u00e1ndoklat felv\u00e9tel\u00e9r\u0151l az emberis\u00e9g szellemi kultur\u00e1lis \u00f6r\u00f6ks\u00e9gi list\u00e1j\u00e1ra. \u00dagy n\u00e9zett ki, hogy az Addisz-Abeb\u00e1ban tartott \u00fcl\u00e9s ezt most j\u00f3v\u00e1hagyja, de nem \u00edgy t\u00f6rt\u00e9nt. T\u00f6bb f\u00f3rumon is megd\u00f6bben\u00e9ssel vett\u00e9k ezt tudom\u00e1sul egyh\u00e1zi \u00e9s vil\u00e1gi berkekben. \u00dagy n\u00e9z ki azonban van rem\u00e9ny arra, hogy a b\u00facs\u00fa \u00fcgy\u00e9t \u00fajrat\u00e1rgyalj\u00e1k. Az Egyes\u00fclt [&hellip;]<\/p>\n","protected":false},"author":1,"featured_media":28220,"comment_status":"open","ping_status":"open","sticky":false,"template":"","format":"standard","meta":{"footnotes":""},"categories":[],"tags":[],"class_list":["post-28219","post","type-post","status-publish","format-standard","has-post-thumbnail","hentry"],"_links":{"self":[{"href":"https:\/\/archivum.eloszekelyfold.ro\/index.php\/wp-json\/wp\/v2\/posts\/28219","targetHints":{"allow":["GET"]}}],"collection":[{"href":"https:\/\/archivum.eloszekelyfold.ro\/index.php\/wp-json\/wp\/v2\/posts"}],"about":[{"href":"https:\/\/archivum.eloszekelyfold.ro\/index.php\/wp-json\/wp\/v2\/types\/post"}],"author":[{"embeddable":true,"href":"https:\/\/archivum.eloszekelyfold.ro\/index.php\/wp-json\/wp\/v2\/users\/1"}],"replies":[{"embeddable":true,"href":"https:\/\/archivum.eloszekelyfold.ro\/index.php\/wp-json\/wp\/v2\/comments?post=28219"}],"version-history":[{"count":0,"href":"https:\/\/archivum.eloszekelyfold.ro\/index.php\/wp-json\/wp\/v2\/posts\/28219\/revisions"}],"wp:featuredmedia":[{"embeddable":true,"href":"https:\/\/archivum.eloszekelyfold.ro\/index.php\/wp-json\/wp\/v2\/media\/28220"}],"wp:attachment":[{"href":"https:\/\/archivum.eloszekelyfold.ro\/index.php\/wp-json\/wp\/v2\/media?parent=28219"}],"wp:term":[{"taxonomy":"category","embeddable":true,"href":"https:\/\/archivum.eloszekelyfold.ro\/index.php\/wp-json\/wp\/v2\/categories?post=28219"},{"taxonomy":"post_tag","embeddable":true,"href":"https:\/\/archivum.eloszekelyfold.ro\/index.php\/wp-json\/wp\/v2\/tags?post=28219"}],"curies":[{"name":"wp","href":"https:\/\/api.w.org\/{rel}","templated":true}]}}