{"id":28217,"date":"2021-12-13T01:45:01","date_gmt":"2021-12-13T01:45:01","guid":{"rendered":"http:\/\/archivum.eloszekelyfold.ro\/2021\/12\/13\/testverlatogatoban-a-kereszturiak-6\/"},"modified":"2021-12-13T01:45:01","modified_gmt":"2021-12-13T01:45:01","slug":"testverlatogatoban-a-kereszturiak-6","status":"publish","type":"post","link":"https:\/\/archivum.eloszekelyfold.ro\/index.php\/2021\/12\/13\/testverlatogatoban-a-kereszturiak-6\/","title":{"rendered":"Testv\u00e9rl\u00e1togat\u00f3ban a kereszt\u00fariak (6.)"},"content":{"rendered":"<p><\/p>\n<div style=\"color:#666666; font-family:inherit; font-size:14px;font-style: normal;text-align:left;line-height:24px;\">\n<div style=\"float:left\"><img decoding=\"async\" src=\"http:\/\/archivum.eloszekelyfold.ro\/wp-content\/uploads\/2021\/12\/650_31256786451_bee4fb5d56_z_(1).jpg\" alt=\"Testv\u00e9rl\u00e1togat\u00f3ban a kereszt\u00fariak (6.)\" style=\"padding-right:14px; padding-bottom:6px; padding-top:6px;\" width=\"320px\"><\/div>\n<p>                              <span style=\"color: rgb(34, 34, 34); font-family: arial, sans-serif; font-size: 12.8px;\">A mai nap legfontosabb tanuls\u00e1ga tal\u00e1n az, hogy van egy m\u00e1sik tartalom, a val\u00f3s\u00e1gnak egy m\u00e1sik oldala, ahov\u00e1 elvisz k\u00e9pzelet, a v\u00e1gy, vagy a sz\u00fcks\u00e9g. <\/p>\n<p>A k\u00e9pek m\u00f6g\u00f6tt, a gr\u00e1nitpartos \u00f3ce\u00e1n m\u00f6g\u00f6tt, vagy \u00e9ppen az \u00e9nekl\u00e9s vezet r\u00e1 erre a tartalomra. Ami mindig ott van, \u00e9s nem v\u00e1ltozik.<\/p>\n<p><\/span><span style=\"color: rgb(34, 34, 34); font-family: arial, sans-serif; font-size: 12.8px;\">H\u00e1rom dolgot szeretn\u00e9k a amai nappal kapcsolatban le\u00edrni.<\/span><\/p>\n<div style=\"color: rgb(34, 34, 34); font-family: arial, sans-serif; font-size: 12.8px;\">\u00a0<\/div>\n<div style=\"color: rgb(34, 34, 34); font-family: arial, sans-serif; font-size: 12.8px;\"><strong>2016.december 1., cs\u00fct\u00f6rt\u00f6k<br \/>\n<\/strong><strong>(Egy a nap az \u00f3ce\u00e1n partj\u00e1r\u00f3l)\u00a0<\/strong><\/p>\n<p>Az egyik a Cape Ann m\u00fazeumban l\u00e1tott k\u00e9pek, a m\u00e1sik a bazaltszikl\u00e1s tengerpart, s a harmadik az esti \u00e9nekl\u00e9si \u00e9lm\u00e9ny. Fitz Henry Lane fest\u00e9szet\u00e9t mutatt\u00e1k meg. \u0150 itt sz\u00fcletett, itt \u00e9lt, \u00e9s itt dolgozott Gloucesterben. \u00c9p\u00edtett egy h\u00e1zat mag\u00e1nak az \u00f3ce\u00e1n partj\u00e1n, \u00e9s onnan festett. A j\u00e1r\u00e1sa neh\u00e9zkes volt, nem voltak nagyon bar\u00e1tai, nem v\u00e1llalt tan\u00edtv\u00e1nyokat, a k\u00e9peit nem \u00edrta al\u00e1, \u00e9s nem is nagyon adott c\u00edmet nekik. A f\u00e9nyek fest\u0151jek\u00e9nt tartj\u00e1k sz\u00e1mon. \u00c9rdekes a p\u00e1rhuzam Csontv\u00e1ryval, vagyis \u00e9n sok p\u00e1rhuzamot l\u00e1tok kettej\u00fck k\u00f6z\u00f6tt. Mindkett\u0151 19.szazadi, a f\u00e9nyekkel dolgoznak. Egyik k\u00e9pe k\u00fcl\u00f6n\u00f6sen megfogott, amit hal\u00e1la el\u0151tt k\u00e9t \u00e9vvel festett. Napnyugta, k\u00f6vek, nagyon csendesen gy\u0171r\u0171z\u0151 v\u00edz. Suttog\u00e1s.\u00a0<br \/>\n\u00a0<\/div>\n<div style=\"color: rgb(34, 34, 34); font-family: arial, sans-serif; font-size: 12.8px; text-align: center;\"><img loading=\"lazy\" decoding=\"async\" src=\"http:\/\/archivum.eloszekelyfold.ro\/wp-content\/uploads\/2021\/12\/Fritz_Henry_Lane.jpg\" width=\"500\" height=\"327\" alt=\"\"><\/div>\n<div style=\"color: rgb(34, 34, 34); font-family: arial, sans-serif; font-size: 12.8px; text-align: center;\"><em>\u00a0 Fitz Henry Lane (1804-1865) Gloucester harbour (1859)<\/em><br \/>\n\u00a0<\/div>\n<div style=\"color: rgb(34, 34, 34); font-family: arial, sans-serif; font-size: 12.8px;\">A m\u00e1sodik \u00e9lm\u00e9nyem a tengerpart volt. A bazaltos szikl\u00e1k \u00e9s a h\u00e1borg\u00f3 v\u00edz tal\u00e1lkoz\u00e1sa. Nagyon nagy er\u0151k fesz\u00fcltek egym\u00e1snak. Hideg volt, \u00e9s f\u00fajt a sz\u00e9l. Az \u00f3ce\u00e1n h\u00e1borgott. Paul Tillich jutott eszembe err\u0151l az \u00e9lm\u00e9nyr\u0151l. Neki is a kedvenc helye az \u00f3ce\u00e1npart volt. Ott szeretett \u00fclni, \u00e9s n\u00e9zni a nagy vizet, ahogy a sz\u00e1razf\u00f6l, a m\u00e9lys\u00e9g \u00e9s a magass\u00e1g tal\u00e1lkozik. Egy felsz\u00edni gr\u00e1nitb\u00e1nya mellett ment\u00fcnk le az \u00f3ce\u00e1n partra. Felhagyt\u00e1k a kitermel\u00e9st, mert felt\u00f6rt a v\u00edz. Nem tudom sajnos a neveket megjegyezni. Valahol Bostont\u00f3l \u00c9szakra voltunk. Innen sok gr\u00e1nitot vittek haj\u00f3n Bostonba. Most is vannak csal\u00e1di tulajdonban l\u00e9v\u0151 b\u00e1ny\u00e1k, de m\u00e1r nagyon kevesen foglalkoznak a gr\u00e1nittal.<\/p>\n<p>A harmadik \u00e9lm\u00e9nyem az esti \u00e9nekl\u00e9s. A concordi egyh\u00e1zk\u00f6zs\u00e9gben van egy kis k\u00f3rus. Az a nev\u00fck, hogy By your side singers, vagyis A te oldaladon. Ez egy ter\u00e1pi\u00e1s \u00e9nekl\u00e9s. Betegekhez mennek el, \u00e9s nagyon hallkan \u00e9nekelnek. Sz\u00f3lamban is, d\u00fadolva is. K\u00f6rbe \u00fclt\u00fcnk a pr\u00f3b\u00e1n. Egy sz\u00e9k \u00a0volt k\u00f6z\u00e9pre bet\u00e9ve, \u00e9s a k\u00f3rus tagjai szerre be\u00fcltek a sz\u00e9kbe. A t\u00f6bbiek neki \u00e9nekelt\u00fcnk. Elj\u00e1rnak h\u00e1zakhoz, hospicebe, k\u00f3rh\u00e1zba, vagy \u00f6regotthonokba. Ez egy szolg\u00e1lat, amit \u00f6nk\u00e9ntesen v\u00e9gez ez a csoport. Jelzik, hogy hol van beteg, vagy haldokl\u00f3, \u00e9s oda mennek. A csal\u00e1dokkal egy\u00fctt vannak.<\/p>\n<p>Eszembe jutottak azok az est\u00e9k, amikor Alm\u00e1son n\u00e9h\u00e1nyszor pap\u00f3val elmentem a halottas h\u00e1zhoz. Be\u00fclt\u00fcnk az \u00e9nekl\u0151k k\u00f6z\u00e9. Ott sem az volt a l\u00e9nyeg, hogy milyen hangosan \u00e9nekl\u00fcnk. A csal\u00e1ddal, a rokons\u00e1ggal, az \u00e9nekl\u0151kkel \u00e9s a halottal voltunk egy\u00fctt. Milyen \u0151si, milyen emberi. Milyen egyszer\u0171. Elsiratni, \u00e9nekben elmondani, hogy f\u00e1j. Hogy ki volt\u00e1l. Hogy nem tudunk semmit tenni. Nem tudunk. Meggy\u00f3gy\u00edtani. Hagyunk elmenni. Vagy \u00e9ppen biztat\u00f3an, t\u00e1mogat\u00f3an \u00e9nekelni. Ter\u00e1pi\u00e1s csoport, \u00e9nekelnek.<br \/>\n\u00a0<\/div>\n<div style=\"color: rgb(34, 34, 34); font-family: arial, sans-serif; font-size: 12.8px; text-align: center;\"><img loading=\"lazy\" decoding=\"async\" src=\"http:\/\/archivum.eloszekelyfold.ro\/wp-content\/uploads\/2021\/12\/30564089103_e7e26dd7d1_z.jpg\" width=\"300\" height=\"219\" alt=\"\"><\/div>\n<div style=\"color: rgb(34, 34, 34); font-family: arial, sans-serif; font-size: 12.8px;\">\n<span style=\"font-size: 12.8px;\">A mai nap legfontosabb tanuls\u00e1ga tal\u00e1n az, hogy van egy m\u00e1sik tartalom, a val\u00f3s\u00e1gnak egy m\u00e1sik oldala, ahov\u00e1 elvisz k\u00e9pzelet, a v\u00e1gy, vagy a sz\u00fcks\u00e9g. A k\u00e9pek m\u00f6g\u00f6tt, a gr\u00e1nitpartos \u00f3ce\u00e1n m\u00f6g\u00f6tt, vagy \u00e9ppen az \u00e9nekl\u00e9s vezet r\u00e1 erre a tartalomra. Ami mindig ott van, \u00e9s nem v\u00e1ltozik. \u00d6sszek\u00f6ti Bostont Alm\u00e1ssal bennem, velem<\/span>. Aki vagyok.<\/p>\n<p><em>T\u00f3dor Csaba<\/em><\/div>\n<\/p><\/div>\n","protected":false},"excerpt":{"rendered":"<p>A mai nap legfontosabb tanuls\u00e1ga tal\u00e1n az, hogy van egy m\u00e1sik tartalom, a val\u00f3s\u00e1gnak egy m\u00e1sik oldala, ahov\u00e1 elvisz k\u00e9pzelet, a v\u00e1gy, vagy a sz\u00fcks\u00e9g. A k\u00e9pek m\u00f6g\u00f6tt, a gr\u00e1nitpartos \u00f3ce\u00e1n m\u00f6g\u00f6tt, vagy \u00e9ppen az \u00e9nekl\u00e9s vezet r\u00e1 erre a tartalomra. Ami mindig ott van, \u00e9s nem v\u00e1ltozik. H\u00e1rom dolgot szeretn\u00e9k a amai nappal kapcsolatban [&hellip;]<\/p>\n","protected":false},"author":1,"featured_media":28218,"comment_status":"open","ping_status":"open","sticky":false,"template":"","format":"standard","meta":{"footnotes":""},"categories":[],"tags":[],"class_list":["post-28217","post","type-post","status-publish","format-standard","has-post-thumbnail","hentry"],"_links":{"self":[{"href":"https:\/\/archivum.eloszekelyfold.ro\/index.php\/wp-json\/wp\/v2\/posts\/28217","targetHints":{"allow":["GET"]}}],"collection":[{"href":"https:\/\/archivum.eloszekelyfold.ro\/index.php\/wp-json\/wp\/v2\/posts"}],"about":[{"href":"https:\/\/archivum.eloszekelyfold.ro\/index.php\/wp-json\/wp\/v2\/types\/post"}],"author":[{"embeddable":true,"href":"https:\/\/archivum.eloszekelyfold.ro\/index.php\/wp-json\/wp\/v2\/users\/1"}],"replies":[{"embeddable":true,"href":"https:\/\/archivum.eloszekelyfold.ro\/index.php\/wp-json\/wp\/v2\/comments?post=28217"}],"version-history":[{"count":0,"href":"https:\/\/archivum.eloszekelyfold.ro\/index.php\/wp-json\/wp\/v2\/posts\/28217\/revisions"}],"wp:featuredmedia":[{"embeddable":true,"href":"https:\/\/archivum.eloszekelyfold.ro\/index.php\/wp-json\/wp\/v2\/media\/28218"}],"wp:attachment":[{"href":"https:\/\/archivum.eloszekelyfold.ro\/index.php\/wp-json\/wp\/v2\/media?parent=28217"}],"wp:term":[{"taxonomy":"category","embeddable":true,"href":"https:\/\/archivum.eloszekelyfold.ro\/index.php\/wp-json\/wp\/v2\/categories?post=28217"},{"taxonomy":"post_tag","embeddable":true,"href":"https:\/\/archivum.eloszekelyfold.ro\/index.php\/wp-json\/wp\/v2\/tags?post=28217"}],"curies":[{"name":"wp","href":"https:\/\/api.w.org\/{rel}","templated":true}]}}