{"id":28215,"date":"2021-12-13T01:43:01","date_gmt":"2021-12-13T01:43:01","guid":{"rendered":"http:\/\/archivum.eloszekelyfold.ro\/2021\/12\/13\/testverlatogatoban-a-kereszturiak-7\/"},"modified":"2021-12-13T01:43:01","modified_gmt":"2021-12-13T01:43:01","slug":"testverlatogatoban-a-kereszturiak-7","status":"publish","type":"post","link":"https:\/\/archivum.eloszekelyfold.ro\/index.php\/2021\/12\/13\/testverlatogatoban-a-kereszturiak-7\/","title":{"rendered":"Testv\u00e9rl\u00e1togat\u00f3ban a kereszt\u00fariak (7.)"},"content":{"rendered":"<p><\/p>\n<div style=\"color:#666666; font-family:inherit; font-size:14px;font-style: normal;text-align:left;line-height:24px;\">\n<div style=\"float:left\"><img decoding=\"async\" src=\"http:\/\/archivum.eloszekelyfold.ro\/wp-content\/uploads\/2021\/12\/652_31254128202_a2ae3eb3c1_z.jpg\" alt=\"Testv\u00e9rl\u00e1togat\u00f3ban a kereszt\u00fariak (7.)\" style=\"padding-right:14px; padding-bottom:6px; padding-top:6px;\" width=\"320px\"><\/div>\n<p>                              <span style=\"color: rgb(34, 34, 34); font-family: arial, sans-serif; font-size: 12.8px;\">A mai nap Bostonr\u00f3l sz\u00f3lt. Metr\u00f3val ment\u00fcnk be a belv\u00e1rosba, mert a parkol\u00e1s bonyolult, a k\u00f6zpontban zs\u00fafolt a forgalom. A t\u00e1vols\u00e1gok miatt neh\u00e9zkes az aut\u00f3z\u00e1s. <\/p>\n<p>A f\u00f6ldalattib\u00f3l felj\u0151ve a Sz\u00f6vets\u00e9gi Korm\u00e1ny tartal\u00e9kalapj\u00e1t kezel\u0151 egyik bank el\u0151tt \u00e1lltunk. H\u00e9t ilyen bank van Amerik\u00e1ban. Havonta tal\u00e1lkoznak a vezet\u0151ik a vez\u00e9rigazgat\u00f3kkal \u00e9s megbesz\u00e9lik, a banki politik\u00e1t, ami azt\u00e1n rajtunk csap\u00f3dik le, egyszer\u0171 amerikaiakon, mondja Rodger, az egyik lelkes h\u00e1zigazd\u00e1nk. S szerintem rajtunk is, mondtam \u00e9n.\u00a0<\/p>\n<p><\/span><strong><span style=\"color: rgb(34, 34, 34); font-family: arial, sans-serif; font-size: 12.8px;\">2016.december 2. P\u00e9ntek<br \/>\n(Egy nap Bostonban)<\/span><\/strong><span style=\"color: rgb(34, 34, 34); font-family: arial, sans-serif; font-size: 12.8px;\"><br \/>\n<\/span><\/p>\n<div style=\"color: rgb(34, 34, 34); font-family: arial, sans-serif; font-size: 12.8px;\">\nA r\u00e9gi z\u00f6ld sug\u00e1r\u00fatnak nevezett s\u00e9t\u00e1nyon \u00e1lltunk. Alattunk megy az aut\u00f3p\u00e1lya, s alatta a f\u00f6ldalatti. Kiment\u00fcnk a partra, ahol a bostoni te\u00e1z\u00e1s folyt annak idej\u00e9n. Most is valaki hajig\u00e1lta bel\u00e9 a v\u00edzbe a kartondobozokat. A t\u00f6rt\u00e9nelem \u00e9s az identit\u00e1s \u00e1pol\u00e1snak k\u00fcl\u00f6nb\u00f6z\u0151 form\u00e1i vannak. Vagyunk, akik z\u00e1szl\u00f3t t\u0171z\u00fcnk ki, s azt majd levetetik, de megint kitessz\u00fck. Levessz\u00fck. A dzsungel-\u00e9lm\u00e9ny j\u00e1rt \u00e1t a magas felh\u0151karcol\u00f3k k\u00f6z\u00f6tt \u00e1llva. S m\u00e9g az, hogy m\u00edg Eur\u00f3p\u00e1ban a nagy katedr\u00e1lisok k\u00e1pr\u00e1ztatt\u00e1k el az embereket, itt a magas felh\u0151karcol\u00f3k. Az egyik isteni k\u00e1pr\u00e1zat kellett volna legyen, ez ink\u00e1bb emberi. A kett\u0151ben az a k\u00f6z\u00f6s, hogy az ember f\u00f6lfele n\u00e9z. Hatvanh\u00e1rom emeletet sz\u00e1moltam meg, de m\u00e1r a negyvenedik ut\u00e1n nehezemre esett a sz\u00e1mol\u00e1s. Nem \u00e9rtettem, hogy mire val\u00f3 ilyen magas \u00e9p\u00fcleteket \u00e9p\u00edteni. Azt mondta a h\u00e1tam m\u00f6g\u00f6tt l\u00e9pked\u0151 Tim, az egyik vend\u00e9gl\u00e1t\u00f3nk, hogy az\u00e9rt kellett ilyen magas legyen ez az \u00e9p\u00fclet, hogy az el\u0151tte \u00e1ll\u00f3 f\u00f6l\u00f6tt lehessen kereszt\u00fcl n\u00e9zni. <br \/>\n\u00a0<\/div>\n<div style=\"color: rgb(34, 34, 34); font-family: arial, sans-serif; font-size: 12.8px; text-align: center;\"><img loading=\"lazy\" decoding=\"async\" src=\"http:\/\/archivum.eloszekelyfold.ro\/wp-content\/uploads\/2021\/12\/31398106645_ed0b9a7e12_z.jpg\" width=\"413\" height=\"314\" alt=\"\"><\/div>\n<div style=\"color: rgb(34, 34, 34); font-family: arial, sans-serif; font-size: 12.8px;\">\nJ\u00f3 fentr\u0151l a r\u00e1l\u00e1t\u00e1s a v\u00e1rosra. Az emberi munk\u00e1ra. Az ember \u00e1ltal \u00e9p\u00edtett vil\u00e1gra. A katedr\u00e1lisokban lentr\u0151l n\u00e9z\u00fcnk f\u00f6l. Itt ford\u00edtva. \u00c9s ekkor \u00e9n is l\u00e1tni akartam, mondv\u00e1n: haj, mennyi indi\u00e1n dolgozott itt. S h\u00e1t mennyi derzsi \u00e1cs, s l\u00f6v\u00e9tei, s martonosi, s domb\u00f3i ember. Tudok egy 20.sz\u00e1zad eleji martonosir\u00f3l, akinek m\u00e9g mindig van itt p\u00e9nze. A bankot nem ismerem, s a sz\u00e1mlasz\u00e1mot sem.<\/p>\n<p>Eljutottunk, nem tudjuk hogyan az Unit\u00e1rius \u00e9s Univerzalista T\u00e1rsul\u00e1s k\u00f6zpontj\u00e1ba. Ez egy \u00faj sz\u00e9khely, a m\u00falt sz\u00e1zad v\u00e9gi \u00e9p\u00fclet. H\u00e1rom dolog miatt adt\u00e1k el a 160 \u00e9ven \u00e1t fenntartott sz\u00e9khely\u00fcket. Az els\u0151 az volt, hogy legyen egy korszer\u0171bb \u00e9p\u00fclet. A m\u00e1sodik, hogy legyen k\u00f6rnyezetv\u00e9delmi szempontb\u00f3l k\u00f6lts\u00e9gk\u00edm\u00e9l\u0151bb, \u00e9s a harmadik, hogy legyen technikailag jobban felszerelve. Az sincs kiz\u00e1rva, hogy p\u00e9nz\u00e9rt adt\u00e1k el. A r\u00e9gi \u00e9p\u00fclet a kongresszusi \u00e9p\u00fclet mellett volt, nagyon j\u00f3 helyen.<br \/>\n\u00a0<\/div>\n<div style=\"color: rgb(34, 34, 34); font-family: arial, sans-serif; font-size: 12.8px; text-align: center;\"><img loading=\"lazy\" decoding=\"async\" src=\"http:\/\/archivum.eloszekelyfold.ro\/wp-content\/uploads\/2021\/12\/31029091190_33e989cb36_z.jpg\" width=\"450\" height=\"300\" alt=\"\"><br \/>\n\u00a0<\/div>\n<div style=\"color: rgb(34, 34, 34); font-family: arial, sans-serif; font-size: 12.8px;\">Azt\u00e1n nem messze a r\u00e9gi \u00e9p\u00fclett\u0151l megn\u00e9zt\u00fck az 1956-os forradalom eml\u00e9k\u00e9re fel\u00e1ll\u00edtott magyar eml\u00e9km\u0171vet. Egy id\u0151s h\u00f6lgy \u00e9s egy fiatalember \u00e9ppen vir\u00e1got hozott a talapzatra. J\u00f3 napot k\u00edv\u00e1nok! &#8211; mondom. Hello &#8211; k\u00f6sz\u00f6ntek vissza.<\/p>\n<p>Elmondt\u00e1k a bar\u00e1taink azt is, hogy van egy csarnok, ott fogunk mellette eb\u00e9delni, ahov\u00e1 a 19.sz\u00e1zadban h\u00edres sz\u00f3nokokat h\u00edvtak meg. Err\u0151l nevezetes ez a terem. Ide engedtek be egy h\u00edres magyar fick\u00f3t is annak idej\u00e9n. Ez a fick\u00f3 (akinek Pat, a m\u00e1sik vend\u00e9gl\u00e1t\u00f3nk nem tudta megmondani a nev\u00e9t), besz\u00e9lt azt\u00e1n a kongresszusi \u00e9p\u00fclet l\u00e9pcs\u0151j\u00e9n is. F\u00e1in besz\u00e9det mondott. K\u00e9rte az amerikaiakat, hogy seg\u00edts\u00e9k a magyarokat. H\u00e1t igen, Kossuth aty\u00e1nk p\u00e1rhuzamos \u00e9lete&#8230;<\/p>\n<p><em style=\"color: rgb(0, 0, 0); font-family: Arial, Verdana, sans-serif; font-size: 12px;\"><\/p>\n<div style=\"text-align: left;\"><font color=\"#222222\" face=\"arial, sans-serif\"><span style=\"font-size: 12.8px;\">(Kossuth hitt a magyar szabads\u00e1gharc \u00fajrakezd\u00e9s\u00e9ben. F\u00e1radhatatlanul munk\u00e1lkodott az anyagi eszk\u00f6z\u00f6k el\u0151teremt\u00e9s\u00e9n,\u00a0<\/span><\/font><em><\/p>\n<div style=\"display: inline !important;\"><em><\/p>\n<div style=\"display: inline !important;\"><em><\/p>\n<div style=\"display: inline !important;\"><font color=\"#222222\" face=\"arial, sans-serif\"><span style=\"font-size: 12.8px;\">ez\u00e9rt utazott angliai emigr\u00e1ci\u00f3j\u00e1b\u00f3l az USA-ba. 1851 decembere \u00e9s 1852 j\u00faliusa k\u00f6z\u00f6tt hetven k\u00fcl\u00f6nb\u00f6z\u0151 amerikai\u00a0<\/span><\/font><\/div>\n<p><\/em><\/div>\n<p><\/em><\/div>\n<p><\/em><em><\/p>\n<div style=\"display: inline !important;\"><em><\/p>\n<div style=\"display: inline !important;\"><em><\/p>\n<div style=\"display: inline !important;\"><font color=\"#222222\" face=\"arial, sans-serif\"><span style=\"font-size: 12.8px;\">v\u00e1rosban \u00f6sszesen \u00f6tsz\u00e1z besz\u00e9det tartott. 1851. december 4-r\u0151l 5-re virrad\u00f3 \u00e9jjel \u00e9rkezett az Egyes\u00fclt \u00c1llamokba,\u00a0<\/span><\/font><\/div>\n<p><\/em><\/div>\n<p><\/em><\/div>\n<p><\/em><em><\/p>\n<div style=\"display: inline !important;\"><em><\/p>\n<div style=\"display: inline !important;\"><em><\/p>\n<div style=\"display: inline !important;\"><font color=\"#222222\" face=\"arial, sans-serif\"><span style=\"font-size: 12.8px;\">a Humboldt g\u0151z\u00f6s fed\u00e9lzet\u00e9n. A haj\u00f3 \u00e1gy\u00fal\u00f6v\u00e9s\u00e9t 31 d\u00edszl\u00f6v\u00e9s viszonozta \u2013 ezzel tisztelgett az akkori 31 amerikai\u00a0<\/span><\/font><\/div>\n<p><\/em><\/div>\n<p><\/em><\/div>\n<p><\/em><em><\/p>\n<div style=\"display: inline !important;\"><em><\/p>\n<div style=\"display: inline !important;\"><em><\/p>\n<div style=\"display: inline !important; text-align: center;\"><font color=\"#222222\" face=\"arial, sans-serif\"><span style=\"font-size: 12.8px;\">\u00e1llam a szabads\u00e1g eur\u00f3pai k\u00f6vete el\u0151tt.\u00a0<br \/>\n<br type=\"_moz\"><br \/>\n<\/span><\/font><\/div>\n<p><\/em><\/div>\n<p><\/em><\/div>\n<p><\/em><\/div>\n<div><em><\/p>\n<div>\u00a0 \u00a0 \u00a0 \u00a0 \u00a0 \u00a0 \u00a0 \u00a0 \u00a0 \u00a0 <img loading=\"lazy\" decoding=\"async\" src=\"http:\/\/archivum.eloszekelyfold.ro\/wp-content\/uploads\/2021\/12\/kossuthboston(2).jpg\" width=\"534\" height=\"324\" alt=\"\"><\/div>\n<p><\/em><em><\/p>\n<div style=\"display: inline !important;\"><em><\/p>\n<div style=\"display: inline !important;\"><font color=\"#222222\" face=\"arial, sans-serif\"><span style=\"font-size: 12.8px;\"><br \/>\nNoha Bostonba \u00f6tvenezer ember k\u00f6sz\u00f6nt\u00e9se k\u00f6zepette vonult be, \u00fatja sor\u00e1n\u00a0<\/span><\/font><\/div>\n<p><\/em><\/div>\n<p><\/em><em><\/p>\n<div style=\"display: inline !important;\"><em><\/p>\n<div style=\"display: inline !important;\"><font color=\"#222222\" face=\"arial, sans-serif\"><span style=\"font-size: 12.8px;\">folyamatosan cs\u00f6kkent az amerikaiak \u00e9rdekl\u0151d\u00e9se ir\u00e1nta. Kossuth nem akart belesz\u00f3lni az \u00e1llamok bel\u00fcgyeibe, ez\u00e9rt a\u00a0<\/span><\/font><\/div>\n<p><\/em><\/div>\n<p><\/em><em><\/p>\n<div style=\"display: inline !important;\"><em><\/p>\n<div style=\"display: inline !important;\"><font color=\"#222222\" face=\"arial, sans-serif\"><span style=\"font-size: 12.8px;\">rabszolgas\u00e1g k\u00e9nyes k\u00e9rd\u00e9s\u00e9ben nem foglalat \u00e1ll\u00e1st. D\u00e9len am\u00fagy sem fogadt\u00e1k nagy lelkesed\u00e9ssel, de a semleges\u00a0<\/span><\/font><\/div>\n<p><\/em><\/div>\n<p><\/em><em><\/p>\n<div style=\"display: inline !important;\"><em><\/p>\n<div style=\"display: inline !important;\"><font color=\"#222222\" face=\"arial, sans-serif\"><span style=\"font-size: 12.8px;\">\u00e1ll\u00e1spont miatt \u00e9szakon is vesztett a n\u00e9pszer\u0171s\u00e9g\u00e9b\u0151l. T\u00f6bb h\u00f3napos \u00fatja ut\u00e1n kider\u00fclt, hogy c\u00e9lj\u00e1t, miszerint az\u00a0<\/span><\/font><\/div>\n<p><\/em><\/div>\n<p><\/em><em><\/p>\n<div style=\"display: inline !important;\"><em><\/p>\n<div style=\"display: inline !important;\"><font color=\"#222222\" face=\"arial, sans-serif\"><span style=\"font-size: 12.8px;\">amerikai t\u00e1mogat\u00e1ssal ind\u00edthatja \u00fajra a magyar f\u00fcggetlens\u00e9gi harcot, nem \u00e9rte el.1852 j\u00fanius\u00e1nak v\u00e9g\u00e9n \u00e9rt vissza\u00a0<\/span><\/font><\/div>\n<p><\/em><\/div>\n<p><\/em><em><\/p>\n<div style=\"display: inline !important;\"><em><\/p>\n<div style=\"display: inline !important;\"><font color=\"#222222\" face=\"arial, sans-serif\"><span style=\"font-size: 12.8px;\">New Yorkba, ahol 23-\u00e1n, a helyi n\u00e9metek k\u00f6z\u00f6ss\u00e9g el\u0151tt megtartotta utols\u00f3 amerikai besz\u00e9d\u00e9t. J\u00falius 14-\u00e9n elhagyta\u00a0<\/span><\/font><\/div>\n<p><\/em><\/div>\n<p><\/em><em><\/p>\n<div style=\"display: inline !important;\"><em><\/p>\n<div style=\"display: inline !important;\"><font color=\"#222222\" face=\"arial, sans-serif\"><span style=\"font-size: 12.8px;\">az orsz\u00e1got az Europa nev\u0171 haj\u00f3 fed\u00e9lzet\u00e9n, \u00e9s visszat\u00e9rt Angli\u00e1ba.)<\/span><\/font><\/div>\n<p><\/em><\/div>\n<p><\/em><\/div>\n<p><\/em> <br \/>\nMegn\u00e9zt\u00fck John Harvard szobr\u00e1t is. H\u00e1rom hazugs\u00e1g der\u00fcl ki. A szobor nem \u0151t form\u00e1zza meg, hanem valaki m\u00e1st. Az egyetemet nem \u0151 alap\u00edtotta, csak p\u00e9nzzel seg\u00edtette k\u00e9s\u0151bb, \u00e9s nem j\u00e1rt ide tal\u00e1n soha. De a Harvard Egyetem \u00e1ll. Ott van. Megn\u00e9zt\u00fck. Unit\u00e1rius alap\u00edt\u00e1s\u00fa a 17.sz\u00e1zadb\u00f3l, amikor \u00fagy d\u00f6ntenek, hogy ne Angli\u00e1b\u00f3l hozz\u00e1k a lelk\u00e9szeket, hanem itt helyben, Amerik\u00e1ban k\u00e9pezz\u00e9k ki \u0151ket. Teol\u00f3giai alapokon \u00e1llt teh\u00e1t az alap\u00edt\u00e1s. Ma is van teol\u00f3giai k\u00e9pz\u00e9s, m\u0171v\u00e9szeti fakult\u00e1s, \u00e9s sok m\u00e1s egy\u00e9b. A teol\u00f3giai oktat\u00e1s, \u00e9s lelk\u00e9szk\u00e9pz\u00e9s viszont nem egyh\u00e1zi monopolium alatt \u00e1ll. B\u00e1rhol lehet teol\u00f3gi\u00e1t tanulni. A k\u00e9rd\u00e9s az, hogy melyik gy\u00fclekezet alkalmaz. Eszembe jutott egy Botosani-i ortodox p\u00f3pa esete, aki egy pl\u00e9hgar\u00e1zsban kezdte hirdetni az ig\u00e9t. Betiltott\u00e1k. Nem lehet. Mennyire nem mindegy, hol \u00e9s mikor sz\u00fclet\u00fcnk.<br \/>\n\u00a0<\/div>\n<div style=\"color: rgb(34, 34, 34); font-family: arial, sans-serif; font-size: 12.8px; text-align: center;\"><img loading=\"lazy\" decoding=\"async\" src=\"http:\/\/archivum.eloszekelyfold.ro\/wp-content\/uploads\/2021\/12\/30600240683_3f9d73772a_z.jpg\" width=\"450\" height=\"338\" alt=\"\"><\/div>\n<div style=\"color: rgb(34, 34, 34); font-family: arial, sans-serif; font-size: 12.8px;\">\u00a0<\/div>\n<div><font color=\"#222222\" face=\"arial, sans-serif\"><span style=\"font-size: 12.8px;\">Este m\u00e9g belef\u00e9rt, hogy elf\u00fajjuk: &#8222;&#8230;hideg sincsen, m\u00e9gis esik az es\u0151&#8230;&#8221;\u00a0<\/span><\/font><\/p>\n<p><em><font color=\"#222222\" face=\"arial, sans-serif\"><span style=\"font-size: 12.8px;\">T\u00f3dor Csaba<\/span><\/font><\/p>\n<p><\/em><\/div>\n<\/p><\/div>\n","protected":false},"excerpt":{"rendered":"<p>A mai nap Bostonr\u00f3l sz\u00f3lt. Metr\u00f3val ment\u00fcnk be a belv\u00e1rosba, mert a parkol\u00e1s bonyolult, a k\u00f6zpontban zs\u00fafolt a forgalom. A t\u00e1vols\u00e1gok miatt neh\u00e9zkes az aut\u00f3z\u00e1s. A f\u00f6ldalattib\u00f3l felj\u0151ve a Sz\u00f6vets\u00e9gi Korm\u00e1ny tartal\u00e9kalapj\u00e1t kezel\u0151 egyik bank el\u0151tt \u00e1lltunk. H\u00e9t ilyen bank van Amerik\u00e1ban. Havonta tal\u00e1lkoznak a vezet\u0151ik a vez\u00e9rigazgat\u00f3kkal \u00e9s megbesz\u00e9lik, a banki politik\u00e1t, ami azt\u00e1n [&hellip;]<\/p>\n","protected":false},"author":1,"featured_media":28216,"comment_status":"open","ping_status":"open","sticky":false,"template":"","format":"standard","meta":{"footnotes":""},"categories":[],"tags":[],"class_list":["post-28215","post","type-post","status-publish","format-standard","has-post-thumbnail","hentry"],"_links":{"self":[{"href":"https:\/\/archivum.eloszekelyfold.ro\/index.php\/wp-json\/wp\/v2\/posts\/28215","targetHints":{"allow":["GET"]}}],"collection":[{"href":"https:\/\/archivum.eloszekelyfold.ro\/index.php\/wp-json\/wp\/v2\/posts"}],"about":[{"href":"https:\/\/archivum.eloszekelyfold.ro\/index.php\/wp-json\/wp\/v2\/types\/post"}],"author":[{"embeddable":true,"href":"https:\/\/archivum.eloszekelyfold.ro\/index.php\/wp-json\/wp\/v2\/users\/1"}],"replies":[{"embeddable":true,"href":"https:\/\/archivum.eloszekelyfold.ro\/index.php\/wp-json\/wp\/v2\/comments?post=28215"}],"version-history":[{"count":0,"href":"https:\/\/archivum.eloszekelyfold.ro\/index.php\/wp-json\/wp\/v2\/posts\/28215\/revisions"}],"wp:featuredmedia":[{"embeddable":true,"href":"https:\/\/archivum.eloszekelyfold.ro\/index.php\/wp-json\/wp\/v2\/media\/28216"}],"wp:attachment":[{"href":"https:\/\/archivum.eloszekelyfold.ro\/index.php\/wp-json\/wp\/v2\/media?parent=28215"}],"wp:term":[{"taxonomy":"category","embeddable":true,"href":"https:\/\/archivum.eloszekelyfold.ro\/index.php\/wp-json\/wp\/v2\/categories?post=28215"},{"taxonomy":"post_tag","embeddable":true,"href":"https:\/\/archivum.eloszekelyfold.ro\/index.php\/wp-json\/wp\/v2\/tags?post=28215"}],"curies":[{"name":"wp","href":"https:\/\/api.w.org\/{rel}","templated":true}]}}