{"id":28213,"date":"2021-12-13T01:41:01","date_gmt":"2021-12-13T01:41:01","guid":{"rendered":"http:\/\/archivum.eloszekelyfold.ro\/2021\/12\/13\/csango-vagyok\/"},"modified":"2021-12-13T01:41:01","modified_gmt":"2021-12-13T01:41:01","slug":"csango-vagyok","status":"publish","type":"post","link":"https:\/\/archivum.eloszekelyfold.ro\/index.php\/2021\/12\/13\/csango-vagyok\/","title":{"rendered":"Cs\u00e1ng\u00f3 vagyok"},"content":{"rendered":"<p><\/p>\n<div style=\"color:#666666; font-family:inherit; font-size:14px;font-style: normal;text-align:left;line-height:24px;\">\n<div style=\"float:left\"><img decoding=\"async\" src=\"http:\/\/archivum.eloszekelyfold.ro\/wp-content\/uploads\/2021\/12\/653_csangok.jpg\" alt=\"Cs\u00e1ng\u00f3 vagyok\" style=\"padding-right:14px; padding-bottom:6px; padding-top:6px;\" width=\"320px\"><\/div>\n<div>Nevem Andrei Ghiepe\u015f, sz\u00fclettem Kl\u00e9zs\u00e9n 1954-ben fogyat\u00e9kj\u00e1n a m\u00e1rciusnak.\u00a0Mostan Somosk\u00e1bul vagyok. Szorgalmas es dolgos falu egyeccer.\u00a0Nekem h\u00e9t testv\u00e9rem van, n\u00e9gy cinka vagyon \u00e9s h\u00e1rom fi\u00fa. Er\u0151st szeretek Somosk\u00e1ban. N\u00e1link a faluban a le\u00e1nyak\u00a0\u00fclnek otthond, guzsalyaskadnak, vagy sz\u0151nek karinc\u00e1t, bern\u00e9cet, csepeszt k\u00e9sz\u00edtenek, \u00fcgyelnek a bub\u00e1kra. Nem \u00fclnek\u00a0hej\u00e1ba.<\/div>\n<div>\u00a0<\/div>\n<div>De mindennap menn\u00e1k a templomban es, ahol az\u2019Ist\u00e1nt t\u00e9rgy\u00fclv\u00e1l im\u00e1dkoznak . . . rom\u00e1nyul.\u00a0\u00c1m a Dumnezeu ut\u00e1n titokban m\u00e1r sokand odateszik: Ist\u00e1nem.<\/div>\n<div>\u00a0<\/div>\n<div>N\u00e1link ny\u00e1ron menn\u00e1k a le\u00e1nyak puit szedni, hordnak fizet, v\u00e1gnak f\u00e1t, takar\u00edtanak, tesznek t\u00fczet a konyh\u00e1ba,\u00a0cs\u00e1nynak \u00e9telt, fejnek, adnak eb\u00e9det az allatoknak. A faluban sok ny\u00e1munk vagyan. Az \u00e9n ap\u00f3mnak sok johoja es\u00a0vagyan. Kihajta \u00fck\u00f6t, s f\u00fajja, f\u00fajja a sz\u00fclt\u00fct, s azok t\u00e1ncolnok rea.<\/div>\n<div>\u00a0<\/div>\n<div>Sok munk\u00e1kot v\u00e9geznek az asszanyok es. Az \u0151szen \u0151k mennek kukaricaszedni, faszuica szedni, sz\u0151l\u0151 szedni \u00e9s nyesni.\u00a0<\/p>\n<p>T\u00e9lba sz\u0151n\u00e1k gyopju l\u00e1p\u00e1d\u00f6t, fonnak, t\u00e1k\u00e1rn\u00e1k nagy gomoly\u00e1kot \u00e9s a le\u00e1nyok s\u00e1gh\u00edt\u00e9g az Eges anjikot. Mit cs\u00e1ln\u00e1k\u00a0m\u00e9g: pletyk\u00e1lkodnak es, \u00e9nakeln\u00e1k, t\u00e1n\u00e1colnok, s m\u00e9g szokt\u00e1k f\u00f6zni gy\u00f6ngyet. N\u00e1lunk ugy szokt\u00e1k mondan\u00ed, nyokszor\u00edt\u00fc.\u00a0<\/p><\/div>\n<div>\u00a0<\/div>\n<div style=\"text-align: left;\">Minden nop a le\u00e1nyok er\u0151st v\u00e1rnak, hogy a p\u00fcsleny kinyomja a tyukmont. N\u00e1latok a filesz es azt toj Husveton. Na,\u00a0mikor a p\u00fcsleny megcs\u00e1nta a monyt, a le\u00e1nyak im\u00e1dkoznak, hogy a borny\u00facska vagy a k\u00e1csk\u00e1 \u00e1l ne futk\u00e1rozzanak. S\u00a0filj\u00e9kb\u00e1 az \u00e1g\u00e9sziknek cs\u00e1g\u00f6ket raknak, hogy ha \u00e1lm\u00e1sszebbedn\u00e1 valaki, tugya, hogy m\u00e1rr\u00e1 menn\u00e1k a t\u00f6bbi\u00e1k, hogy\u00a0\u00f6r\u00f6kki m\u00e1gkapj\u00e1k egym\u00e1st. Ha a borny\u00facska vagy a k\u00e1csk\u00e1 \u00e1lfutk\u00e1rozznak, akkor tugy\u00e1k, hul k\u00e1r\u00e1ss\u00e9k \u0151ket a gazd\u00e1ja,\u00a0m\u00e1t annyiszar cs\u00e1nget a f\u00fcl, h\u00e1nyszor m\u00e1gmazdulnak. Ez\u00e9rt \u00f6r\u00f6kk\u00e9 tesz\u00fcnk a filj\u00e9kb\u00e1 cs\u00e1ng\u00f6t.\u00a0\u00cdgy cs\u00e1ng\u00f6s\u00e1kn\u00e1k hittak m\u00e1r nagyon r\u00e9gen a szomsz\u00e9d n\u00e9p\u00e1k, m\u00e1t a h\u00edr\u00fcnk ser\u00e9ny\u00e1bb\u00e1n futtat, mind a sz\u00e9l, s a\u00a0cs\u00e1ng\u00f6ink er\u00f6st hiress\u00e1k votak. \u00a0<br \/>\n\u00a0<\/div>\n<div style=\"text-align: center;\"><img loading=\"lazy\" decoding=\"async\" src=\"http:\/\/archivum.eloszekelyfold.ro\/wp-content\/uploads\/2021\/12\/gyimesi_csangok.jpg\" width=\"450\" height=\"272\" alt=\"\"><\/div>\n<div style=\"text-align: center;\"><em>Gyimesi cs\u00e1ng\u00f3k n\u00e9pviseletben egy 20. sz\u00e1zad elej\u00e9n k\u00e9sz\u00fclt k\u00e9peslapon<\/em><\/div>\n<div style=\"text-align: left;\">\nNagyt\u00e1toka m\u00e1s\u00e9lte, ez\u00e9rt h\u00ednnak n\u00fcnk\u00f6t, cs\u00e1ng\u00f3nak. Meg az\u00e9r, hogy elcs\u00e1ng\u00e1ltunk, s hogy inn\u00e9` huzakodik ez a\u00a0cs\u00e1ng\u00f3 sz\u00f3. Nagyt\u00e1toka azt is mes\u00e9lte, hogy T\u00eergu-Ocn\u00e1n (Aknav\u00e1s\u00e1rhelyen) az\u00e9`tt vannak elnevezve cs\u00e1ng\u00f3nak, hoj \u0151k\u00a0o`an k\u0151v\u00e1g\u00f3k v\u00f3tak. V\u00e1gt\u00e1k a k\u00f6vet a martb\u00f3l, s cs\u00e1nytak k\u00fcsz\u00fcr\u00fck\u00f6t, \u00e9rtik? \u00cdgy v\u00e1gt\u00e1k meg a k\u00f6vet h\u00e1znak. S akkor\u00a0az\u00e9r` mont\u00e1k, hogy arr\u00f3l vagyunk cs\u00e1ng\u00f3k. S aszt` m\u00e1s\u00e9lte, hogy elment a cs\u00e1ng\u00f3, hogy cs\u00e1ngottak, hogy vert\u00e9k a\u00a0d\u00e1lt\u00e1val [v\u00e9s\u0151vel] s a kalap\u00e1csval a k\u00f6vet, akkor cs\u00e1ngottak. \u00a0<\/div>\n<div>\u00a0<\/div>\n<div>Montam es nagyt\u00e1tok\u00e1nak: \u00e9n er\u0151st szeretem az \u00f6sszes mes\u00e9t a mit hazudaz kend, m\u00e1t \u00e9n szeretem a szomor\u00fa mes\u00e9ket \u00e9s\u00a0a vid\u00e1mokot is. A mi \u00e9let\u00fcnk az\u00e9rt j\u00f3, mert t\u00e1t\u00e1m nem iszik, de sakand baland\u00f3skodik.<br \/>\n\u00a0<\/div>\n<div style=\"text-align: center;\"><img loading=\"lazy\" decoding=\"async\" src=\"http:\/\/archivum.eloszekelyfold.ro\/wp-content\/uploads\/2021\/12\/szabofalva_1906.jpg\" width=\"450\" height=\"302\" alt=\"\"><\/div>\n<div style=\"text-align: center;\"><em>\u00a0Szab\u00f3falva, 1906 &#8211; Forr\u00e1s: Magyar N\u00e9prajzi Lexikon\/ OSZK<\/em><\/div>\n<div>\u00a0<\/div>\n<div>\u00c1r\u0151st szerettem a poezi\u00e1kot, s hogy j\u00e1tsz\u00f3djam a te\u00e1trut. Somosk\u00e1ban es tal\u00e1lkoztam sz\u00edn\u00e9szekvel. \u00dck nem t\u0171ntek\u00a0id\u00e1genyekn\u00e1k, magyart b\u00e1sz\u00e9lt\u00e1k. Hallottunk t\u00f6l\u00fck a Himnuszt, a Sz\u00f3zatot, a hiszek\u00e1gy\u00e1t, m\u00fcnk meg titokban\u00a0el\u00e9nek\u00e1lt\u00fck n\u00e1kik az Aranymiaty\u00e1nkot. Sok sz\u00edn\u00e9sz \u00edg\u00e9rte, hogy m\u00e1skor es megj\u00e1r minket. Ne felejts\u00e9k el, m\u00e1t ma es\u00a0\u00e1r\u0151st v\u00e1rjuk \u00fck\u00f6t!<\/div>\n<div>\u00a0<\/div>\n<div>R\u00e9ges-r\u00e9gen z\u2019Ist\u00e1n \u00e1lfordult t\u0151ll\u00e1m. \u00dagy vot, hogy mikor aszt monta eccer a l\u00e9szpedi pap, \u00fc rom\u00e1ny: unde mergi\u00a0ceang\u0103ule, ceang\u0103ule, ce faci ceang\u0103ule &#8211; (Hov\u00e1 m\u00e9ssz te cs\u00e1ng\u00f3, te cs\u00e1ng\u00f3, mit csin\u00e1lsz, te cs\u00e1ng\u00f3) &#8211; es \u00e1llandoan\u00a0csufkodott velem. Megtuttam: vanak meg sakand, melyek haragusznak ri\u00e1nkes.\u00a0Akkor montam ap\u00f3mnak: Sok, sok \u00e1szt\u00e1nd\u00e1ig k\u00e9rencselt\u00fck a szent p\u00e1p\u00e1tol magyar papecsk\u00e1t, n\u00e1m k\u00fcd\u00f6tt n\u00e1k\u00fcnk, k\u00fcd\u00f6tt\u00a0n\u00e1k\u00fck ulyan id\u00e1geny papokat, d\u00e1 er\u0151st f\u00e1jlalja n\u00e9p, m\u00e1t n\u00e1m \u00e9rtik \u0151ket.\u00a0<\/div>\n<div>\u00a0<\/div>\n<div>Nagyt\u00e1toka, \u00e9n er\u0171st szeretn\u00e9m, hogy \u00e9llyek Magyar Orszagba! J\u00f3 \u00e9letba vagyan gazdag \u00e1mberek, vagyan sak minden. \u00a0Magyar cs\u00e1ng\u00f3knak magyar p\u00e1pecska kell, s ha felk\u00e1ntek vissza es terek a haz\u00e1mba! \u00a0<\/div>\n<div>\u00a0<\/div>\n<div>Ment\u00e1m es hassz\u00fa, hassz\u00fa utan, s hul \u00e1lf\u00e1radtam ott m\u00e1g-m\u00e1g \u00e1lltam, s \u00e1sme \u00e1lindultam h\u00e1ly\u00e1t tal\u00e1lni magimnak a\u00a0vil\u00e1gba.<\/div>\n<div>\u00a0<\/div>\n<div>Elcs\u00e1ng\u00e1ltam.\u00a0<\/div>\n<div>\u00a0<\/div>\n<div>De most \u00e9n es f\u00fcllentettem kicsit. Nem Andrei Ghiepe\u015f vagyok, hanem Gyepes Andr\u00e1s magyar nevezet\u0171, \u00e9s m\u00e1r 35 \u00e9ve\u00a0\u00e9lek az \u00f3haz\u00e1ban. Az\u00f3ta egyfolyt\u00e1ban tanulok. Magyarul. M\u00e1r tudom, hogy a mi n\u00e1lunk filesz, az n\u00e1latok ny\u00fal, a\u00a0sz\u00fclt\u00fc a furulya, a cinka a le\u00e1ny, a karinca a lepelszoknya, a bern\u00e9c a karinc\u00e1ra csavart \u00f6v, a csepesz a f\u0151k\u00f6t\u0151, a\u00a0p\u00fcsleny a ty\u00fak, a tyukmon pedig a toj\u00e1s. <\/p>\n<p>Sokat j\u00e1rok itthonr\u00f3l haza. Ugyan nem papk\u00e9nt, de tan\u00edtani. S hozom-viszem\u00a0a kicsinyeket. Mondok n\u00e9kik r\u00e9gi sz\u00e9p mes\u00e9ket, mint nagyap\u00e1m nekem. <\/p>\n<p>Az\u00e9rt nem mindent mes\u00e9lek el az otthoniaknak.<\/p><\/div>\n<div>\u00a0<\/div>\n<div>Ne adj\u00e1k tov\u00e1bb sz\u00e9p magyar sz\u00f3ra \u00e1h\u00edtoz\u00f3 cs\u00e1ng\u00f3 gyermekeinknek, hogy itt az elad\u00f3 sorban l\u00e9v\u0151 le\u00e1ny neve luvnya. A\u00a0r\u00e1nyir\u00f3l, a big\u00e9r\u0151l, a bomb\u00e1z\u00f3r\u00f3l vagy rod\u00e1z\u00f3r\u00f3l nem is sz\u00f3lva; a fi\u00fa\u00e9 meg strig\u00f3, vagy cs\u00e1v\u00f3. Azt se ismertess\u00e9k\u00a0vel\u00fck, hogy a k\u00f6cs\u00f6g itt m\u00e1r r\u00e9g nem ed\u00e9nyt jelent.<\/div>\n<div>\u00a0<\/div>\n<div>Ne mondj\u00e1k el az ottaniaknak, hogy itt nem a val\u00f3di lib\u00e1t t\u00f6mik, b\u00e1r az igazit m\u00e1r nem is t\u00f6mhetik. Azt se mondj\u00e1k\u00a0el, hogy itt a ty\u00fak kopaszt embert, s hogy a tr\u00e1g\u00e1rs\u00e1g m\u00e1r az egeket veri.<\/div>\n<div>\u00a0<\/div>\n<div>S ne adj\u00e1k tov\u00e1bb, hogy itt ma valaki szajh\u00e1nak nevezheti az orsz\u00e1g\u00e1t, a haz\u00e1j\u00e1t \u2026 b\u00fcntetlen\u00fcl.<\/p>\n<p>Egyel\u0151re.<br \/>\n\u00a0<\/div>\n<div style=\"text-align: center;\"><img loading=\"lazy\" decoding=\"async\" src=\"http:\/\/archivum.eloszekelyfold.ro\/wp-content\/uploads\/2021\/12\/szekelyek_nepviseltben.jpg\" width=\"500\" height=\"312\" alt=\"\"><\/div>\n<div style=\"text-align: center;\"><em>\u00a0Kecseti f\u00e9rfiak (Forr\u00e1s: www.tetra.ro)<\/em><\/div>\n<div>\u00a0<\/div>\n<div>Nevem Andrei Ghiepe\u015f, vagy Gyepes Andr\u00e1s helyett Hancz\u00e1r J\u00e1nos. Sz\u00fclettem B\u00e9k\u00e9sen 1954-ben, fogyat\u00e9kj\u00e1n a\u00a0m\u00e1rciusnak. \u00c9ltem B\u00edk\u00edsen, hol \u00edznek, Sz\u00f6ged\u00e9ben, hol \u0151znek. \u00c9reztem \u00edz\u00e9t az \u0151znek. \u00a0\u00c9rtem a pal\u00f3cot ha\u00a0S\u00e1lg\u00f3t\u00e1rj\u00f3nban tollj\u00fat k\u00e9r, hogy pap\u00edrra vessen valamit, \u00e9rtem a sz\u00e9kelyt, ha felh\u00fazza a bik\u00e1t a toronyba az ott\u00a0kin\u0151tt f\u0171\u00e9rt, mert i\u00e9hezik a bika a gy\u00f6pre, s \u00e9rtem a cs\u00e1ng\u00f3t, ha n\u00e9ha baland\u00f3skodik.Magyar vagyok, s egyben pal\u00f3c,\u00a0ha pal\u00f3cot, sz\u00e9kely, ha sz\u00e9kelyt b\u00e1ntanak, de cs\u00e1ng\u00f3 is, ha ezt cs\u00e1ng\u00f3val teszik. Mik\u00e9nt a d\u00e9lvid\u00e9ki a felvid\u00e9ki s\u00a0az \u00f6sszes t\u00f6bbi is magyar \u201eegyeccer\u201d. <br \/>\n\u00a0<\/div>\n<div style=\"text-align: center;\"><img loading=\"lazy\" decoding=\"async\" src=\"http:\/\/archivum.eloszekelyfold.ro\/wp-content\/uploads\/2021\/12\/palocok_balassagyarmaton.jpg\" width=\"429\" height=\"287\" alt=\"\"><\/div>\n<div style=\"text-align: center;\"><em>Felvonul\u00e1s n\u00e9pviseletben Balassagyarmaton &#8211; XIV. Pal\u00f3c-b\u00facs\u00fa <br \/>\n\u00e9s N\u00e9pm\u0171v\u00e9szeti Fesztiv\u00e1l (2009) &#8211; Szugyiczki Zsolt felv\u00e9tele<\/em><\/div>\n<div>\nHa tetszik a vil\u00e1gnak, ha nem: Egy a nyelv\u00fcnk, egyek vagyunk. Most, \u00e9s\u00a0mind\u00f6r\u00f6kk\u00e9\u2026<\/p>\n<p><em>Hancz\u00e1r J\u00e1nos<br \/>\n<\/em><br \/>\n<img loading=\"lazy\" decoding=\"async\" src=\"http:\/\/archivum.eloszekelyfold.ro\/wp-content\/uploads\/2021\/12\/hanczar-janos-facebook-720x960.jpg\" width=\"100\" height=\"133\" alt=\"\"><br \/>\n<em>\u00edr\u00f3, logop\u00e9dus<br \/>\nBudapest<\/em><\/p>\n<p><em>Forras: jojani.blogstar.hu<\/em><\/p>\n<p><em>\u00c9l\u0151 Sz\u00e9kelyf\u00f6ld Munkacsoport<\/em><\/div>\n<p style='margin: 0px 0px 15px; padding: 0px; border: 0px; vertical-align: baseline; color: rgb(42, 42, 42); font-family: \"Open Sans\", sans-serif; font-size: 15px; text-align: justify;'>\u00a0<\/p>\n<\/p><\/div>\n","protected":false},"excerpt":{"rendered":"<p>Nevem Andrei Ghiepe\u015f, sz\u00fclettem Kl\u00e9zs\u00e9n 1954-ben fogyat\u00e9kj\u00e1n a m\u00e1rciusnak.\u00a0Mostan Somosk\u00e1bul vagyok. Szorgalmas es dolgos falu egyeccer.\u00a0Nekem h\u00e9t testv\u00e9rem van, n\u00e9gy cinka vagyon \u00e9s h\u00e1rom fi\u00fa. Er\u0151st szeretek Somosk\u00e1ban. N\u00e1link a faluban a le\u00e1nyak\u00a0\u00fclnek otthond, guzsalyaskadnak, vagy sz\u0151nek karinc\u00e1t, bern\u00e9cet, csepeszt k\u00e9sz\u00edtenek, \u00fcgyelnek a bub\u00e1kra. Nem \u00fclnek\u00a0hej\u00e1ba. \u00a0 De mindennap menn\u00e1k a templomban es, ahol az\u2019Ist\u00e1nt [&hellip;]<\/p>\n","protected":false},"author":1,"featured_media":28214,"comment_status":"open","ping_status":"open","sticky":false,"template":"","format":"standard","meta":{"footnotes":""},"categories":[],"tags":[],"class_list":["post-28213","post","type-post","status-publish","format-standard","has-post-thumbnail","hentry"],"_links":{"self":[{"href":"https:\/\/archivum.eloszekelyfold.ro\/index.php\/wp-json\/wp\/v2\/posts\/28213","targetHints":{"allow":["GET"]}}],"collection":[{"href":"https:\/\/archivum.eloszekelyfold.ro\/index.php\/wp-json\/wp\/v2\/posts"}],"about":[{"href":"https:\/\/archivum.eloszekelyfold.ro\/index.php\/wp-json\/wp\/v2\/types\/post"}],"author":[{"embeddable":true,"href":"https:\/\/archivum.eloszekelyfold.ro\/index.php\/wp-json\/wp\/v2\/users\/1"}],"replies":[{"embeddable":true,"href":"https:\/\/archivum.eloszekelyfold.ro\/index.php\/wp-json\/wp\/v2\/comments?post=28213"}],"version-history":[{"count":0,"href":"https:\/\/archivum.eloszekelyfold.ro\/index.php\/wp-json\/wp\/v2\/posts\/28213\/revisions"}],"wp:featuredmedia":[{"embeddable":true,"href":"https:\/\/archivum.eloszekelyfold.ro\/index.php\/wp-json\/wp\/v2\/media\/28214"}],"wp:attachment":[{"href":"https:\/\/archivum.eloszekelyfold.ro\/index.php\/wp-json\/wp\/v2\/media?parent=28213"}],"wp:term":[{"taxonomy":"category","embeddable":true,"href":"https:\/\/archivum.eloszekelyfold.ro\/index.php\/wp-json\/wp\/v2\/categories?post=28213"},{"taxonomy":"post_tag","embeddable":true,"href":"https:\/\/archivum.eloszekelyfold.ro\/index.php\/wp-json\/wp\/v2\/tags?post=28213"}],"curies":[{"name":"wp","href":"https:\/\/api.w.org\/{rel}","templated":true}]}}