{"id":28211,"date":"2021-12-13T01:39:00","date_gmt":"2021-12-13T01:39:00","guid":{"rendered":"http:\/\/archivum.eloszekelyfold.ro\/2021\/12\/13\/testverlatogatoban-a-kereszturiak-8\/"},"modified":"2021-12-13T01:39:00","modified_gmt":"2021-12-13T01:39:00","slug":"testverlatogatoban-a-kereszturiak-8","status":"publish","type":"post","link":"https:\/\/archivum.eloszekelyfold.ro\/index.php\/2021\/12\/13\/testverlatogatoban-a-kereszturiak-8\/","title":{"rendered":"Testv\u00e9rl\u00e1togat\u00f3ban a kereszt\u00fariak (8.)"},"content":{"rendered":"<p><\/p>\n<div style=\"color:#666666; font-family:inherit; font-size:14px;font-style: normal;text-align:left;line-height:24px;\">\n<div style=\"float:left\"><img decoding=\"async\" src=\"http:\/\/archivum.eloszekelyfold.ro\/wp-content\/uploads\/2021\/12\/654_zaszloval.jpg\" alt=\"Testv\u00e9rl\u00e1togat\u00f3ban a kereszt\u00fariak (8.)\" style=\"padding-right:14px; padding-bottom:6px; padding-top:6px;\" width=\"320px\"><\/div>\n<p>                              A p\u00e9nteki napon Boston k\u00f6rny\u00e9k\u00e9n \u00e9l\u0151 magyarokkal tal\u00e1lkoztunk, azt\u00e1n k\u00e9zm\u0171ves gyermekekkel, akik a posztindusztri\u00e1lis korszakban fedezik fel az alkot\u00f3 k\u00e9z haszn\u00e1lat\u00e1ban rejl\u0151 \u00f6r\u00f6met.<\/p>\n<p>Olyan csal\u00e1dias egy\u00fcttl\u00e9t k\u00f6vetkezett vend\u00e9gl\u00e1t\u00f3inkkal, amely \u00f3hatatlanul esz\u00fcnkbe juttatta a kar\u00e1csonyt \u00e9s a t\u00e1volban hagyott otthonainkat. <\/p>\n<p>K\u00f6zeleg az amerikai tart\u00f3zkod\u00e1s v\u00e9ge.\u00a0<\/p>\n<p><strong>2016. 12. 2., p\u00e9ntek<br \/>\n(Boskola)<\/strong><\/p>\n<div>Ez egy m\u0171sz\u00f3. A Boston k\u00f6rny\u00e9ki magyar gyerekeket t\u00f6m\u00f6r\u00edt\u0151 magyar iskola. A Boston \u00e9s az iskola sz\u00f3 \u00f6sszevon\u00e1s\u00e1b\u00f3l\u00a0j\u00f6tt l\u00e9tre. \u0150ket l\u00e1togattuk meg. Cserk\u00e9sz csapataik is vannak, anyaorsz\u00e1gi, \u00e9s K\u00e1rp\u00e1t-medencei magyar\u00a0k\u00f6z\u00f6ss\u00e9gekkel tartanak fenn kapcsolatokat. Csereprogramokat is futtatnak. Itt tal\u00e1lkoztunk egy K\u0151r\u00f6si Csoma S\u00e1ndor-\u00f6szt\u00f6nd\u00edjas\u00a0di\u00e1kl\u00e1nnyal K\u00e1rp\u00e1talj\u00e1r\u00f3l, aki szeptember m\u00e1jus k\u00f6z\u00f6tti id\u0151szakban van itt \u00e9s seg\u00edti \u00f6nk\u00e9ntesk\u00e9nt az itteni\u00a0cserk\u00e9szeket, s \u00e1ltal\u00e1ban a magyar kezdem\u00e9nyez\u00e9seket.<br \/>\n\u00a0<\/div>\n<div style=\"text-align: center;\"><img loading=\"lazy\" decoding=\"async\" src=\"http:\/\/archivum.eloszekelyfold.ro\/wp-content\/uploads\/2021\/12\/31367058526_78c47ed3a1_z.jpg\" width=\"450\" height=\"300\" alt=\"\"><\/div>\n<div>\nEz az iskola k\u00e9thetente van, szombaton. Hol a katolikus, hol\u00a0az unit\u00e1rius egyh\u00e1zk\u00f6zs\u00e9gt\u0151l b\u00e9relik a helyis\u00e9geket. Egyik lelkes vezet\u0151j\u00fck R\u00e1cz L\u00edvia, akivel a ny\u00e1ron Kereszt\u00faron\u00a0ismerkedt\u00fcnk meg. <\/p>\n<p>Felvont\u00e1k a magyar z\u00e1szl\u00f3t a kis cserk\u00e9szek. Ezzel kezd\u0151d\u00f6tt a magyars\u00e1gtudat nevel\u00e9s. Meghat\u00f3\u00a0volt a c\u00edmeres z\u00e1szl\u00f3 mellett \u00e1llni, \u00e9s \u00e9rezni a k\u00f6z\u00f6ss\u00e9get. \u00c9s \u00e9rezni innen Bostonb\u00f3l hogy mennyire magunkra\u00a0vagyunk. Milyen kis nemzet vagyunk. \u00c9s ezekkel a t\u00e9nyekkel egy\u00fctt mennyire fontos, hogy milyen vezet\u0151ink vannak, mert\u00a0els\u0151sorban csak magunkra sz\u00e1m\u00edthatunk. <\/p>\n<p>Azt\u00e1n\u00a0visszaj\u00f6tt\u00fcnk Concordba, \u00e9s r\u00e9szt vett\u00fcnk az egyh\u00e1zk\u00f6zs\u00e9g 46. kar\u00e1csonyi k\u00e9zm\u0171ves v\u00e1s\u00e1r\u00e1n. Negyven \u00f6nk\u00e9ntes\u00a0szervezte meg, ezt a minden \u00e9vben egyszer megtartott v\u00e1s\u00e1rt, \u00e9s k\u00e9zm\u0171vesked\u00e9st. Az alapgondolat az, hogy a gyerekek\u00a0j\u00f6nnek a sz\u00fcl\u0151kkel, \u00e9s tev\u00e9kenykednek. A &#8216;kicsi kutya a nagyt\u00f3l tanul&#8217; elven bark\u00e1csolnak mad\u00e1retet\u0151t, festenek,\u00a0ragasztanak, hajtogatnak, nemezelnek, b\u0151rre bet\u0171ket nyomtatnak \u00e9s kulcstart\u00f3kat k\u00e9sz\u00edtenek. Ezek a kar\u00e1csonyi\u00a0aj\u00e1nd\u00e9kaik. Mivel t\u00f6bbnyire gazdag csal\u00e1dok, akik megengedhetn\u00e9nek maguknak dr\u00e1ga aj\u00e1nd\u00e9kokat, a gyerekeket arra\u00a0\u00f6szt\u00f6nzik, hogy \u0151k maguk k\u00e9sz\u00edtsenek aj\u00e1nd\u00e9kot. A fogyaszt\u00f3i t\u00e1rsadalomban egy \u00faj perspekt\u00edv\u00e1t k\u00edn\u00e1lnak. Befizettek\u00a015 doll\u00e1rt gyerekenk\u00e9nt, ebb\u0151l vett\u00e9k meg a kell\u00e9keket. Mintegy150 gyermek vett r\u00e9szt sz\u00fcleikkel egy\u00fctt. Nagyszer\u0171\u00a0volt l\u00e1tni, hogy a legkisebbek m\u00e1szk\u00e1ltak, a legnagyobbak pedig f\u00fartak, faragtak, kop\u00e1csoltak.<br \/>\n\u00a0<\/div>\n<div style=\"text-align: center;\"><img loading=\"lazy\" decoding=\"async\" src=\"http:\/\/archivum.eloszekelyfold.ro\/wp-content\/uploads\/2021\/12\/31288610791_eaa35614fa_z.jpg\" width=\"250\" height=\"333\" alt=\"\"><\/div>\n<div>\nEste a gy\u00fclekezet \u00e9nekvez\u00e9r\u00e9n\u00e9l gy\u0171lt\u00fcnk \u00f6ssze vacsor\u00e1ra. Zongora, git\u00e1r, p\u00e1ns\u00edp, Kereszt\u00far, Alm\u00e1s, szilvap\u00e1linka,\u00a0fuszulykaf\u0151zel\u00e9k, p\u00f6rk\u00f6lt, alm\u00e1st\u00e9szta, bor, \u00e9s sok ember. M\u00e9g akkor volt ilyen \u00e9lm\u00e9nyem, amikor 10 \u00e9vvel ezel\u0151tt\u00a0Carl Scovel lelk\u00e9sz zongor\u00e1zott, egy b\u00e9csi magyar heged\u00fclt, s egy\u00fctt \u00e9nekelt\u00fck, hogy Precious Lord take my hand\u00a0(\u00c9des istenem, fogd a kezem).<br \/>\n\u00a0<\/div>\n<div style=\"text-align: center;\"><img loading=\"lazy\" decoding=\"async\" src=\"http:\/\/archivum.eloszekelyfold.ro\/wp-content\/uploads\/2021\/12\/31371714786_6af6795ba6_z.jpg\" width=\"450\" height=\"338\" alt=\"\"><\/div>\n<div>\nK\u00f6zeledik a hazamen\u00e9s ideje. A csapatunk a csal\u00e1dr\u00f3l besz\u00e9l egyre t\u00f6bbet. A k\u00f6zelg\u0151 kar\u00e1csony gondolata is\u00a0beledolgozik. A t\u00e1sk\u00e1inkban is gy\u0171lnek a pul\u00f3verek s a piros zoknik.<br \/>\n<em><br \/>\nT\u00f3dor Csaba<\/em><\/div>\n<\/p><\/div>\n","protected":false},"excerpt":{"rendered":"<p>A p\u00e9nteki napon Boston k\u00f6rny\u00e9k\u00e9n \u00e9l\u0151 magyarokkal tal\u00e1lkoztunk, azt\u00e1n k\u00e9zm\u0171ves gyermekekkel, akik a posztindusztri\u00e1lis korszakban fedezik fel az alkot\u00f3 k\u00e9z haszn\u00e1lat\u00e1ban rejl\u0151 \u00f6r\u00f6met. Olyan csal\u00e1dias egy\u00fcttl\u00e9t k\u00f6vetkezett vend\u00e9gl\u00e1t\u00f3inkkal, amely \u00f3hatatlanul esz\u00fcnkbe juttatta a kar\u00e1csonyt \u00e9s a t\u00e1volban hagyott otthonainkat. K\u00f6zeleg az amerikai tart\u00f3zkod\u00e1s v\u00e9ge.\u00a0 2016. 12. 2., p\u00e9ntek (Boskola) Ez egy m\u0171sz\u00f3. A Boston k\u00f6rny\u00e9ki [&hellip;]<\/p>\n","protected":false},"author":1,"featured_media":28212,"comment_status":"open","ping_status":"open","sticky":false,"template":"","format":"standard","meta":{"footnotes":""},"categories":[],"tags":[],"class_list":["post-28211","post","type-post","status-publish","format-standard","has-post-thumbnail","hentry"],"_links":{"self":[{"href":"https:\/\/archivum.eloszekelyfold.ro\/index.php\/wp-json\/wp\/v2\/posts\/28211","targetHints":{"allow":["GET"]}}],"collection":[{"href":"https:\/\/archivum.eloszekelyfold.ro\/index.php\/wp-json\/wp\/v2\/posts"}],"about":[{"href":"https:\/\/archivum.eloszekelyfold.ro\/index.php\/wp-json\/wp\/v2\/types\/post"}],"author":[{"embeddable":true,"href":"https:\/\/archivum.eloszekelyfold.ro\/index.php\/wp-json\/wp\/v2\/users\/1"}],"replies":[{"embeddable":true,"href":"https:\/\/archivum.eloszekelyfold.ro\/index.php\/wp-json\/wp\/v2\/comments?post=28211"}],"version-history":[{"count":0,"href":"https:\/\/archivum.eloszekelyfold.ro\/index.php\/wp-json\/wp\/v2\/posts\/28211\/revisions"}],"wp:featuredmedia":[{"embeddable":true,"href":"https:\/\/archivum.eloszekelyfold.ro\/index.php\/wp-json\/wp\/v2\/media\/28212"}],"wp:attachment":[{"href":"https:\/\/archivum.eloszekelyfold.ro\/index.php\/wp-json\/wp\/v2\/media?parent=28211"}],"wp:term":[{"taxonomy":"category","embeddable":true,"href":"https:\/\/archivum.eloszekelyfold.ro\/index.php\/wp-json\/wp\/v2\/categories?post=28211"},{"taxonomy":"post_tag","embeddable":true,"href":"https:\/\/archivum.eloszekelyfold.ro\/index.php\/wp-json\/wp\/v2\/tags?post=28211"}],"curies":[{"name":"wp","href":"https:\/\/api.w.org\/{rel}","templated":true}]}}