{"id":28209,"date":"2021-12-13T01:37:01","date_gmt":"2021-12-13T01:37:01","guid":{"rendered":"http:\/\/archivum.eloszekelyfold.ro\/2021\/12\/13\/szoveg-es-dallam-viszonya-nepdalainkban\/"},"modified":"2021-12-13T01:37:01","modified_gmt":"2021-12-13T01:37:01","slug":"szoveg-es-dallam-viszonya-nepdalainkban","status":"publish","type":"post","link":"https:\/\/archivum.eloszekelyfold.ro\/index.php\/2021\/12\/13\/szoveg-es-dallam-viszonya-nepdalainkban\/","title":{"rendered":"Sz\u00f6veg \u00e9s dallam viszonya n\u00e9pdalainkban"},"content":{"rendered":"<p><\/p>\n<div style=\"color:#666666; font-family:inherit; font-size:14px;font-style: normal;text-align:left;line-height:24px;\">\n<div style=\"float:left\"><img decoding=\"async\" src=\"http:\/\/archivum.eloszekelyfold.ro\/wp-content\/uploads\/2021\/12\/655_unnamed.jpg\" alt=\" Sz\u00f6veg \u00e9s dallam viszonya n\u00e9pdalainkban\" style=\"padding-right:14px; padding-bottom:6px; padding-top:6px;\" width=\"320px\"><\/div>\n<p>                              Ezzel a c\u00edmmel tart el\u0151ad\u00e1st Alm\u00e1si Istv\u00e1n n\u00e9pzenekutat\u00f3 tart el\u0151ad\u00e1st a M\u0171vel\u0151d\u00e9s Estek keret\u00e9ben, 2016. december\u00a08-\u00e1n, 18.00 \u00f3r\u00e1t\u00f3l, cs\u00fct\u00f6rt\u00f6k\u00f6n a kolozsv\u00e1ri Gy\u00f6rk\u00f6s M\u00e1nyi Albert Eml\u00e9kh\u00e1zban.<\/p>\n<p>A n\u00e9pdalokban voltak\u00e9ppen k\u00e9t azonos \u00e9rt\u00e9k\u0171 m\u0171v\u00e9szet, zene \u00e9s k\u00f6lt\u00e9szet van egyidej\u0171leg jelen. <\/p>\n<p>Kod\u00e1ly Zolt\u00e1n\u00a0hasonlata szerint \u201eA dallam \u00e9s a sz\u00f6veg k\u00e9miai nyelven sz\u00f3lva: vegy\u00fclet, nem kever\u00e9k.\u201d Sepr\u0151di J\u00e1nos pedig \u00edgy\u00a0v\u00e9lekedett ugyanerr\u0151l: \u201eK\u00e9t k\u00fcl\u00f6n m\u0171v\u00e9szet ritmus\u00e1r\u00f3l van sz\u00f3: egyik a zen\u00e9\u00e9, m\u00e1sik a sz\u00f3k\u00f6lt\u00e9szet\u00e9. Ez a kett\u0151 az\u00a0\u00e9nekelt dalban frigyre l\u00e9p egym\u00e1ssal. Az egyes\u00fcl\u00e9s mindk\u00e9t f\u00e9lre n\u00e9zve k\u00f6vetkezm\u00e9nyekkel j\u00e1r [\u2026]\u201d <\/p>\n<p>Ezen gondolatok\u00a0ment\u00e9n fejti ki a t\u00e9m\u00e1t a kiv\u00e1l\u00f3 n\u00e9pzenetud\u00f3s.<\/p>\n<p>Az est h\u00e1zigazd\u00e1ja D\u00e1n\u00e9 Tibor K\u00e1lm\u00e1n, a M\u0171vel\u0151d\u00e9s foly\u00f3irat f\u0151szerkeszt\u0151je.<\/p>\n<p>Minden kedves \u00e9rdekl\u0151d\u0151t sok szeretettel v\u00e1rnak!<\/p>\n<div style=\"text-align: center;\">www.muvelodes.net<br \/>\n<img loading=\"lazy\" decoding=\"async\" src=\"http:\/\/archivum.eloszekelyfold.ro\/wp-content\/uploads\/2021\/12\/emke(14).jpg\" width=\"84\" height=\"84\" alt=\"\"><\/div>\n<div style=\"text-align: center;\">www.emke.ro<\/div>\n<div style=\"text-align: left;\"><em>\u00c9l\u0151 Sz\u00e9kelyf\u00f6ld Munkacsoport<\/em><\/div>\n<\/p><\/div>\n","protected":false},"excerpt":{"rendered":"<p>Ezzel a c\u00edmmel tart el\u0151ad\u00e1st Alm\u00e1si Istv\u00e1n n\u00e9pzenekutat\u00f3 tart el\u0151ad\u00e1st a M\u0171vel\u0151d\u00e9s Estek keret\u00e9ben, 2016. december\u00a08-\u00e1n, 18.00 \u00f3r\u00e1t\u00f3l, cs\u00fct\u00f6rt\u00f6k\u00f6n a kolozsv\u00e1ri Gy\u00f6rk\u00f6s M\u00e1nyi Albert Eml\u00e9kh\u00e1zban. A n\u00e9pdalokban voltak\u00e9ppen k\u00e9t azonos \u00e9rt\u00e9k\u0171 m\u0171v\u00e9szet, zene \u00e9s k\u00f6lt\u00e9szet van egyidej\u0171leg jelen. Kod\u00e1ly Zolt\u00e1n\u00a0hasonlata szerint \u201eA dallam \u00e9s a sz\u00f6veg k\u00e9miai nyelven sz\u00f3lva: vegy\u00fclet, nem kever\u00e9k.\u201d Sepr\u0151di J\u00e1nos pedig [&hellip;]<\/p>\n","protected":false},"author":1,"featured_media":28210,"comment_status":"open","ping_status":"open","sticky":false,"template":"","format":"standard","meta":{"footnotes":""},"categories":[],"tags":[],"class_list":["post-28209","post","type-post","status-publish","format-standard","has-post-thumbnail","hentry"],"_links":{"self":[{"href":"https:\/\/archivum.eloszekelyfold.ro\/index.php\/wp-json\/wp\/v2\/posts\/28209","targetHints":{"allow":["GET"]}}],"collection":[{"href":"https:\/\/archivum.eloszekelyfold.ro\/index.php\/wp-json\/wp\/v2\/posts"}],"about":[{"href":"https:\/\/archivum.eloszekelyfold.ro\/index.php\/wp-json\/wp\/v2\/types\/post"}],"author":[{"embeddable":true,"href":"https:\/\/archivum.eloszekelyfold.ro\/index.php\/wp-json\/wp\/v2\/users\/1"}],"replies":[{"embeddable":true,"href":"https:\/\/archivum.eloszekelyfold.ro\/index.php\/wp-json\/wp\/v2\/comments?post=28209"}],"version-history":[{"count":0,"href":"https:\/\/archivum.eloszekelyfold.ro\/index.php\/wp-json\/wp\/v2\/posts\/28209\/revisions"}],"wp:featuredmedia":[{"embeddable":true,"href":"https:\/\/archivum.eloszekelyfold.ro\/index.php\/wp-json\/wp\/v2\/media\/28210"}],"wp:attachment":[{"href":"https:\/\/archivum.eloszekelyfold.ro\/index.php\/wp-json\/wp\/v2\/media?parent=28209"}],"wp:term":[{"taxonomy":"category","embeddable":true,"href":"https:\/\/archivum.eloszekelyfold.ro\/index.php\/wp-json\/wp\/v2\/categories?post=28209"},{"taxonomy":"post_tag","embeddable":true,"href":"https:\/\/archivum.eloszekelyfold.ro\/index.php\/wp-json\/wp\/v2\/tags?post=28209"}],"curies":[{"name":"wp","href":"https:\/\/api.w.org\/{rel}","templated":true}]}}