{"id":28207,"date":"2021-12-13T01:35:01","date_gmt":"2021-12-13T01:35:01","guid":{"rendered":"http:\/\/archivum.eloszekelyfold.ro\/2021\/12\/13\/advent-atyhaban\/"},"modified":"2021-12-13T01:35:01","modified_gmt":"2021-12-13T01:35:01","slug":"advent-atyhaban","status":"publish","type":"post","link":"https:\/\/archivum.eloszekelyfold.ro\/index.php\/2021\/12\/13\/advent-atyhaban\/","title":{"rendered":"Advent Atyh\u00e1ban"},"content":{"rendered":"<p><\/p>\n<div style=\"color:#666666; font-family:inherit; font-size:14px;font-style: normal;text-align:left;line-height:24px;\">\n<div style=\"float:left\"><img decoding=\"async\" src=\"http:\/\/archivum.eloszekelyfold.ro\/wp-content\/uploads\/2021\/12\/656_DSCN0151.JPG\" alt=\"Advent Atyh\u00e1ban\" style=\"padding-right:14px; padding-bottom:6px; padding-top:6px;\" width=\"320px\"><\/div>\n<p>                              Ha nincs temploma az egyh\u00e1zk\u00f6zs\u00e9gnek, \u00fcnnepei \u00e9s h\u00e9tk\u00f6znapjai akkor is vannak. Atyh\u00e1ban &#8211; b\u00e1r nagy feladat h\u00e1rul a t\u0171zv\u00e9sz ut\u00e1n a k\u00f6z\u00f6ss\u00e9gre &#8211; t\u00f6retlen a vall\u00e1sos szellem. Azt is ki lehet jelenteni, hogy az alig k\u00e9tsz\u00e1z f\u0151s k\u00f6z\u00f6ss\u00e9get m\u00e9g ink\u00e1bb \u00f6sszekov\u00e1csolta a csap\u00e1s, amely \u0151ket \u00e9rte szeptember 18-\u00e1n.<\/p>\n<div style=\"text-align: left;\">Advent m\u00e1sodik vas\u00e1rnapj\u00e1n j\u00e1rtunk ott \u00e9s vett\u00fcnk r\u00e9szt a szentmis\u00e9n. \u00d6rvendetes, hogy ezalkalommal is egy\u00fctt volt az az 50-60 ember, aki rendszeres templombaj\u00e1r\u00f3. <\/p>\n<p>&#8222;M\u00e9g sokkal t\u00f6bb er\u0151 \u00e9s lehet\u0151s\u00e9g van a helyiekben &#8211; mondotta Adorj\u00e1n Imre pl\u00e9b\u00e1nos -, hiszen sokan \u00fagy vannak ezzel, hogy hanyagolj\u00e1k, elhalasztj\u00e1k a templombaj\u00e1r\u00e1st. Egy\u00e9bk\u00e9nt \u00f6rvendetes dolog, hogy a sz\u0171k\u00f6s lehet\u0151s\u00e9gek k\u00f6zepette is elkezdhett\u00fck az adventi hajnali mis\u00e9ket, a ror\u00e1t\u00e9kat. Nem olyan \u00fcnnep\u00e9lyes \u00e9s titokzatos, mint lehetne egy t\u00e1gas templomban, de a szer\u00e9ny k\u00f6r\u00fclm\u00e9nyek mellett is v\u00e9gezz\u00fck.&#8221;<br \/>\n\u00a0<\/div>\n<div style=\"text-align: left;\"><strong>Adventi ror\u00e1t\u00e9k<\/strong><br \/>\n<em><br \/>\nH\u00e9tf\u0151n, szerd\u00e1n \u00e9s szombaton tartanak az adventben ror\u00e1t\u00e9kat, hajlnali f\u00e9l h\u00e9tt\u0151l kezd\u0151d\u0151en.<\/em> H\u00e9tk\u00f6zben a k\u00f6zeli iskol\u00e1ba j\u00e1r\u00f3 gyermekek \u00e9s a pedag\u00f3gusok is jelen lehetnek, szombaton pedig v\u00e1rj\u00e1k azokat is akik a k\u00f6zeli v\u00e1rosokb\u00f3l \u00e9rkeznek haza a h\u00e9tv\u00e9g\u00e9kre.<\/div>\n<div style=\"text-align: center;\">\n<img loading=\"lazy\" decoding=\"async\" src=\"http:\/\/archivum.eloszekelyfold.ro\/wp-content\/uploads\/2021\/12\/DSCN0143.JPG\" width=\"450\" height=\"338\" alt=\"\"><\/div>\n<p>\nVas\u00e1rnap szents\u00e9gim\u00e1d\u00e1son is r\u00e9sztvehett\u00fcnk. El\u0151ker\u00fclt a monstrancia \u00e9s a f\u00fcst\u00f6l\u0151 &#8211; k\u00e9t olyan kegyt\u00e1rgy, amely t\u00fal\u00e9lte a sajn\u00e1latos t\u0171zesetet -, s fel\u00f6tl\u00f6tt ism\u00e9t benn\u00fcnk, hogy mennyi p\u00e9nzre, mennyi muk\u00e1ra, s milyen sok id\u0151re lesz sz\u00fcks\u00e9g, hogy az \u00faj templom fel\u00e9p\u00fclj\u00f6n, s a k\u00fcl\u00f6nb\u00f6z\u0151 felszerel\u00e9sek, kell\u00e9kek is a hely\u00fckre ker\u00fcljenek! Neh\u00e9z \u00e9s embert pr\u00f3b\u00e1l\u00f3 feladat.<\/p>\n<div style=\"text-align: center;\"><img loading=\"lazy\" decoding=\"async\" src=\"http:\/\/archivum.eloszekelyfold.ro\/wp-content\/uploads\/2021\/12\/DSCN0158.JPG\" width=\"450\" height=\"347\" alt=\"\"><\/div>\n<div style=\"text-align: center;\"><em>A szents\u00e9gtart\u00f3 egyike azon kev\u00e9s t\u00e1rgyaknak, amelyek t\u00fal\u00e9lt\u00e9k a t\u0171zv\u00e9szt<\/em><\/div>\n<p>\nA pl\u00e9b\u00e1nossal \u00e9s a gondnokkal val\u00f3 besz\u00e9lget\u00e9s sor\u00e1n megtudtuk, hogy a gy\u0171jt\u00e9s messze t\u00fall\u00e9pte a falu vagy a megye, s\u0151t a K\u00e1rp\u00e1t-medence hat\u00e1rait is. Kanad\u00e1ban \u00e9l\u0151 magyarok k\u00f6r\u00e9ben is gy\u0171jt\u00f6ttek az \u00e9p\u00edtkez\u00e9sre.<em> Atyha templom\u00e1t tulajdonk\u00e9ppen a vil\u00e1g magyars\u00e1ga \u00e9p\u00edti p\u00e9ld\u00e1s \u00f6sszefog\u00e1ssal. <\/em><\/p>\n<div style=\"text-align: center;\"><img loading=\"lazy\" decoding=\"async\" src=\"http:\/\/archivum.eloszekelyfold.ro\/wp-content\/uploads\/2021\/12\/DSCN0135.JPG\" width=\"300\" height=\"233\" alt=\"\"><br \/>\n\u00a0<\/div>\n<div style=\"text-align: center;\"><img loading=\"lazy\" decoding=\"async\" src=\"http:\/\/archivum.eloszekelyfold.ro\/wp-content\/uploads\/2021\/12\/DSCN0138(1).jpg\" width=\"300\" height=\"420\" alt=\"\">\u00a0<\/div>\n<div style=\"text-align: center;\"><em>A templom falait ponyv\u00e1kkal v\u00e9dik a t\u00e9li id\u0151j\u00e1r\u00e1s <br \/>\nszesz\u00e9lyeit\u0151l &#8211; az \u00e9p\u00edtkez\u00e9st m\u00e1r csak tavasszal <br \/>\ntudj\u00e1k elkezdeni<\/em><\/div>\n<div>\nK\u00fcl\u00f6nb\u00f6z\u0151 f\u00f3rumokon elhangzott, hogy hazai \u00e9s magyarorsz\u00e1gi \u00e1llami forr\u00e1sokat is juttatnak majd a templom munk\u00e1lataira. Ezid\u00e1ig mintegy 700 ezer lejnyi k\u00e9szp\u00e9nz ker\u00fclt a sz\u00e1ml\u00e1ra, illetve jelent\u0151s \u00e9rt\u00e9k\u0171 felaj\u00e1nl\u00e1sok is \u00e9rkeztek. Az \u00f6sszegz\u00e9st neh\u00e9z elv\u00e9gezni, hiszen folyamatosan \u00e9rkeznek az adom\u00e1nyok. Hamarosan \u00e1tn\u00e9zik a novemberi banksz\u00e1mla-kivionatot \u00e9s k\u00f6zlik a b\u00e9rkezett \u00f6sszegek nagys\u00e1g\u00e1t \u00e9s azok sz\u00e1rmaz\u00e1si hely\u00e9t. <em>(Ezek a r\u00e9szletek egy k\u00f6vetkez\u0151 \u00edr\u00e1sunk t\u00e9m\u00e1j\u00e1t fogj\u00e1k k\u00e9pezni<\/em>.)<br \/>\n\u00a0<\/div>\n<div style=\"text-align: center;\"><img loading=\"lazy\" decoding=\"async\" src=\"http:\/\/archivum.eloszekelyfold.ro\/wp-content\/uploads\/2021\/12\/DSCN0136(1).jpg\" width=\"300\" height=\"231\" alt=\"\"><\/div>\n<p><\/p>\n<div style=\"text-align: center;\"><img loading=\"lazy\" decoding=\"async\" src=\"http:\/\/archivum.eloszekelyfold.ro\/wp-content\/uploads\/2021\/12\/DSCN0162.JPG\" width=\"300\" height=\"216\" alt=\"\">\u00a0<\/div>\n<div style=\"text-align: left;\">\u00a0<\/div>\n<div style=\"text-align: center;\"><img loading=\"lazy\" decoding=\"async\" src=\"http:\/\/archivum.eloszekelyfold.ro\/wp-content\/uploads\/2021\/12\/DSCN0175.JPG\" width=\"300\" height=\"225\" alt=\"\" style=\"text-align: center;\"><\/div>\n<div style=\"text-align: left;\">\nFarkas Antal koll\u00e9g\u00e1nk r\u00f6vid tud\u00f3s\u00edt\u00e1st k\u00e9sz\u00edtett az ECHO TV, illetve m\u00e1s m\u00e9diumok sz\u00e1m\u00e1ra is, de ugyanakkor r\u00f6gz\u00edtette az advent m\u00e1sodik vas\u00e1rnapj\u00e1n elhnagzott pr\u00e9dik\u00e1ci\u00f3t, amely egyr\u00e9szt azt szolg\u00e1lja, hogy megossza az \u00e9lm\u00e9nyt, m\u00e1sr\u00e9szt pedig hazacsalogassa azokat, akik kar\u00e1csony-v\u00e1r\u00f3 l\u00e9lekkel a sz\u00fcl\u0151faluban szeretn\u00e9nek im\u00e1dkozni \u00e9s k\u00e9sz\u00fclni a Megv\u00e1lt\u00f3 elj\u00f6vetel\u00e9re. \u00a0 \u00a0<br \/>\n\u00a0<\/div>\n<div style=\"text-align: center;\"><embed type=\"application\/x-shockwave-flash\" pluginspage=\"http:\/\/www.macromedia.com\/go\/getflashplayer\" src=\"http:\/\/www.youtube.com\/v\/F0e7AzV-BVc&#038;feature=youtu.be%26hl=en%26fs=1%26rel=0\" width=\"425\" height=\"344\"><\/embed><\/div>\n<div style=\"text-align: left;\"><em><br \/>\n<\/em><\/div>\n<p><em>A szerz\u0151 felv\u00e9telei.<br \/>\nSim\u00f3 M\u00e1rton\/ \u00c9l\u0151 Sz\u00e9kelyf\u00f6ld Munkacsoport<\/em>\n                        <\/div>\n","protected":false},"excerpt":{"rendered":"<p>Ha nincs temploma az egyh\u00e1zk\u00f6zs\u00e9gnek, \u00fcnnepei \u00e9s h\u00e9tk\u00f6znapjai akkor is vannak. Atyh\u00e1ban &#8211; b\u00e1r nagy feladat h\u00e1rul a t\u0171zv\u00e9sz ut\u00e1n a k\u00f6z\u00f6ss\u00e9gre &#8211; t\u00f6retlen a vall\u00e1sos szellem. Azt is ki lehet jelenteni, hogy az alig k\u00e9tsz\u00e1z f\u0151s k\u00f6z\u00f6ss\u00e9get m\u00e9g ink\u00e1bb \u00f6sszekov\u00e1csolta a csap\u00e1s, amely \u0151ket \u00e9rte szeptember 18-\u00e1n. Advent m\u00e1sodik vas\u00e1rnapj\u00e1n j\u00e1rtunk ott \u00e9s vett\u00fcnk [&hellip;]<\/p>\n","protected":false},"author":1,"featured_media":28208,"comment_status":"open","ping_status":"open","sticky":false,"template":"","format":"standard","meta":{"footnotes":""},"categories":[],"tags":[],"class_list":["post-28207","post","type-post","status-publish","format-standard","has-post-thumbnail","hentry"],"_links":{"self":[{"href":"https:\/\/archivum.eloszekelyfold.ro\/index.php\/wp-json\/wp\/v2\/posts\/28207","targetHints":{"allow":["GET"]}}],"collection":[{"href":"https:\/\/archivum.eloszekelyfold.ro\/index.php\/wp-json\/wp\/v2\/posts"}],"about":[{"href":"https:\/\/archivum.eloszekelyfold.ro\/index.php\/wp-json\/wp\/v2\/types\/post"}],"author":[{"embeddable":true,"href":"https:\/\/archivum.eloszekelyfold.ro\/index.php\/wp-json\/wp\/v2\/users\/1"}],"replies":[{"embeddable":true,"href":"https:\/\/archivum.eloszekelyfold.ro\/index.php\/wp-json\/wp\/v2\/comments?post=28207"}],"version-history":[{"count":0,"href":"https:\/\/archivum.eloszekelyfold.ro\/index.php\/wp-json\/wp\/v2\/posts\/28207\/revisions"}],"wp:featuredmedia":[{"embeddable":true,"href":"https:\/\/archivum.eloszekelyfold.ro\/index.php\/wp-json\/wp\/v2\/media\/28208"}],"wp:attachment":[{"href":"https:\/\/archivum.eloszekelyfold.ro\/index.php\/wp-json\/wp\/v2\/media?parent=28207"}],"wp:term":[{"taxonomy":"category","embeddable":true,"href":"https:\/\/archivum.eloszekelyfold.ro\/index.php\/wp-json\/wp\/v2\/categories?post=28207"},{"taxonomy":"post_tag","embeddable":true,"href":"https:\/\/archivum.eloszekelyfold.ro\/index.php\/wp-json\/wp\/v2\/tags?post=28207"}],"curies":[{"name":"wp","href":"https:\/\/api.w.org\/{rel}","templated":true}]}}