{"id":28205,"date":"2021-12-13T01:33:01","date_gmt":"2021-12-13T01:33:01","guid":{"rendered":"http:\/\/archivum.eloszekelyfold.ro\/2021\/12\/13\/szekelyudvarhely-fejleszteserol-egyeztettek\/"},"modified":"2021-12-13T01:33:01","modified_gmt":"2021-12-13T01:33:01","slug":"szekelyudvarhely-fejleszteserol-egyeztettek","status":"publish","type":"post","link":"https:\/\/archivum.eloszekelyfold.ro\/index.php\/2021\/12\/13\/szekelyudvarhely-fejleszteserol-egyeztettek\/","title":{"rendered":"Sz\u00e9kelyudvarhely fejleszt\u00e9s\u00e9r\u0151l egyeztettek"},"content":{"rendered":"<p><\/p>\n<div style=\"color:#666666; font-family:inherit; font-size:14px;font-style: normal;text-align:left;line-height:24px;\">\n<div style=\"float:left\"><img decoding=\"async\" src=\"http:\/\/archivum.eloszekelyfold.ro\/wp-content\/uploads\/2021\/12\/657_varoshaza_udv.jpg\" alt=\"Sz\u00e9kelyudvarhely fejleszt\u00e9s\u00e9r\u0151l egyeztettek\" style=\"padding-right:14px; padding-bottom:6px; padding-top:6px;\" width=\"320px\"><\/div>\n<p>                              A sz\u00e9kelyudvarhelyi v\u00e1rosh\u00e1za vend\u00e9gei voltak december 5-\u00e9n d\u00e9lut\u00e1n Kelemen Hunor, a Rom\u00e1niai Magyar Demokrata Sz\u00f6vets\u00e9g (RMDSZ) eln\u00f6ke \u00e9s B\u00edr\u00f3 Zsolt, a Magyar Polg\u00e1ri P\u00e1rt (MPP) eln\u00f6ke. A parlamenti v\u00e1laszt\u00e1sokon egy\u00fcttesen indul\u00f3 k\u00e9t magyar szervezet eln\u00f6ke annak a megh\u00edv\u00e1snak tett eleget, melyet a v\u00e1ros elk\u00f6vetkez\u0151 id\u0151szakban t\u00f6rt\u00e9n\u0151 fejleszt\u00e9si projektjei t\u00e1mogat\u00e1sa \u00e9rdek\u00e9ben int\u00e9zett fel\u00e9j\u00fck G\u00e1lfi \u00c1rp\u00e1d polg\u00e1rmester.<\/p>\n<p>B\u0151 f\u00e9l \u00e9vvel ezel\u0151tt, a helyhat\u00f3s\u00e1gi v\u00e1laszt\u00e1si kamp\u00e1nyban azt \u00edg\u00e9rtem a sz\u00e9kelyudvarhelyieknek &#8211; \u00e1ll G\u00e1lfi \u00c1rp\u00e1d nyilatkozat\u00e1ban -, hogy a nagypolitik\u00e1val nem k\u00edv\u00e1nok foglalkozni, illetve a politikusokkal val\u00f3 egy\u00fcttm\u0171k\u00f6d\u00e9sem sor\u00e1n csak \u00e9s kiz\u00e1r\u00f3lag a v\u00e1ros \u00e9rdekeit fogom szem el\u0151tt tartani. \u00dagy gondolom, hogy az elm\u00falt id\u0151szakban az \u00faj v\u00e1rosvezet\u00e9s bebizony\u00edtotta, hogy komolyan gondolja akkori \u00edg\u00e9ret\u00e9t. <\/p>\n<p>Ezt szeretn\u00e9m k\u00e9pviselni a tov\u00e1bbiakban is, \u00e9s ez azt is jelenti, hogy meg fogok mindent tenni annak \u00e9rdek\u00e9ben, hogy Sz\u00e9kelyudvarhely a lehet\u0151 legt\u00f6bb fejleszt\u00e9si forr\u00e1shoz jusson. Ez nem val\u00f3sulhat azonban meg elz\u00e1rk\u00f3z\u00e1s, bez\u00e1rk\u00f3z\u00e1s vagy az egy\u00fcttm\u0171k\u00f6d\u00e9s-k\u00e9ptelens\u00e9ge miatt. Ebb\u0151l \u00e9pp el\u00e9g jutott az elm\u00falt id\u0151szakban a v\u00e1rosnak, van is k\u00e1runk bel\u0151le b\u0151ven.<\/p>\n<p>A meghirdetett nyitotts\u00e1g \u00e9s egy\u00fcttm\u0171k\u00f6d\u00e9s szellem\u00e9ben, a v\u00e1ros \u00e9rdekei\u00e9rt folyamatosan k\u00e9rni fogom a politika szerepl\u0151inek k\u00f6zbenj\u00e1r\u00e1s\u00e1t, a v\u00e1ros ig\u00e9nyeinek hat\u00e1rozott felv\u00e1llal\u00e1s\u00e1t.<\/p>\n<p>A fentiek jegy\u00e9ben ker\u00fclt sor a mai tal\u00e1lkoz\u00f3ra a december 11-ei v\u00e1laszt\u00e1sokon r\u00e9szt vev\u0151 k\u00e9t magyar szervezet vezet\u0151j\u00e9vel.<\/p>\n<div style=\"text-align: center;\"><img loading=\"lazy\" decoding=\"async\" src=\"http:\/\/archivum.eloszekelyfold.ro\/wp-content\/uploads\/2021\/12\/007.jpg\" width=\"450\" height=\"352\" alt=\"\"><\/div>\n<div style=\"text-align: center;\"><em>Sim\u00f3 M\u00e1rton felv\u00e9tele<\/em><\/div>\n<p>\nA vas\u00e1rnapi parlamenti v\u00e1laszt\u00e1sok sor\u00e1n k\u00e9pvisel\u0151ket \u00e9s szen\u00e1torokat fog k\u00fcldeni, megv\u00e1lasztani a t\u00f6rv\u00e9nyhoz\u00e1s k\u00e9t h\u00e1z\u00e1ba az erd\u00e9lyi, rom\u00e1niai magyars\u00e1g. Amint nekem v\u00e1rosvezet\u0151k\u00e9nt Sz\u00e9kelyudvarhely \u00e9rdekeinek k\u00e9pviselete, a v\u00e1ros fejleszt\u00e9se az els\u0151dleges, akk\u00e9nt a megv\u00e1lasztand\u00f3 magyar k\u00e9pvisel\u0151k \u00e9s szen\u00e1torok az erd\u00e9lyi magyars\u00e1g, k\u00f6zt\u00fck a sz\u00e9kelyudvarhelyiek, a mi \u00e9rdekeit is kell \u00e9s k\u00f6teless\u00e9g\u00fck k\u00e9pviselni\u00fck.<\/p>\n<p>Ez\u00e9rt h\u00edvtam meg Sz\u00e9kelyudvarhelyre Eln\u00f6k urakat, hogy arra k\u00e9rjem \u0151ket, v\u00e1llalj\u00e1k fel \u00e9s t\u00e1mogass\u00e1k Sz\u00e9kelyudvarhely fejleszt\u00e9s\u00e9t. V\u00e1llalj\u00e1k fel \u00e9s t\u00e1mogass\u00e1k a rendelkez\u00e9s\u00fckre \u00e1ll\u00f3 parlamenti \u00e9s egy\u00e9b eszk\u00f6z\u00f6kkel annak a v\u00e1rosfejleszt\u00e9si koncepci\u00f3nak a gyakorlatba \u00fcltet\u00e9s\u00e9t, melynek kidolgoz\u00e1s\u00e1t az elm\u00falt id\u0151szakban szakemberek bevon\u00e1s\u00e1val elkezdt\u00fck, s mely v\u00e9gleges\u00edt\u00e9s el\u0151tt \u00e1ll.<\/p>\n<p>A v\u00e1rosnak Budapest mellett, az anyaorsz\u00e1gi forr\u00e1sok mellett, nagyon fontos az is, hogy Bukarestb\u0151l is le tudjuk h\u00edvni mindazon k\u00f6zponti p\u00e9nzalapokat, finansz\u00edroz\u00e1si forr\u00e1sokat, melyek minket megilletnek, s melyek sz\u00fcks\u00e9gesek az\u00e9rt, hogy el\u0151re l\u00e9pj\u00fcnk.<\/p>\n<p>A m\u00e1r eml\u00edtett v\u00e1rosfejleszt\u00e9si koncepci\u00f3 t\u00f6bb fontos projektet is mag\u00e1ba foglal. Ebb\u0151l emelt\u00fcnk ki \u00f6t olyan meghat\u00e1roz\u00f3 fejleszt\u00e9si tervet &#8211; <strong>a v\u00e1rost tehermentes\u00edt\u0151 \u00e9szak- nyugat ir\u00e1ny\u00fa terel\u0151\u00fat elk\u00e9sz\u00edt\u00e9se, a t\u00f6rt\u00e9nelmi v\u00e1rosk\u00f6zpont teljes k\u00f6r\u0171 fel\u00faj\u00edt\u00e1sa, a Sz\u00e9kelyt\u00e1madt V\u00e1r teljes k\u00f6r\u0171 rehabilit\u00e1ci\u00f3ja, gy\u00f3gyf\u00fcrd\u0151 komplexum l\u00e9tes\u00edt\u00e9se a Szejkef\u00fcrd\u0151n, valamint v\u00e1rosi fedett uszoda \u00e9s sportb\u00e1zis \u00e9p\u00edt\u00e9se<\/strong> &#8211; amelyeket egy v\u00e1rosfejleszt\u00e9si egy\u00fcttm\u0171k\u00f6d\u00e9si meg\u00e1llapod\u00e1sba foglalva a jel\u00f6lteket \u00e1ll\u00edt\u00f3 k\u00e9t p\u00e1rt eln\u00f6k\u00e9vel k\u00f6z\u00f6sen \u00edrtunk al\u00e1.<\/p>\n<p>B\u00edzok abban, hogy a k\u00e9t magyar politikai szervezet eln\u00f6k\u00e9nek al\u00e1\u00edr\u00e1s\u00e1val szentes\u00edtett v\u00e1rosfejleszt\u00e9si meg\u00e1llapod\u00e1sban foglaltak megval\u00f3sul\u00e1s\u00e1\u00e9rt komoly munk\u00e1t fog kifejteni a bukaresti k\u00e9pviselet, sz\u00edv\u00fcgy\u00e9nek fogja tekinteni Sz\u00e9kelyudvarhely fejleszt\u00e9s\u00e9t.<\/p>\n<div style=\"text-align: center;\"><img loading=\"lazy\" decoding=\"async\" src=\"http:\/\/archivum.eloszekelyfold.ro\/wp-content\/uploads\/2021\/12\/008.jpg\" width=\"450\" height=\"391\" alt=\"\"><\/div>\n<div style=\"text-align: center;\"><em>A tal\u00e1lkoz\u00f3t jelenl\u00e9t\u00e9vel megtisztelte Verest\u00f3y Attila aktu\u00e1lis szen\u00e1tor is,<br \/>\nakit nem l\u00e1tni t\u00fal s\u0171r\u0171n a k\u00f6rzet\u00e9ben &#8211; lesz\u00e1m\u00edtva a falunapokat \u00e9s n\u00e9h\u00e1ny<br \/>\nsportesem\u00e9nyt -, s aki veter\u00e1nnak sz\u00e1m\u00edt a honi politik\u00e1ban, hiszen karrierje<br \/>\n1990 \u00f3ta t\u00f6retlen, fels\u0151h\u00e1zi helye most is t\u00f6bb mint biztos <br \/>\n(Sim\u00f3 M\u00e1rton felv\u00e9tele)<\/em><\/div>\n<p>\nA k\u00f6zelg\u0151 v\u00e1laszt\u00e1sokkal kapcsolatosan pedig Orb\u00e1n Viktor minisztereln\u00f6k \u00farnak a nemr\u00e9g lezajlott Magyar \u00c1lland\u00f3 \u00c9rtekezlet alkalm\u00e1val megfogalmazott \u00fczenet\u00e9t emeln\u00e9m ki, melyben Minisztereln\u00f6k \u00far arra k\u00e9ri az erd\u00e9lyi magyars\u00e1got, hogy szavazzanak, a vezet\u0151ik m\u0171k\u00f6djenek egy\u00fctt, \u00e9s a bukaresti k\u00e9pviselet szempontj\u00e1t helyezz\u00e9k az els\u0151 helyre.<\/p>\n<div style=\"text-align: center;\"><img loading=\"lazy\" decoding=\"async\" src=\"http:\/\/archivum.eloszekelyfold.ro\/wp-content\/uploads\/2021\/12\/udvarhely_belv\u00e1ros.jpg\" width=\"600\" height=\"206\" alt=\"\"><\/div>\n<div style=\"text-align: center;\"><em>R\u00e9szlet Erd\u00e9ly B\u00e1lint El\u0151d Sz\u00e9kelyudvarhely belv\u00e1ros\u00e1r\u00f3l k\u00e9sz\u00fclt felv\u00e9telb\u0151l<\/em><\/div>\n<p>\nA k\u00e9t p\u00e1rtvezet\u0151 a tal\u00e1lkoz\u00f3 v\u00e9g\u00e9n k\u00e9zjegy\u00e9vel l\u00e1tta el a nyilatkozatot. <\/p>\n<p>T\u00f6rt\u00e9nt mindez abban a rem\u00e9nyben, hogy a politikum a k\u00f6vetkez\u0151 n\u00e9gy \u00e9vben igyekszik majd az itt felvetett \u00f6tleteket val\u00f3ra v\u00e1ltani az udverhelysz\u00e9ki v\u00e1laszt\u00f3k \u00e9rdek\u00e9ben. Ami hosszabb t\u00e1von a sz\u00e9kelys\u00e9g \u00e9s a rom\u00e1niai magyars\u00e1g anyagi \u00e9s szellemi gyarapod\u00e1s\u00e1t is szolg\u00e1lja.<br \/>\n<em><br \/>\n\u00c9l\u0151 Sz\u00e9kelyf\u00f6ld Munkacsoport<\/em>\n                        <\/div>\n","protected":false},"excerpt":{"rendered":"<p>A sz\u00e9kelyudvarhelyi v\u00e1rosh\u00e1za vend\u00e9gei voltak december 5-\u00e9n d\u00e9lut\u00e1n Kelemen Hunor, a Rom\u00e1niai Magyar Demokrata Sz\u00f6vets\u00e9g (RMDSZ) eln\u00f6ke \u00e9s B\u00edr\u00f3 Zsolt, a Magyar Polg\u00e1ri P\u00e1rt (MPP) eln\u00f6ke. A parlamenti v\u00e1laszt\u00e1sokon egy\u00fcttesen indul\u00f3 k\u00e9t magyar szervezet eln\u00f6ke annak a megh\u00edv\u00e1snak tett eleget, melyet a v\u00e1ros elk\u00f6vetkez\u0151 id\u0151szakban t\u00f6rt\u00e9n\u0151 fejleszt\u00e9si projektjei t\u00e1mogat\u00e1sa \u00e9rdek\u00e9ben int\u00e9zett fel\u00e9j\u00fck G\u00e1lfi \u00c1rp\u00e1d polg\u00e1rmester. [&hellip;]<\/p>\n","protected":false},"author":1,"featured_media":28206,"comment_status":"open","ping_status":"open","sticky":false,"template":"","format":"standard","meta":{"footnotes":""},"categories":[],"tags":[],"class_list":["post-28205","post","type-post","status-publish","format-standard","has-post-thumbnail","hentry"],"_links":{"self":[{"href":"https:\/\/archivum.eloszekelyfold.ro\/index.php\/wp-json\/wp\/v2\/posts\/28205","targetHints":{"allow":["GET"]}}],"collection":[{"href":"https:\/\/archivum.eloszekelyfold.ro\/index.php\/wp-json\/wp\/v2\/posts"}],"about":[{"href":"https:\/\/archivum.eloszekelyfold.ro\/index.php\/wp-json\/wp\/v2\/types\/post"}],"author":[{"embeddable":true,"href":"https:\/\/archivum.eloszekelyfold.ro\/index.php\/wp-json\/wp\/v2\/users\/1"}],"replies":[{"embeddable":true,"href":"https:\/\/archivum.eloszekelyfold.ro\/index.php\/wp-json\/wp\/v2\/comments?post=28205"}],"version-history":[{"count":0,"href":"https:\/\/archivum.eloszekelyfold.ro\/index.php\/wp-json\/wp\/v2\/posts\/28205\/revisions"}],"wp:featuredmedia":[{"embeddable":true,"href":"https:\/\/archivum.eloszekelyfold.ro\/index.php\/wp-json\/wp\/v2\/media\/28206"}],"wp:attachment":[{"href":"https:\/\/archivum.eloszekelyfold.ro\/index.php\/wp-json\/wp\/v2\/media?parent=28205"}],"wp:term":[{"taxonomy":"category","embeddable":true,"href":"https:\/\/archivum.eloszekelyfold.ro\/index.php\/wp-json\/wp\/v2\/categories?post=28205"},{"taxonomy":"post_tag","embeddable":true,"href":"https:\/\/archivum.eloszekelyfold.ro\/index.php\/wp-json\/wp\/v2\/tags?post=28205"}],"curies":[{"name":"wp","href":"https:\/\/api.w.org\/{rel}","templated":true}]}}