{"id":28203,"date":"2021-12-13T01:31:01","date_gmt":"2021-12-13T01:31:01","guid":{"rendered":"http:\/\/archivum.eloszekelyfold.ro\/2021\/12\/13\/kolniviz-es-kolni-dom\/"},"modified":"2021-12-13T01:31:01","modified_gmt":"2021-12-13T01:31:01","slug":"kolniviz-es-kolni-dom","status":"publish","type":"post","link":"https:\/\/archivum.eloszekelyfold.ro\/index.php\/2021\/12\/13\/kolniviz-es-kolni-dom\/","title":{"rendered":"K\u00f6lniv\u00edz \u00e9s k\u00f6lni d\u00f3m"},"content":{"rendered":"<p><\/p>\n<div style=\"color:#666666; font-family:inherit; font-size:14px;font-style: normal;text-align:left;line-height:24px;\">\n<div style=\"float:left\"><img decoding=\"async\" src=\"http:\/\/archivum.eloszekelyfold.ro\/wp-content\/uploads\/2021\/12\/658_kolni_dom-kicsi.jpg\" alt=\"K\u00f6lniv\u00edz \u00e9s k\u00f6lni d\u00f3m\" style=\"padding-right:14px; padding-bottom:6px; padding-top:6px;\" width=\"320px\"><\/div>\n<p>                              Pezsg\u0151-ny\u00fczsg\u0151 v\u00e1ros K\u00f6ln. A rept\u00e9ren 1994-t\u0151l eml\u00e9kt\u00e1bla hirdeti: illesse tisztelet a nagy el\u0151d\u00f6ket. Konrad Adenauernek sokat k\u00f6sz\u00f6nhetnek a n\u00e9metek, mert eme jeles \u00e1llamf\u00e9rfinak m\u00e9lyen vall\u00e1sos, katolikusk\u00e9nt meg\u00e9lt hit\u00e9b\u0151l t\u00e1pl\u00e1lkozott haz\u00e1ja ir\u00e1nti elk\u00f6telezetts\u00e9ge. J\u00f3 lenne, ha ezt a mostani kancell\u00e1r-asszony sem feledn\u00e9.<\/p>\n<p>A n\u00e9met metropolisban mikul\u00e1s-motorosok sz\u00e1zai vonulnak fel, keltenek adventi karnev\u00e1l-hangulatot. A kar\u00e1csonyi v\u00e1s\u00e1r jav\u00e1ban zajlik, a d\u00f3m t\u00e9r el\u0151tt, s benn is h\u00f6mp\u00f6ly\u00f6g a t\u00f6meg.Sokf\u00e9le ember megf\u00e9r itt, \u00e9s mindenki otthonra tal\u00e1l benne. J\u00f3 volt elvegy\u00fclni nekem is e t\u00f6megben, h\u00e1la az ottani magyarok megh\u00edv\u00e1s\u00e1nak, akikkel lelki napot tarthattam, \u00e9s n\u00e9h\u00e1ny napra \u00e9rezhettem adventi vend\u00e9gszeretet\u00fcket.<\/p>\n<p>A templom &#8211; mondhatni annak &#8211; meghosszabb\u00edt\u00e1sak\u00e9nt, a p\u00e1lyaudvar k\u00f6zvetlen szomsz\u00e9ds\u00e1g\u00e1ban az Eur\u00f3pa-szerte is egyed\u00fcl\u00e1ll\u00f3, Rajn\u00e1t \u00e1t\u00edvel\u0151 vas\u00fati h\u00edd \u00e1llja az id\u0151k megpr\u00f3b\u00e1ltat\u00e1sait, rajta h\u00e1rom s\u00e1von, hat v\u00e1g\u00e1nyon, percenk\u00e9nt zakatolnak a szem\u00e9lyvonatok a f\u00f6ldr\u00e9sz minden ir\u00e1ny\u00e1ba. A m\u00e1sodik vil\u00e1gh\u00e1bor\u00fat k\u00f6vet\u0151en \u00e9p\u00edtett\u00e9k \u00fajj\u00e1. Nem lehet betelni a l\u00e1tv\u00e1nnyal, ahogyan egym\u00e1st \u00e9rik a szebbn\u00e9l szebb, modernebbn\u00e9l modernebb vas\u00fati kocsik, mindenf\u00e9le forgalmi dug\u00f3 n\u00e9lk\u00fcl.<\/p>\n<p>K\u00f6ln \u00e9vezredes m\u0171eml\u00e9ke, a k\u00f6lni d\u00f3m tornya b\u00fcszk\u00e9n emelkedik ki, az am\u00fagy visszafogott moderns\u00e9g\u0171 vil\u00e1gv\u00e1ros \u00e9p\u00fcletei k\u00f6z\u00fcl, de jelzi, hogy kis t\u00falz\u00e1ssal, szinte minden k\u00f6r\u00fcl\u00f6tte forog. Viszony\u00edt\u00e1si alap. T\u00f6bb mint hat milli\u00f3s l\u00e1togatotts\u00e1ga az Eiffel-torony\u00e9val \u00e9s a Lourdes-i barlang\u00e9val vetekszik. <\/p>\n<div style=\"text-align: center;\"><img loading=\"lazy\" decoding=\"async\" src=\"http:\/\/archivum.eloszekelyfold.ro\/wp-content\/uploads\/2021\/12\/kolni dom kivilagitva-kicsi.jpg\" width=\"500\" height=\"375\" alt=\"\"><\/div>\n<div style=\"text-align: center;\"><em>A k\u00f6lni d\u00f3m kivil\u00e1g\u00edtva (www.koln.hu)<\/em><\/div>\n<p>\n\u00c9vsz\u00e1zados legend\u00e1k, helyi kulisszatitkok elevenednek meg, ahogy a f\u00f6ldi haland\u00f3 \u00e1tl\u00e9pi ennek az impoz\u00e1ns \u00e9p\u00fcletnek a k\u00fcsz\u00f6b\u00e9t. A g\u00f3tikus katedr\u00e1lis k\u00f6zvetlen el\u0151dj\u00e9t 870-ben szentelt\u00e9k fel. A mostani d\u00f3m alapjait Konrad von Hochstaden \u00e9rsek (+1261) rakta le 1248-ban. A t\u00f6bb mint ezer\u00e9ves sz\u00e9kesegyh\u00e1zban \u0151rzik a vil\u00e1g egyik legr\u00e9gebbi f\u00e1b\u00f3l k\u00e9sz\u00fclt, \u00e9pen maradt fesz\u00fclet\u00e9t, a Gero \u00e9rsek (+976) \u00e1ltal adom\u00e1nyozott keresztet. Az arany ereklyetart\u00f3, melyben \u00e1ll\u00edt\u00f3lag a h\u00e1romkir\u00e1lyok csontjait \u0151rzik, egyfajta hadizs\u00e1km\u00e1ny volt Mil\u00e1n\u00f3b\u00f3l, miut\u00e1n az akkori \u00e9rsek, Raynald von Dassel katon\u00e1kat adott k\u00f6lcs\u00f6n a v\u00e1laszt\u00f3fejedelemnek. De a festett ablakok is sokat tudn\u00e1nak mes\u00e9lni. A h\u00e1bor\u00fa idej\u00e9n m\u00e9g volt ereje, ideje egy kanonoknak, hogy kiszedje, \u00e9s \u00edgy a robbant\u00e1sokt\u00f3l megmenek\u00edtse. <\/p>\n<p>Mes\u00e9lik, hogy volt egy j\u00f3t\u00e9kony, j\u00e1mbor h\u00edv\u0151 mec\u00e9n\u00e1s (Gotfried von Arnsberg), aki minden vagyon\u00e1t a d\u00f3mra hagyta. Ezzel annyira mag\u00e1ra harag\u00edtotta csal\u00e1dj\u00e1t, hogy s\u00edrj\u00e1ban sem hagyt\u00e1k nyugton. Az egyh\u00e1z azt\u00e1n vasr\u00e1ccsal v\u00e9dte meg a szarkof\u00e1got, nehogy a feld\u00fch\u00f6d\u00f6tt hozz\u00e1tartoz\u00f3k kiszedj\u00e9k a j\u00f3lelk\u0171 rokon csontjait. Bemenet jobbr\u00f3l a turist\u00e1k ma is elb\u00e1m\u00e9szkodnak e szokatlan s\u00edrhely f\u00f6l\u00f6tt.<\/p>\n<div style=\"text-align: center;\"><img loading=\"lazy\" decoding=\"async\" src=\"http:\/\/archivum.eloszekelyfold.ro\/wp-content\/uploads\/2021\/12\/kolni dom 5-kicsi.jpg\" width=\"500\" height=\"375\" alt=\"\"><\/div>\n<div style=\"text-align: center;\"><em>Fot\u00f3: www.koln.hu<\/em><\/div>\n<p>\nDe a k\u00f6lni d\u00f3m felszentel\u00e9s\u00e9nek \u00fcnneps\u00e9ge (1880-ban) sem volt ak\u00e1rmilyen: a cs\u00e1sz\u00e1r nem kelt ki a hint\u00f3b\u00f3l, mert nem ment el\u00e9je, fogad\u00e1s\u00e1ra a d\u00f3m pl\u00e9b\u00e1nosa (Johannes Baudri seg\u00e9dp\u00fcsp\u00f6k). \u00a0K\u00e9t makacs, elsz\u00e1nt vezet\u0151 farkasszemet n\u00e9zett egym\u00e1ssal&#8230; M\u00edgnem azt\u00e1n csak a cs\u00e1sz\u00e1rnak kellett megemberelnie mag\u00e1t, s megal\u00e1zkodnia a f\u0151pap el\u0151tt. Nem is engedte oda temettetni a papot, mert az nem volt hajland\u00f3 egyet\u00e9rteni birodalmi eszm\u00e9ivel.<\/p>\n<p>Csak n\u00e9h\u00e1ny impoz\u00e1ns, sz\u00e1mszer\u0171 adat a nem mindennapi \u00e9p\u00edtm\u00e9nyr\u0151l, amely a vil\u00e1g\u00f6r\u00f6ks\u00e9g r\u00e9sz\u00e9t k\u00e9pezi: tornyai 157 m\u00e9ter magasak, 144 m\u00e9ter hossz\u00fa a templomhaj\u00f3. \u00a0A csaknem nyolcvan \u00e1r ter\u00fcletet elfoglal\u00f3 sz\u00e9kesegyh\u00e1z \u00e9vi k\u00f6lts\u00e9gvet\u00e9se megk\u00f6zel\u00edti a t\u00edz milli\u00f3 eur\u00f3t. A le\u00edr\u00e1sok szerint a katedr\u00e1lisnak 11 harangja van. Az els\u0151, a 3,4 onn\u00e1s Dreik\u00f6nigenglocke (h\u00e1romkir\u00e1lyok harangja) volt, amelyet 1418-ban \u00f6nt\u00f6ttek \u00e9s 1437-ben szenteltek fel, \u00e9s amelyet 1880-ban \u00fajra kellett \u00f6nteni. Van k\u00e9t olyan harang is, a 10 tonn\u00e1s Pretiosa \u00e9s a 4,3 tonn\u00e1s Speciosa, amelyek az 1448-as felavat\u00e1suk \u00f3ta a hely\u00fck\u00f6n maradtak. A legnagyobbat, a 24 tonn\u00e1s Szent P\u00e9ter-harangot 1922-ben \u00f6nt\u00f6tt\u00e9k. Ez a vil\u00e1gon a legnagyobb szabadon leng\u0151 harang (a Kentucky \u00e1llambeli Newportban tal\u00e1lhat\u00f3 World Peace Bell nagyobb ugyan, de nem mozog szabadon).<\/p>\n<p>A k\u00f6lnv\u00edz, az &#8222;\u00f3dkolon&#8221; t\u00f6rt\u00e9nete sem ma kezd\u0151d\u00f6tt. A Glockengass\u00e9 4711 h\u00e1zsz\u00e1ma imm\u00e1r \u00e9vsz\u00e1zadok \u00f3ta egy csal\u00e1di manufakt\u00fara sz\u00e9khelye, ahol 1792-ben egy karthauzi szerzetes n\u00e1szaj\u00e1nd\u00e9kk\u00e9nt illatos vizet adott az \u00edfj\u00fa M\u00fchlensnek. A k\u00eds\u00e9rletez\u0151 kedv\u0171 Wilhelm apja vegy\u00e9sz volt, \u00e9s sok\u00e1ig gy\u00f3gyszerk\u00e9nt is rekl\u00e1mozta a franci\u00e1k\u00e9t\u0151l el\u00fct\u0151, hamar divatba j\u00f6tt alkoholos illatszert. Innen dat\u00e1lj\u00e1k az az\u00f3ta vil\u00e1gh\u00f3d\u00edt\u00f3 utat bej\u00e1rt k\u00f6lni \u201egy\u00f3gyv\u00edz\u201d eredet\u00e9t. Az\u00f3ta a 4711 val\u00f3di m\u00e1rkan\u00e9v lett. Nemcsak turistacsalogat\u00f3, de val\u00f3ban k\u00fcl\u00f6nleges illatesszencia. A bej\u00e1ratn\u00e1l eg\u00e9sz nap csordog\u00e1l\u00f3 k\u00f6lniv\u00edzben sokan megmosakszanak, hogy arcukon is hazavihess\u00e9k ezt a k\u00fcl\u00f6nlegess\u00e9get. A hagyom\u00e1ny szerint Nap\u00f3leon, amikor elfoglalta, \u00fajrasz\u00e1moztatta a v\u00e1ros utc\u00e1it \u00e9s h\u00e1zait, \u00e9s az egyik katona \u00a0ezt a sz\u00e1mot \u00edrta l\u00f3h\u00e1tr\u00f3l a csal\u00e1di h\u00e1z fal\u00e1ra, amelyben az\u00f3ta a csapb\u00f3l is sz\u00f3 szerint illatos v\u00edz folyik. A csal\u00e1d mindm\u00e1ig f\u00e9ltve \u0151rzi a recept titk\u00e1t, t\u00f6lgyfahord\u00f3ban \u00e9rleli a z\u00f6m\u00e9ben er\u0151s (citrusf\u00e9l\u00e9kb\u0151l kivont) ill\u00f3olajok-, levendula-, rozmaring- \u00e9s alkohol-kever\u00e9ket.<\/p>\n<div style=\"text-align: center;\"><img loading=\"lazy\" decoding=\"async\" src=\"http:\/\/archivum.eloszekelyfold.ro\/wp-content\/uploads\/2021\/12\/kolni_csap.jpg\" width=\"250\" height=\"347\" alt=\"\"><\/div>\n<div style=\"text-align: center;\"><em>Fot\u00f3: www.koln.hu<\/em><\/div>\n<p>\nK\u00f6ln v\u00e1rosa nagy embereket, szenteket adott a vil\u00e1gnak. Nagy Szent Albert, a szent\u00e9let\u0171 Adolf Kolping, Edit Stein, Johannes Duns Scotus, Szent Orsolya is k\u00f6lniek. K\u00f6lni v\u00e9rtan\u00fak eg\u00e9sz sora adta \u00e9let\u00e9t hit\u00e9\u00e9rt.<\/p>\n<p>J\u00f3 volt n\u00e9h\u00e1ny napra k\u00f6lninek lenni. \u00c9s szuven\u00edrk\u00e9nt k\u00f6lnivizet szorongatni kezemben a k\u00f6lni d\u00f3mban. Ez a bar\u00e1ts\u00e1gos, l\u00e9legz\u0151 vil\u00e1gv\u00e1ros a maga migr\u00e1nsaival egy\u00fctt nemcsak a vil\u00e1g soksz\u00edn\u0171s\u00e9g\u00e9t mutatja meg, de az emberis\u00e9g \u00e9rt\u00e9kteremt\u0151 \u00e1ldozat\u00e1t, hit\u00e9t, kitart\u00e1s\u00e1t is. <\/p>\n<p>A kar\u00e1csonyv\u00e1r\u00f3 hangulatban ez sem mell\u00e9kes.\u00a0<\/p>\n<div>J\u00e9zus, M\u00e1ria, Szent J\u00f3zsef, a h\u00e1rom kir\u00e1lyok fel\u00e9nk is elindultak. <\/p>\n<p>Vajon beengedj\u00fck-e lelk\u00fcnkbe \u00e9s az otthonainkba?<\/p>\n<p><em>Sebesty\u00e9n P\u00e9ter<\/em><\/div>\n<\/p><\/div>\n","protected":false},"excerpt":{"rendered":"<p>Pezsg\u0151-ny\u00fczsg\u0151 v\u00e1ros K\u00f6ln. A rept\u00e9ren 1994-t\u0151l eml\u00e9kt\u00e1bla hirdeti: illesse tisztelet a nagy el\u0151d\u00f6ket. Konrad Adenauernek sokat k\u00f6sz\u00f6nhetnek a n\u00e9metek, mert eme jeles \u00e1llamf\u00e9rfinak m\u00e9lyen vall\u00e1sos, katolikusk\u00e9nt meg\u00e9lt hit\u00e9b\u0151l t\u00e1pl\u00e1lkozott haz\u00e1ja ir\u00e1nti elk\u00f6telezetts\u00e9ge. J\u00f3 lenne, ha ezt a mostani kancell\u00e1r-asszony sem feledn\u00e9. A n\u00e9met metropolisban mikul\u00e1s-motorosok sz\u00e1zai vonulnak fel, keltenek adventi karnev\u00e1l-hangulatot. A kar\u00e1csonyi v\u00e1s\u00e1r jav\u00e1ban [&hellip;]<\/p>\n","protected":false},"author":1,"featured_media":28204,"comment_status":"open","ping_status":"open","sticky":false,"template":"","format":"standard","meta":{"footnotes":""},"categories":[],"tags":[],"class_list":["post-28203","post","type-post","status-publish","format-standard","has-post-thumbnail","hentry"],"_links":{"self":[{"href":"https:\/\/archivum.eloszekelyfold.ro\/index.php\/wp-json\/wp\/v2\/posts\/28203","targetHints":{"allow":["GET"]}}],"collection":[{"href":"https:\/\/archivum.eloszekelyfold.ro\/index.php\/wp-json\/wp\/v2\/posts"}],"about":[{"href":"https:\/\/archivum.eloszekelyfold.ro\/index.php\/wp-json\/wp\/v2\/types\/post"}],"author":[{"embeddable":true,"href":"https:\/\/archivum.eloszekelyfold.ro\/index.php\/wp-json\/wp\/v2\/users\/1"}],"replies":[{"embeddable":true,"href":"https:\/\/archivum.eloszekelyfold.ro\/index.php\/wp-json\/wp\/v2\/comments?post=28203"}],"version-history":[{"count":0,"href":"https:\/\/archivum.eloszekelyfold.ro\/index.php\/wp-json\/wp\/v2\/posts\/28203\/revisions"}],"wp:featuredmedia":[{"embeddable":true,"href":"https:\/\/archivum.eloszekelyfold.ro\/index.php\/wp-json\/wp\/v2\/media\/28204"}],"wp:attachment":[{"href":"https:\/\/archivum.eloszekelyfold.ro\/index.php\/wp-json\/wp\/v2\/media?parent=28203"}],"wp:term":[{"taxonomy":"category","embeddable":true,"href":"https:\/\/archivum.eloszekelyfold.ro\/index.php\/wp-json\/wp\/v2\/categories?post=28203"},{"taxonomy":"post_tag","embeddable":true,"href":"https:\/\/archivum.eloszekelyfold.ro\/index.php\/wp-json\/wp\/v2\/tags?post=28203"}],"curies":[{"name":"wp","href":"https:\/\/api.w.org\/{rel}","templated":true}]}}