{"id":28201,"date":"2021-12-13T01:29:00","date_gmt":"2021-12-13T01:29:00","guid":{"rendered":"http:\/\/archivum.eloszekelyfold.ro\/2021\/12\/13\/szerelem-a-tortenelemben\/"},"modified":"2021-12-13T01:29:00","modified_gmt":"2021-12-13T01:29:00","slug":"szerelem-a-tortenelemben","status":"publish","type":"post","link":"https:\/\/archivum.eloszekelyfold.ro\/index.php\/2021\/12\/13\/szerelem-a-tortenelemben\/","title":{"rendered":"Szerelem a t\u00f6rt\u00e9nelemben"},"content":{"rendered":"<p><\/p>\n<div style=\"color:#666666; font-family:inherit; font-size:14px;font-style: normal;text-align:left;line-height:24px;\">\n<div style=\"float:left\"><img decoding=\"async\" src=\"http:\/\/archivum.eloszekelyfold.ro\/wp-content\/uploads\/2021\/12\/659_Korunk-elsoborito-december-2016.jpg\" alt=\"Szerelem a t\u00f6rt\u00e9nelemben\" style=\"padding-right:14px; padding-bottom:6px; padding-top:6px;\" width=\"320px\"><\/div>\n<div>A Korunk \u00f6ssze\u00e1ll\u00edt\u00e1s\u00e1ban &#8222;a szerelem \u00e9s a t\u00f6rt\u00e9nelem k\u00e9z a k\u00e9zben j\u00e1r&#8221;\u2013 mik\u00f6zben testk\u00f6zelbe hozza a magyar hist\u00f3ria n\u00e9h\u00e1ny\u00a0ismert szem\u00e9lyis\u00e9g\u00e9t a leg\u00e9rz\u00e9kenyebb pontok megragad\u00e1s\u00e1val, \u00e9rzelmi \u00e9let\u00fck k\u00f6t\u0151d\u00e9seinek bemutat\u00e1s\u00e1val. H\u0151sei\u00a0esetenk\u00e9nt t\u00f6rt\u00e9nelmi p\u00e1rosok, esetenk\u00e9nt a \u201emag\u00e1nyos nagyok\u201d k\u00f6z\u00fcl n\u00e9h\u00e1nyan, mellett\u00fck ismert-ismeretlen\u00a0kapcsolataik, szerelmeik, m\u00fazs\u00e1ik, feles\u00e9geik vagy ak\u00e1r az anonimit\u00e1sb\u00f3l el\u0151t\u0171n\u0151 polg\u00e1rasszonyok a maguk sikaml\u00f3s\u00a0\u00e9s a szerelemhez csup\u00e1n \u00e9rint\u0151legesen (vagy m\u00e9g \u00fagy is alig) kapcsol\u00f3d\u00f3 t\u00f6rt\u00e9netecsk\u00e9ivel. <\/p>\n<p>Ki kit szeretett \u2013\u00a0hogyan \u00e9s mi\u00e9rt?\u00a0<\/p>\n<p>N\u00e9h\u00e1ny c\u00edm a tartalomb\u00f3l: Papp G\u00e1bor: H\u00e1zast\u00e1rsi \u00f6r\u00f6k szerelem. N\u00e1dasdy Tam\u00e1s \u00e9s Kanizsai Orsolya levelez\u00e9se;\u00a0Kov\u00e1cs Kiss Gy\u00f6ngy: \u201eSzerelemb\u0151l\u201d \u2013 a t\u00f6rv\u00e9ny el\u00e9; Oborni Ter\u00e9z: \u201eIgazi szerelmesed, Gabriel\u201d. Bethlen G\u00e1bor \u00e9s\u00a0K\u00e1rolyi Zsuzsanna t\u00f6rt\u00e9nete; Markaly Aranka: \u00c9rdek vagy szerelem? Th\u00f6k\u00f6ly Imre \u00e9s Zr\u00ednyi Ilona kapcsolata; Koz\u00e1ri\u00a0Monika: Andr\u00e1ssy Gyula gr\u00f3f \u00e9s Erzs\u00e9bet kir\u00e1lyn\u00e9 kapcsolata; Hermann R\u00f3bert: A t\u00e1bornok neje \u2013 G\u00f6rgei Art\u00far\u00a0feles\u00e9ge; Csapody Mikl\u00f3s: Amiti\u00e9 amoureuse. Gr\u00f3f B\u00e1nffy Mikl\u00f3s \u00e9s b\u00e1r\u00f3 Bornemissza Elem\u00e9rn\u00e9 Szilv\u00e1ssy Karola;\u00a0Romsics Ign\u00e1c: Bethlen Istv\u00e1n szerelmei.\u00a0<\/p>\n<p>A t\u00f6mb \u2013 amely az adott krit\u00e9riumon bel\u00fcli, elker\u00fclhetetlen\u00fcl sz\u0171k \u00e9s esetleges v\u00e1logat\u00e1s ellen\u00e9re is igen sz\u00ednes\u00a0k\u00e9pet mutat \u2013 a hist\u00f3ria szerelmeinek birodalm\u00e1ban kalandozva, kordokumentumokra, levelez\u00e9sekre alapozva gy\u0171jt\u00a0egybe \u00e9s mes\u00e9l el n\u00e9h\u00e1ny t\u00f6rt\u00e9nelmi szerelmet \u2013 \u00e1m val\u00f3j\u00e1ban mag\u00e1t az \u00e9letet mes\u00e9li, hiszen val\u00f3s t\u00f6rt\u00e9neteket mond\u00a0el h\u00edres emberek szerelemeir\u0151l.<\/p><\/div>\n<div><em><br \/>\n\u00c9l\u0151 Sz\u00e9kelyf\u00f6ld Munkacsoport<\/em><br \/>\n\u00a0<\/div>\n<\/p><\/div>\n","protected":false},"excerpt":{"rendered":"<p>A Korunk \u00f6ssze\u00e1ll\u00edt\u00e1s\u00e1ban &#8222;a szerelem \u00e9s a t\u00f6rt\u00e9nelem k\u00e9z a k\u00e9zben j\u00e1r&#8221;\u2013 mik\u00f6zben testk\u00f6zelbe hozza a magyar hist\u00f3ria n\u00e9h\u00e1ny\u00a0ismert szem\u00e9lyis\u00e9g\u00e9t a leg\u00e9rz\u00e9kenyebb pontok megragad\u00e1s\u00e1val, \u00e9rzelmi \u00e9let\u00fck k\u00f6t\u0151d\u00e9seinek bemutat\u00e1s\u00e1val. H\u0151sei\u00a0esetenk\u00e9nt t\u00f6rt\u00e9nelmi p\u00e1rosok, esetenk\u00e9nt a \u201emag\u00e1nyos nagyok\u201d k\u00f6z\u00fcl n\u00e9h\u00e1nyan, mellett\u00fck ismert-ismeretlen\u00a0kapcsolataik, szerelmeik, m\u00fazs\u00e1ik, feles\u00e9geik vagy ak\u00e1r az anonimit\u00e1sb\u00f3l el\u0151t\u0171n\u0151 polg\u00e1rasszonyok a maguk sikaml\u00f3s\u00a0\u00e9s a szerelemhez csup\u00e1n \u00e9rint\u0151legesen [&hellip;]<\/p>\n","protected":false},"author":1,"featured_media":28202,"comment_status":"open","ping_status":"open","sticky":false,"template":"","format":"standard","meta":{"footnotes":""},"categories":[],"tags":[],"class_list":["post-28201","post","type-post","status-publish","format-standard","has-post-thumbnail","hentry"],"_links":{"self":[{"href":"https:\/\/archivum.eloszekelyfold.ro\/index.php\/wp-json\/wp\/v2\/posts\/28201","targetHints":{"allow":["GET"]}}],"collection":[{"href":"https:\/\/archivum.eloszekelyfold.ro\/index.php\/wp-json\/wp\/v2\/posts"}],"about":[{"href":"https:\/\/archivum.eloszekelyfold.ro\/index.php\/wp-json\/wp\/v2\/types\/post"}],"author":[{"embeddable":true,"href":"https:\/\/archivum.eloszekelyfold.ro\/index.php\/wp-json\/wp\/v2\/users\/1"}],"replies":[{"embeddable":true,"href":"https:\/\/archivum.eloszekelyfold.ro\/index.php\/wp-json\/wp\/v2\/comments?post=28201"}],"version-history":[{"count":0,"href":"https:\/\/archivum.eloszekelyfold.ro\/index.php\/wp-json\/wp\/v2\/posts\/28201\/revisions"}],"wp:featuredmedia":[{"embeddable":true,"href":"https:\/\/archivum.eloszekelyfold.ro\/index.php\/wp-json\/wp\/v2\/media\/28202"}],"wp:attachment":[{"href":"https:\/\/archivum.eloszekelyfold.ro\/index.php\/wp-json\/wp\/v2\/media?parent=28201"}],"wp:term":[{"taxonomy":"category","embeddable":true,"href":"https:\/\/archivum.eloszekelyfold.ro\/index.php\/wp-json\/wp\/v2\/categories?post=28201"},{"taxonomy":"post_tag","embeddable":true,"href":"https:\/\/archivum.eloszekelyfold.ro\/index.php\/wp-json\/wp\/v2\/tags?post=28201"}],"curies":[{"name":"wp","href":"https:\/\/api.w.org\/{rel}","templated":true}]}}