{"id":28197,"date":"2021-12-13T01:25:00","date_gmt":"2021-12-13T01:25:00","guid":{"rendered":"http:\/\/archivum.eloszekelyfold.ro\/2021\/12\/13\/angyalok-a-mezosegen-2016\/"},"modified":"2021-12-13T01:25:00","modified_gmt":"2021-12-13T01:25:00","slug":"angyalok-a-mezosegen-2016","status":"publish","type":"post","link":"https:\/\/archivum.eloszekelyfold.ro\/index.php\/2021\/12\/13\/angyalok-a-mezosegen-2016\/","title":{"rendered":"Angyalok a Mez\u0151s\u00e9gen 2016"},"content":{"rendered":"<p><\/p>\n<div style=\"color:#666666; font-family:inherit; font-size:14px;font-style: normal;text-align:left;line-height:24px;\">\n<div style=\"float:left\"><img decoding=\"async\" src=\"http:\/\/archivum.eloszekelyfold.ro\/wp-content\/uploads\/2021\/12\/661_erdelyi_magyarok.jpg\" alt=\"Angyalok a Mez\u0151s\u00e9gen 2016\" style=\"padding-right:14px; padding-bottom:6px; padding-top:6px;\" width=\"320px\"><\/div>\n<p>                              \u00a0<\/p>\n<table width=\"100%\" style=\"color: rgb(34, 34, 34); font-family: arial, sans-serif; font-size: 12px;\">\n<tbody>\n<tr>\n<td style=\"margin: 0px;\">\n<p style=\"margin-bottom: 0.5em; margin-top: 0px;\">Rengeteg v\u00e1rosban vannak gy\u0171jt\u0151pontjai Magyarorsz\u00e1gon az Erd\u00e9lyi magyarok a nagyvil\u00e1gban K\u00f6zhaszn\u00fa Alap\u00edtv\u00e1nynak. Budapest, Szeged, Szombathely, Budakal\u00e1sz, Dunakeszi, Keszthely, Kecskem\u00e9t, Gyula, Hajd\u00fab\u00f6sz\u00f6rm\u00e9ny, Ver\u0151ce, Tatab\u00e1nya, Gyomaendr\u0151d, T\u00e1rnok mind fogadj\u00e1k az adakoz\u00f3kat.<\/p>\n<p>            Az \u00e1tvev\u0151pontok v\u00e1ros szerinti \u00e1b\u00e9c\u00e9-sorrendben tal\u00e1lhat\u00f3k meg a list\u00e1ban, valamennyi \u00e1tvev\u0151pont eset\u00e9n szerepel, hogy mely napokon, mett\u0151l meddig van lehet\u0151s\u00e9g az adom\u00e1nyok lead\u00e1s\u00e1ra.<\/p>\n<p style=\"margin-bottom: 0.5em; margin-top: 0px;\">\u00a0<\/p>\n<p style=\"margin-bottom: 0.5em; margin-top: 0px;\"><span class=\"m_-610651560475849944font-size-5\"><strong>Als\u00f3p\u00e1hok (Keszthely mellett)<\/strong><\/span><\/p>\n<p style=\"margin-bottom: 0.5em; margin-top: 0px;\"><strong>B\u00fcchel \u00c9va<\/strong><\/p>\n<p style=\"margin-bottom: 0.5em; margin-top: 0px;\">8394 Als\u00f3p\u00e1hok, Nemesboldogasszonyfa 28.<\/p>\n<p style=\"margin-bottom: 0.5em; margin-top: 0px;\"><a href=\"http:\/\/www.eloszekelyfold.com\/web\/tel:+36%2030%20898%200088\" value=\"+36308980088\" target=\"_blank\" style=\"color: rgb(17, 85, 204);\" rel=\"noopener\">+36 30 898 0088<\/a>,\u00a0<a href=\"http:\/\/www.eloszekelyfold.com\/web\/tel:+36%2083%20344%20380\" value=\"+3683344380\" target=\"_blank\" style=\"color: rgb(17, 85, 204);\" rel=\"noopener\">+36 83 344 380<\/a><\/p>\n<p style=\"margin-bottom: 0.5em; margin-top: 0px;\">Telefonos egyeztet\u00e9st k\u00f6vet\u0151en b\u00e1rmikor.<br \/>\n            \u00a0 \u00a0 \u00a0 \u00a0 \u00a0<\/p>\n<p style=\"margin-bottom: 0.5em; margin-top: 0px;\"><span class=\"m_-610651560475849944font-size-5\"><strong>Budapest<\/strong><\/span><\/p>\n<p style=\"margin-bottom: 0.5em; margin-top: 0px;\"><strong>&#8211; IX. ker\u00fclet, Belv\u00e1ros: Parajdi S\u00f3pince<\/strong><\/p>\n<p style=\"margin-bottom: 0.5em; margin-top: 0px;\">1093 Budapest, V\u00e1mh\u00e1z krt. 11<\/p>\n<p style=\"margin-bottom: 0.5em; margin-top: 0px;\">H\u00e9tf\u0151t\u0151l szombatig 11.00 \u00e9s 19.00 k\u00f6z\u00f6tt.<\/p>\n<p style=\"margin-bottom: 0.5em; margin-top: 0px;\"><strong>&#8211; XIV. ker\u00fclet, Szakorvosi rendel\u0151 parkol\u00f3ja (az IKEA mellett)<\/strong><\/p>\n<p style=\"margin-bottom: 0.5em; margin-top: 0px;\">V\u00e1rin\u00e9 Sz\u0151cs Erzs\u00e9bet,\u00a0<a href=\"http:\/\/www.eloszekelyfold.com\/web\/tel:+36%2020%20385%205812\" value=\"+36203855812\" target=\"_blank\" style=\"color: rgb(17, 85, 204);\" rel=\"noopener\">+36 20 385 5812<\/a><\/p>\n<p style=\"margin-bottom: 0.5em; margin-top: 0px;\">1148 Budapest, \u00d6rs vez\u00e9r tere 23.<\/p>\n<p style=\"margin-bottom: 0.5em; margin-top: 0px;\">El\u0151zetesen egyeztetett id\u0151pontban az al\u00e1bbiak szerint:<\/p>\n<p style=\"margin-bottom: 0.5em; margin-top: 0px;\">H\u00e9tf\u0151 \u00e9s szerda: 16.00 \u2013 20.00<\/p>\n<p style=\"margin-bottom: 0.5em; margin-top: 0px;\">Kedd \u00e9s cs\u00fct\u00f6rt\u00f6k: 8.00 \u2013 12.00<\/p>\n<p style=\"margin-bottom: 0.5em; margin-top: 0px;\"><strong>&#8211; XV.. ker\u00fclet, T\u00e1nczos Erzs\u00e9bet<\/strong><\/p>\n<p style=\"margin-bottom: 0.5em; margin-top: 0px;\">1151 Budapest,\u00a0K\u00e1rolyi S\u00e1ndor \u00fat 58\/b<\/p>\n<p style=\"margin-bottom: 0.5em; margin-top: 0px;\">+36\u00a070 285 7824<\/p>\n<p style=\"margin-bottom: 0.5em; margin-top: 0px;\">Telefonos egyeztet\u00e9st k\u00f6vet\u0151en b\u00e1rmikor.<\/p>\n<p style=\"margin-bottom: 0.5em; margin-top: 0px;\"><strong>&#8211; XVI. ker\u00fclet, Corvin M\u0171vel\u0151d\u00e9si H\u00e1z &#8211; Erzs\u00e9betligeti Sz\u00ednh\u00e1z<\/strong><\/p>\n<p style=\"margin-bottom: 0.5em; margin-top: 0px;\">1165 Budapest, Hunyadv\u00e1r u. 43\/B<\/p>\n<p style=\"margin-bottom: 0.5em; margin-top: 0px;\"><a href=\"http:\/\/www.kulturliget.hu\/\" target=\"_blank\" data-saferedirecturl=\"https:\/\/www.google.com\/url?hl=hu&#038;q=http:\/\/www.kulturliget.hu\/&#038;source=gmail&#038;ust=1481253527294000&#038;usg=AFQjCNFt7IrIkfMbn36WdhkZ9qATFs59OA\" style=\"color: rgb(17, 85, 204);\" rel=\"noopener\">www.kulturliget.hu<\/a><\/p>\n<p style=\"margin-bottom: 0.5em; margin-top: 0px;\">nyitvatart\u00e1si id\u0151ben (Mundy Monika tel:\u00a0<a href=\"http:\/\/www.eloszekelyfold.com\/web\/tel:+36%201%20401%203060\" value=\"+3614013060\" target=\"_blank\" style=\"color: rgb(17, 85, 204);\" rel=\"noopener\">+36 1 401 3060<\/a>)<\/p>\n<p style=\"margin-bottom: 0.5em; margin-top: 0px;\"><strong>\u00a0<\/strong><\/p>\n<p style=\"margin-bottom: 0.5em; margin-top: 0px;\"><strong>Budakal\u00e1sz<\/strong><\/p>\n<p style=\"margin-bottom: 0.5em; margin-top: 0px;\"><strong>Elekes Gy\u00f6rgy<\/strong><\/p>\n<p style=\"margin-bottom: 0.5em; margin-top: 0px;\">Budakal\u00e1sz, Sz\u00e9chenyi u. 67.<\/p>\n<p style=\"margin-bottom: 0.5em; margin-top: 0px;\"><a href=\"http:\/\/www.eloszekelyfold.com\/web\/tel:+36%2020%20953%203003\" value=\"+36209533003\" target=\"_blank\" style=\"color: rgb(17, 85, 204);\" rel=\"noopener\">+36 20 953 3003<\/a><\/p>\n<p style=\"margin-bottom: 0.5em; margin-top: 0px;\">Telefonos egyeztet\u00e9st k\u00f6vet\u0151en b\u00e1rmikor.<\/p>\n<p style=\"margin-bottom: 0.5em; margin-top: 0px;\"><span class=\"m_-610651560475849944font-size-5\"><strong><br \/>\n            Dunakeszi<\/strong><\/span><\/p>\n<p style=\"margin-bottom: 0.5em; margin-top: 0px;\"><strong>Pesti Tam\u00e1s (Michelin Gumiszerv\u00edz)<\/strong><\/p>\n<p style=\"margin-bottom: 0.5em; margin-top: 0px;\">Dunakeszi, Kert\u00e9sz u. 10<\/p>\n<p style=\"margin-bottom: 0.5em; margin-top: 0px;\"><a href=\"http:\/\/www.eloszekelyfold.com\/web\/tel:+36%2030%20951%203617\" value=\"+36309513617\" target=\"_blank\" style=\"color: rgb(17, 85, 204);\" rel=\"noopener\">+36 30 9513617<\/a><\/p>\n<p style=\"margin-bottom: 0.5em; margin-top: 0px;\">Nyitvatart\u00e1si id\u0151ben<\/p>\n<p style=\"margin-bottom: 0.5em; margin-top: 0px;\"><strong><br \/>\n            Hajd\u00fab\u00f6sz\u00f6rm\u00e9ny<\/strong><\/p>\n<p style=\"margin-bottom: 0.5em; margin-top: 0px;\"><strong>&#8211; Gazdabolt<\/strong><\/p>\n<p style=\"margin-bottom: 0.5em; margin-top: 0px;\">Hajd\u00fab\u00f6sz\u00f6rm\u00e9ny, Pet\u0151fi S u. 42<\/p>\n<p style=\"margin-bottom: 0.5em; margin-top: 0px;\">Nyitvatart\u00e1si id\u0151ben H-P 8-17, Szo 8-12<\/p>\n<p style=\"margin-bottom: 0.5em; margin-top: 0px;\"><strong>&#8211; K\u00e1lvin t\u00e9ri videot\u00e9ka<\/strong><\/p>\n<p style=\"margin-bottom: 0.5em; margin-top: 0px;\">K\u00e1lvin t\u00e9r 12.<\/p>\n<p style=\"margin-bottom: 0.5em; margin-top: 0px;\">Varjasi Imr\u00e9n\u00e9,\u00a0<a href=\"http:\/\/www.eloszekelyfold.com\/web\/tel:+36%2020%20970%208032\" value=\"+36209708032\" target=\"_blank\" style=\"color: rgb(17, 85, 204);\" rel=\"noopener\">+36 20 970 8032<\/a><\/p>\n<p style=\"margin-bottom: 0.5em; margin-top: 0px;\">Nyitvatart\u00e1si id\u0151ben, H-P 10-18, Szo-V 16-20<\/p>\n<p style=\"margin-bottom: 0.5em; margin-top: 0px;\"><strong>&#8211; Vill-For Szerv\u00edz Bt.<\/strong><\/p>\n<p style=\"margin-bottom: 0.5em; margin-top: 0px;\">Baltaz\u00e1r Dezs\u0151 u. 26.<\/p>\n<p style=\"margin-bottom: 0.5em; margin-top: 0px;\">Mad\u00e1csi M\u00e1ria,\u00a0<a href=\"http:\/\/www.eloszekelyfold.com\/web\/tel:+36%2020%20357%206255\" value=\"+36203576255\" target=\"_blank\" style=\"color: rgb(17, 85, 204);\" rel=\"noopener\">+36 20 357 6255<\/a><\/p>\n<p style=\"margin-bottom: 0.5em; margin-top: 0px;\">Nyitvatart\u00e1si id\u0151ben, H-P 8-17, Szo 8-12<\/p>\n<p style=\"margin-bottom: 0.5em; margin-top: 0px;\"><strong>&#8211; Kap\u00e1sn\u00e9 F\u00fcl\u00f6p Ant\u00f3nia<\/strong><\/p>\n<p style=\"margin-bottom: 0.5em; margin-top: 0px;\"><a href=\"http:\/\/www.eloszekelyfold.com\/web\/tel:+36%2020%20459%207839\" value=\"+36204597839\" target=\"_blank\" style=\"color: rgb(17, 85, 204);\" rel=\"noopener\">+36 20 459 7839<\/a><\/p>\n<p style=\"margin-bottom: 0.5em; margin-top: 0px;\">Mobil gy\u0171jt\u0151pont, telefonos egyeztet\u00e9st k\u00f6vet\u0151en b\u00e1rmikor, Hajd\u00fab\u00f6sz\u00f6rm\u00e9ny \u00e9s k\u00f6rny\u00e9k\u00e9r\u0151l<br \/>\n            <span class=\"m_-610651560475849944font-size-5\"><strong><br \/>\n            Gyula<\/strong><\/span><\/p>\n<p style=\"margin-bottom: 0.5em; margin-top: 0px;\"><strong>Bagosi R\u00e9ka<\/strong><\/p>\n<p style=\"margin-bottom: 0.5em; margin-top: 0px;\">5700 Gyula,\u00a0Sz\u00e9ls\u0151 utca 6\/A<\/p>\n<p style=\"margin-bottom: 0.5em; margin-top: 0px;\"><a href=\"http:\/\/www.eloszekelyfold.com\/web\/tel:+36%2030%20389%205550\" value=\"+36303895550\" target=\"_blank\" style=\"color: rgb(17, 85, 204);\" rel=\"noopener\">+36 30 389 5550<\/a><\/p>\n<p style=\"margin-bottom: 0.5em; margin-top: 0px;\">Telefonos egyeztet\u00e9st k\u00f6vet\u0151en, minden nap 14.00 \u00f3ra ut\u00e1n.<\/p>\n<p style=\"margin-bottom: 0.5em; margin-top: 0px;\"><span class=\"m_-610651560475849944font-size-5\"><strong><br \/>\n            Gyomaendr\u0151d<\/strong><\/span><\/p>\n<p style=\"margin-bottom: 0.5em; margin-top: 0px;\"><strong>Varg\u00e1n\u00e9 Farkas Ildik\u00f3\u00a0<\/strong><\/p>\n<p style=\"margin-bottom: 0.5em; margin-top: 0px;\">5502 Gyomaendr\u0151d, Babits u. 22.<\/p>\n<p style=\"margin-bottom: 0.5em; margin-top: 0px;\"><a href=\"http:\/\/www.eloszekelyfold.com\/web\/tel:+36%2030%20694%206204\" value=\"+36306946204\" target=\"_blank\" style=\"color: rgb(17, 85, 204);\" rel=\"noopener\">+36 30 694 6204<\/a><\/p>\n<p style=\"margin-bottom: 0.5em; margin-top: 0px;\">H\u00e9tk\u00f6znap d\u00e9lut\u00e1n \u00e9s h\u00e9tv\u00e9genk\u00e9nt, telefonos egyeztet\u00e9st k\u00f6vet\u0151en.<\/p>\n<p style=\"margin-bottom: 0.5em; margin-top: 0px;\"><strong><br \/>\n            Kecskem\u00e9t<\/strong><\/p>\n<p style=\"margin-bottom: 0.5em; margin-top: 0px;\"><strong><span class=\"m_-610651560475849944skimlinks-unlinked\">dr. Sz\u0171cs<\/span>\u00a0Annam\u00e1ria<\/strong><\/p>\n<p style=\"margin-bottom: 0.5em; margin-top: 0px;\">6000 Kecskem\u00e9t, \u00c1fonya u. 6<\/p>\n<p style=\"margin-bottom: 0.5em; margin-top: 0px;\"><a href=\"http:\/\/www.eloszekelyfold.com\/web\/tel:+36%2030%20650%200128\" value=\"+36306500128\" target=\"_blank\" style=\"color: rgb(17, 85, 204);\" rel=\"noopener\">+36 30 6500128<\/a><\/p>\n<p style=\"margin-bottom: 0.5em; margin-top: 0px;\">telefonos egyeztet\u00e9st k\u00f6vet\u0151en<\/p>\n<p style=\"margin-bottom: 0.5em; margin-top: 0px;\"><span class=\"m_-610651560475849944font-size-5\"><strong><br \/>\n            Szeged<\/strong><\/span><\/p>\n<p style=\"margin-bottom: 0.5em; margin-top: 0px;\"><strong>Selmeczky Gizella \u00e9s Pop\u00e1n J\u00e1nos<\/strong><\/p>\n<p style=\"margin-bottom: 0.5em; margin-top: 0px;\">6724 Szeged, Cserzy Mih\u00e1ly u. 17A<\/p>\n<p style=\"margin-bottom: 0.5em; margin-top: 0px;\"><a href=\"http:\/\/www.eloszekelyfold.com\/web\/tel:+36%2030%20625%201413\" value=\"+36306251413\" target=\"_blank\" style=\"color: rgb(17, 85, 204);\" rel=\"noopener\">+36 30 6251413<\/a>\u00a0vagy +36 30 8331645<\/p>\n<p style=\"margin-bottom: 0.5em; margin-top: 0px;\">telefonos egyeztet\u00e9st k\u00f6vet\u0151en 16.00-20.00 k\u00f6z\u00f6tt<\/p>\n<p style=\"margin-bottom: 0.5em; margin-top: 0px;\"><span class=\"m_-610651560475849944font-size-5\"><strong><br \/>\n            Szombathely<\/strong><\/span><\/p>\n<p style=\"margin-bottom: 0.5em; margin-top: 0px;\"><strong>A-Z NET Kft., sz\u00e1m\u00edt\u00e1stechnikai \u00fczlet<\/strong><\/p>\n<p style=\"margin-bottom: 0.5em; margin-top: 0px;\">9700 Szombathely, Kisfaludy S. u. 20.<\/p>\n<p style=\"margin-bottom: 0.5em; margin-top: 0px;\"><a href=\"http:\/\/www.eloszekelyfold.com\/web\/tel:+36%2030%20901%206080\" value=\"+36309016080\" target=\"_blank\" style=\"color: rgb(17, 85, 204);\" rel=\"noopener\">+36 30 901 6080<\/a><\/p>\n<p style=\"margin-bottom: 0.5em; margin-top: 0px;\">H\u00e9tk\u00f6znap 8.30-17.00, szombaton 8.30-12.00 \u00f3r\u00e1ig.<\/p>\n<p style=\"margin-bottom: 0.5em; margin-top: 0px;\"><strong>Kapt\u00e1r K\u00e9zm\u0171vesbolt<\/strong><\/p>\n<p style=\"margin-bottom: 0.5em; margin-top: 0px;\">9700 Szombathely, Kert\u00e9sz u. 18<\/p>\n<p style=\"margin-bottom: 0.5em; margin-top: 0px;\">+36 70\u00a06057968<\/p>\n<p style=\"margin-bottom: 0.5em; margin-top: 0px;\">keddt\u0151l p\u00e9ntekig 9-12 \u00e9s 13.30-17.30 k\u00f6z\u00f6tt<\/p>\n<p style=\"margin-bottom: 0.5em; margin-top: 0px;\">\u00a0<strong><br \/>\n            Tatab\u00e1nya<\/strong><\/p>\n<p style=\"margin-bottom: 0.5em; margin-top: 0px;\"><strong>&#8211; Figura K\u00e9zm\u0171vesbolt<\/strong><\/p>\n<p style=\"margin-bottom: 0.5em; margin-top: 0px;\">2800 Tatab\u00e1nya, Mad\u00e1ch Imre utca 1\/a.<\/p>\n<p style=\"margin-bottom: 0.5em; margin-top: 0px;\"><a href=\"http:\/\/www.eloszekelyfold.com\/web\/tel:+36%2020%20467%209170\" value=\"+36204679170\" target=\"_blank\" style=\"color: rgb(17, 85, 204);\" rel=\"noopener\">+36 20 467 9170<\/a><\/p>\n<p style=\"margin-bottom: 0.5em; margin-top: 0px;\">Nyitvatart\u00e1si id\u0151ben.<\/p>\n<p style=\"margin-bottom: 0.5em; margin-top: 0px;\"><strong>&#8211; J\u00f3zsef Attila Megyei K\u00f6nyvt\u00e1r<\/strong><\/p>\n<p style=\"margin-bottom: 0.5em; margin-top: 0px;\">2800 Tatab\u00e1nya, F\u0151 t\u00e9r 2.<\/p>\n<p style=\"margin-bottom: 0.5em; margin-top: 0px;\"><a href=\"http:\/\/www.eloszekelyfold.com\/web\/tel:+36%2034%20513%20682\" value=\"+3634513682\" target=\"_blank\" style=\"color: rgb(17, 85, 204);\" rel=\"noopener\">+36 34 513 682<\/a><\/p>\n<p style=\"margin-bottom: 0.5em; margin-top: 0px;\">Nyitvatart\u00e1si id\u0151ben.<\/p>\n<p style=\"margin-bottom: 0.5em; margin-top: 0px;\"><strong>&#8211; T-HR Tan\u00e1csad\u00f3 Iroda<\/strong><\/p>\n<p style=\"margin-bottom: 0.5em; margin-top: 0px;\">2800 Tatab\u00e1nya, Szent Borb\u00e1la t\u00e9r 6.<\/p>\n<p style=\"margin-bottom: 0.5em; margin-top: 0px;\"><a href=\"http:\/\/www.eloszekelyfold.com\/web\/tel:+36%2030%20554%209020\" value=\"+36305549020\" target=\"_blank\" style=\"color: rgb(17, 85, 204);\" rel=\"noopener\">+36 30 554 9020<\/a><\/p>\n<p style=\"margin-bottom: 0.5em; margin-top: 0px;\">Munkaid\u0151ben.<\/p>\n<p style=\"margin-bottom: 0.5em; margin-top: 0px;\"><strong>&#8211; MOBIL \u00e1tvev\u0151 szolg\u00e1lat<\/strong><\/p>\n<p style=\"margin-bottom: 0.5em; margin-top: 0px;\"><a href=\"http:\/\/www.eloszekelyfold.com\/web\/tel:+36%2030%20922%208099\" value=\"+36309228099\" target=\"_blank\" style=\"color: rgb(17, 85, 204);\" rel=\"noopener\">+36 30 922 8099<\/a>\u00a0(inform\u00e1ci\u00f3 a\u00a0+36 30 280 9997 sz\u00e1mon is k\u00e9rhet\u0151)<\/p>\n<p style=\"margin-bottom: 0.5em; margin-top: 0px;\">Rugalmas \u00e1tv\u00e9tel, telefonos egyeztet\u00e9st k\u00f6vet\u0151en szinte b\u00e1rmikor, Tatab\u00e1ny\u00e1n \u00e9s k\u00f6rny\u00e9k\u00e9n.<\/p>\n<p style=\"margin-bottom: 0.5em; margin-top: 0px;\">\u00a0<span class=\"m_-610651560475849944font-size-5\"><strong><br \/>\n            T\u00e1rnok<\/strong><\/span><\/p>\n<p style=\"margin-bottom: 0.5em; margin-top: 0px;\"><strong>Szab\u00f3 Zsuzsanna<\/strong><\/p>\n<p style=\"margin-bottom: 0.5em; margin-top: 0px;\">2461 T\u00e1rnok, R\u00e1k\u00f3czi \u00fat 57.<\/p>\n<p style=\"margin-bottom: 0.5em; margin-top: 0px;\">+36 30\u00a06967539<\/p>\n<p style=\"margin-bottom: 0.5em; margin-top: 0px;\">Telefonos egyeztet\u00e9st k\u00f6vet\u0151en<\/p>\n<p style=\"margin-bottom: 0.5em; margin-top: 0px;\"><strong><br \/>\n            Ver\u0151ce<\/strong><\/p>\n<p style=\"margin-bottom: 0.5em; margin-top: 0px;\"><strong>Ver\u0151ce Gal\u00e9ria<\/strong><\/p>\n<p style=\"margin-bottom: 0.5em; margin-top: 0px;\">2621 Ver\u0151ce, \u00c1rp\u00e1d \u00fat 21.<\/p>\n<p style=\"margin-bottom: 0.5em; margin-top: 0px;\">Baranyai T\u00f3th \u00c9va,\u00a0<a href=\"http:\/\/www.eloszekelyfold.com\/web\/tel:+36%2070%20370%208991\" value=\"+36703708991\" target=\"_blank\" style=\"color: rgb(17, 85, 204);\" rel=\"noopener\">+36 70 370 8991<\/a><\/p>\n<p style=\"margin-bottom: 0.5em; margin-top: 0px;\">Minden nap 10.00 \u00e9s 17.00 \u00f3ra k\u00f6z\u00f6tt, h\u00e9tv\u00e9g\u00e9n is.<\/p>\n<\/td>\n<\/tr>\n<\/tbody>\n<\/table>\n<p class=\"m_-610651560475849944smallprint\" style=\"color: rgb(34, 34, 34); font-family: arial, sans-serif;\">\u00a0<\/p>\n<div style=\"color: rgb(34, 34, 34); font-family: arial, sans-serif; border-bottom-width: 1px; border-bottom-style: solid; border-bottom-color: rgb(170, 170, 170); height: 10px;\"><small>\u00a0<\/small><\/div>\n<p><small style=\"color: rgb(34, 34, 34); font-family: arial, sans-serif;\"><\/p>\n<div style=\"color: rgb(119, 119, 119); font-size: 11px; padding-top: 5px;\">\u00a0<\/div>\n<p><\/small>\n                        <\/div>\n","protected":false},"excerpt":{"rendered":"<p>\u00a0 Rengeteg v\u00e1rosban vannak gy\u0171jt\u0151pontjai Magyarorsz\u00e1gon az Erd\u00e9lyi magyarok a nagyvil\u00e1gban K\u00f6zhaszn\u00fa Alap\u00edtv\u00e1nynak. Budapest, Szeged, Szombathely, Budakal\u00e1sz, Dunakeszi, Keszthely, Kecskem\u00e9t, Gyula, Hajd\u00fab\u00f6sz\u00f6rm\u00e9ny, Ver\u0151ce, Tatab\u00e1nya, Gyomaendr\u0151d, T\u00e1rnok mind fogadj\u00e1k az adakoz\u00f3kat. Az \u00e1tvev\u0151pontok v\u00e1ros szerinti \u00e1b\u00e9c\u00e9-sorrendben tal\u00e1lhat\u00f3k meg a list\u00e1ban, valamennyi \u00e1tvev\u0151pont eset\u00e9n szerepel, hogy mely napokon, mett\u0151l meddig van lehet\u0151s\u00e9g az adom\u00e1nyok lead\u00e1s\u00e1ra. \u00a0 Als\u00f3p\u00e1hok [&hellip;]<\/p>\n","protected":false},"author":1,"featured_media":28198,"comment_status":"open","ping_status":"open","sticky":false,"template":"","format":"standard","meta":{"footnotes":""},"categories":[],"tags":[],"class_list":["post-28197","post","type-post","status-publish","format-standard","has-post-thumbnail","hentry"],"_links":{"self":[{"href":"https:\/\/archivum.eloszekelyfold.ro\/index.php\/wp-json\/wp\/v2\/posts\/28197","targetHints":{"allow":["GET"]}}],"collection":[{"href":"https:\/\/archivum.eloszekelyfold.ro\/index.php\/wp-json\/wp\/v2\/posts"}],"about":[{"href":"https:\/\/archivum.eloszekelyfold.ro\/index.php\/wp-json\/wp\/v2\/types\/post"}],"author":[{"embeddable":true,"href":"https:\/\/archivum.eloszekelyfold.ro\/index.php\/wp-json\/wp\/v2\/users\/1"}],"replies":[{"embeddable":true,"href":"https:\/\/archivum.eloszekelyfold.ro\/index.php\/wp-json\/wp\/v2\/comments?post=28197"}],"version-history":[{"count":0,"href":"https:\/\/archivum.eloszekelyfold.ro\/index.php\/wp-json\/wp\/v2\/posts\/28197\/revisions"}],"wp:featuredmedia":[{"embeddable":true,"href":"https:\/\/archivum.eloszekelyfold.ro\/index.php\/wp-json\/wp\/v2\/media\/28198"}],"wp:attachment":[{"href":"https:\/\/archivum.eloszekelyfold.ro\/index.php\/wp-json\/wp\/v2\/media?parent=28197"}],"wp:term":[{"taxonomy":"category","embeddable":true,"href":"https:\/\/archivum.eloszekelyfold.ro\/index.php\/wp-json\/wp\/v2\/categories?post=28197"},{"taxonomy":"post_tag","embeddable":true,"href":"https:\/\/archivum.eloszekelyfold.ro\/index.php\/wp-json\/wp\/v2\/tags?post=28197"}],"curies":[{"name":"wp","href":"https:\/\/api.w.org\/{rel}","templated":true}]}}