{"id":28195,"date":"2021-12-13T01:23:00","date_gmt":"2021-12-13T01:23:00","guid":{"rendered":"http:\/\/archivum.eloszekelyfold.ro\/2021\/12\/13\/testverlatogatoban-a-kereszturiak-9\/"},"modified":"2021-12-13T01:23:00","modified_gmt":"2021-12-13T01:23:00","slug":"testverlatogatoban-a-kereszturiak-9","status":"publish","type":"post","link":"https:\/\/archivum.eloszekelyfold.ro\/index.php\/2021\/12\/13\/testverlatogatoban-a-kereszturiak-9\/","title":{"rendered":"Testv\u00e9rl\u00e1togat\u00f3ban a kereszt\u00fariak (9.)"},"content":{"rendered":"<p><\/p>\n<div style=\"color:#666666; font-family:inherit; font-size:14px;font-style: normal;text-align:left;line-height:24px;\">\n<div style=\"float:left\"><img decoding=\"async\" src=\"http:\/\/archivum.eloszekelyfold.ro\/wp-content\/uploads\/2021\/12\/662_karacsonyfaval.jpg\" alt=\"Testv\u00e9rl\u00e1togat\u00f3ban a kereszt\u00fariak (9.)\" style=\"padding-right:14px; padding-bottom:6px; padding-top:6px;\" width=\"320px\"><\/div>\n<p>                              Bostonban is havazott. A vas\u00e1rnap m\u00e1r az \u00fatra val\u00f3 k\u00e9sz\u00fcl\u0151d\u00e9s \u00e9s az elv\u00e1l\u00e1s jegy\u00e9ben zajlott. Annyi biztos, hogy a concordi testv\u00e9rgy\u00fclekezet megl\u00e1togat\u00e1sakor az sz\u00e9kelykereszt\u00fari k\u00fcld\u00f6tts\u00e9g igen b\u0151s\u00e9ges \u00e9s sokoldal\u00fa \u00e9lm\u00e9nyadaggal gazdagodott. <\/p>\n<p>A k\u00f6zeli viszontl\u00e1t\u00e1s rem\u00e9ny\u00e9ben vett\u00fcnk b\u00facs\u00fat T\u00f3dor Csaba lelk\u00e9szt\u0151l, aki h\u00e9tf\u0151n kelt level\u00e9ben pr\u00f3b\u00e1lta \u00f6sszegezni az utols\u00f3 k\u00e9t nap alatt t\u00f6rt\u00e9nteket.<\/p>\n<p>Ez a napl\u00f3 &#8211; rem\u00e9nyeink szerint &#8211; egy szubjekt\u00edvebb \u00e9s r\u00e9szletesebb \u00e9lm\u00e9ny\u00f6sszegz\u00e9ssel folytat\u00f3dik majd, mihelyt imm\u00e1r idehaza siker\u00fcl v\u00e9l\u00fck felvenni a kapcsolatot.<\/p>\n<p>Akkor maradunk a szerencs\u00e9s tal\u00e1lkoz\u00e1s rem\u00e9ny\u00e9ben.\u00a0<\/p>\n<p><strong>2016.december 4., vas\u00e1rnap<\/strong><\/p>\n<div>A mai nap k\u00e9t nagyon fontos esem\u00e9ny t\u00f6rt\u00e9nt: az istentisztelet, \u00e9s este a b\u00facs\u00faz\u00e1s. Az istentisztelet nagyon\u00a0interakt\u00edv volt. Mi, erd\u00e9lyiek \u00e9nekelt\u00fcnk. Egyik jap\u00e1n- kin\u00e9zetel\u0171 felebar\u00e1tunk azt mondja istentisztelet ut\u00e1n, hogy \u0151\u00a0nagyon meg van d\u00f6bbenve az \u00e9nekl\u00e9s\u00fcnk\u00f6n. Mostan\u00e1ig egysz\u00f3lamban \u00e9s j\u00f3 hangosan \u00e9nekelt a k\u00f3rus. Ezalkalommal halkan \u00e9s t\u00f6bb\u00a0sz\u00f3lamban \u00e9nekelt\u00fcnk.<\/p>\n<p>Az esti b\u00facs\u00faz\u00e1s egyben \u00f6sszegz\u00e9s is volt. Azt l\u00e1ttuk, hogy nagyon j\u00f3l meg van szervezve a gy\u00fclekezet. Minden\u00a0tev\u00e9kenys\u00e9gnek van felel\u0151se. B\u00e1r nagyon elfoglaltak, sokat dolgoznak, m\u00e9gis vannak elhivatott emberek, akik\u00a0v\u00e1llalj\u00e1k a gy\u00fclekezeti munk\u00e1t. Tov\u00e1bb akarj\u00e1k folytatni a kapcsolatot.<\/p>\n<p>Amit rajtunk l\u00e1ttak, az a szeret\u00fcnk, az embers\u00e9g\u00fcnk. Visszaeml\u00e9keztek, hogy 2002 \u00f3ta, amikor az els\u0151 nagyobb csoport\u00a0l\u00e1togatott Kereszt\u00farra milyen j\u00f3l fogadt\u00e1k. Az erd\u00e9lyi vend\u00e9gszeretet hat\u00e1sa alatt \u00e1llnak. A nyelvi korl\u00e1tok\u00a0ellen\u00e9re mindenki azt adta, amije van. A szem\u00e9lyes, csal\u00e1di k\u00f6t\u0151d\u00e9sek ment\u00e9n kell folytatni a kapcsolatot. \u00c9s most is meggy\u0151z\u0151dhett\u00fcnk arr\u00f3l, hogy a zene\u00a0nagyon fontos r\u00e9sze ennek a kapcsolatnak. Rem\u00e9lik, hogy ezen a t\u00e9ren is egy\u00fctt fog dolgozni a k\u00e9t k\u00f3rus.\u00a0<br \/>\n\u00a0<\/div>\n<div style=\"text-align: center;\"><img loading=\"lazy\" decoding=\"async\" src=\"http:\/\/archivum.eloszekelyfold.ro\/wp-content\/uploads\/2021\/12\/amerika_gyulekezet.jpg\" width=\"500\" height=\"334\" alt=\"\"><\/div>\n<div style=\"text-align: center;\"><em>A concordiak gy\u00fclekezete<\/em><strong><\/p>\n<p><\/strong><\/div>\n<div style=\"text-align: left;\"><strong>Z\u00e1r\u00e1sk\u00e9ppen<\/strong><\/div>\n<div>\nLehavazott Bostonban. Ma, h\u00e9tf\u0151n reggel \u00f6sszepakoltunk. Szalonn\u00e1s toj\u00e1sr\u00e1ntott\u00e1t k\u00e9sz\u00edtett a lelk\u00e9sz. <\/p>\n<p>Kint hull a\u00a0h\u00f3, am\u00edg sz\u00fcrcs\u00f6l\u00f6m a k\u00e1v\u00e9t. <\/p>\n<p>Gondolom, Izland f\u00f6l\u00f6tt fogunk \u00e1trep\u00fclni. A Mikul\u00e1s is eddig megreggelizett, \u00e9s\u00a0k\u00e9sz\u00fcl. Hogy tartsuk a r\u00e9gi kapcsolatot, mint gyermekek. Isten gyermekei.\u00a0<br \/>\n<em><br \/>\nT\u00f3dor Csaba<\/em><\/div>\n<\/p><\/div>\n","protected":false},"excerpt":{"rendered":"<p>Bostonban is havazott. A vas\u00e1rnap m\u00e1r az \u00fatra val\u00f3 k\u00e9sz\u00fcl\u0151d\u00e9s \u00e9s az elv\u00e1l\u00e1s jegy\u00e9ben zajlott. Annyi biztos, hogy a concordi testv\u00e9rgy\u00fclekezet megl\u00e1togat\u00e1sakor az sz\u00e9kelykereszt\u00fari k\u00fcld\u00f6tts\u00e9g igen b\u0151s\u00e9ges \u00e9s sokoldal\u00fa \u00e9lm\u00e9nyadaggal gazdagodott. A k\u00f6zeli viszontl\u00e1t\u00e1s rem\u00e9ny\u00e9ben vett\u00fcnk b\u00facs\u00fat T\u00f3dor Csaba lelk\u00e9szt\u0151l, aki h\u00e9tf\u0151n kelt level\u00e9ben pr\u00f3b\u00e1lta \u00f6sszegezni az utols\u00f3 k\u00e9t nap alatt t\u00f6rt\u00e9nteket. Ez a napl\u00f3 [&hellip;]<\/p>\n","protected":false},"author":1,"featured_media":28196,"comment_status":"open","ping_status":"open","sticky":false,"template":"","format":"standard","meta":{"footnotes":""},"categories":[],"tags":[],"class_list":["post-28195","post","type-post","status-publish","format-standard","has-post-thumbnail","hentry"],"_links":{"self":[{"href":"https:\/\/archivum.eloszekelyfold.ro\/index.php\/wp-json\/wp\/v2\/posts\/28195","targetHints":{"allow":["GET"]}}],"collection":[{"href":"https:\/\/archivum.eloszekelyfold.ro\/index.php\/wp-json\/wp\/v2\/posts"}],"about":[{"href":"https:\/\/archivum.eloszekelyfold.ro\/index.php\/wp-json\/wp\/v2\/types\/post"}],"author":[{"embeddable":true,"href":"https:\/\/archivum.eloszekelyfold.ro\/index.php\/wp-json\/wp\/v2\/users\/1"}],"replies":[{"embeddable":true,"href":"https:\/\/archivum.eloszekelyfold.ro\/index.php\/wp-json\/wp\/v2\/comments?post=28195"}],"version-history":[{"count":0,"href":"https:\/\/archivum.eloszekelyfold.ro\/index.php\/wp-json\/wp\/v2\/posts\/28195\/revisions"}],"wp:featuredmedia":[{"embeddable":true,"href":"https:\/\/archivum.eloszekelyfold.ro\/index.php\/wp-json\/wp\/v2\/media\/28196"}],"wp:attachment":[{"href":"https:\/\/archivum.eloszekelyfold.ro\/index.php\/wp-json\/wp\/v2\/media?parent=28195"}],"wp:term":[{"taxonomy":"category","embeddable":true,"href":"https:\/\/archivum.eloszekelyfold.ro\/index.php\/wp-json\/wp\/v2\/categories?post=28195"},{"taxonomy":"post_tag","embeddable":true,"href":"https:\/\/archivum.eloszekelyfold.ro\/index.php\/wp-json\/wp\/v2\/tags?post=28195"}],"curies":[{"name":"wp","href":"https:\/\/api.w.org\/{rel}","templated":true}]}}