{"id":28193,"date":"2021-12-13T01:21:01","date_gmt":"2021-12-13T01:21:01","guid":{"rendered":"http:\/\/archivum.eloszekelyfold.ro\/2021\/12\/13\/karacsonyi-turnera-indul-a-fili\/"},"modified":"2021-12-13T01:21:01","modified_gmt":"2021-12-13T01:21:01","slug":"karacsonyi-turnera-indul-a-fili","status":"publish","type":"post","link":"https:\/\/archivum.eloszekelyfold.ro\/index.php\/2021\/12\/13\/karacsonyi-turnera-indul-a-fili\/","title":{"rendered":"Kar\u00e1csonyi turn\u00e9ra indul a Fili"},"content":{"rendered":"<p><\/p>\n<div style=\"color:#666666; font-family:inherit; font-size:14px;font-style: normal;text-align:left;line-height:24px;\">\n<div style=\"float:left\"><img decoding=\"async\" src=\"http:\/\/archivum.eloszekelyfold.ro\/wp-content\/uploads\/2021\/12\/663_gyertyas_fili.jpg\" alt=\"Kar\u00e1csonyi turn\u00e9ra indul a Fili\" style=\"padding-right:14px; padding-bottom:6px; padding-top:6px;\" width=\"320px\"><\/div>\n<p>                              A Szentegyh\u00e1zi Gyermekfilharm\u00f3nia imm\u00e1r hagyom\u00e1nyos kar\u00e1csonyi turn\u00e9ra k\u00e9sz\u00fcl. <\/p>\n<p>Id\u00e9n december 16-\u00e1n kezd\u0151dik az el\u0151ad\u00e1ssorozat V\u00e1rosfalva m\u0171vel\u0151d\u00e9si h\u00e1z\u00e1ban, majd Kaposv\u00e1r, Zalaegerszeg, Vasv\u00e1r, Szil, Budapest \u00e9s Budakeszi lesznek a turn\u00e9 \u00e1llom\u00e1sai. <\/p>\n<p>A Fili 145 gyermekb\u0151l, 10 feln\u0151tt k\u00eds\u00e9r\u0151b\u0151l \u00e9s 6 g\u00e9pkocsivezet\u0151b\u0151l \u00e1ll\u00f3 csapata h\u00e1rom aut\u00f3busszal j\u00e1rja v\u00e9gig ezeket az \u00e1llom\u00e1sokat. A tervek szerint december 23-\u00e1n \u00e9rkeznek haza Szentegyh\u00e1z\u00e1ra.<\/p>\n<div style=\"text-align: center;\"><img loading=\"lazy\" decoding=\"async\" src=\"http:\/\/archivum.eloszekelyfold.ro\/wp-content\/uploads\/2021\/12\/FILI_logo_vkek.jpg\" width=\"100\" height=\"99\" alt=\"\"><\/div>\n<div style=\"text-align: center;\"><a href=\"http:\/\/www.fili.ro\/\"><span style=\"color: rgb(51, 102, 255);\"><strong>www.fili.ro<br \/>\n<\/strong><\/span><\/a><em><a href=\"http:\/\/www.fili.ro\/\"><br \/>\n<\/a><br \/>\n<\/em><\/div>\n<div style=\"text-align: left;\"><em>\u00c9l\u0151 Sz\u00e9kelyf\u00f6ld Munkacsoport<\/em><\/div>\n<\/p><\/div>\n","protected":false},"excerpt":{"rendered":"<p>A Szentegyh\u00e1zi Gyermekfilharm\u00f3nia imm\u00e1r hagyom\u00e1nyos kar\u00e1csonyi turn\u00e9ra k\u00e9sz\u00fcl. Id\u00e9n december 16-\u00e1n kezd\u0151dik az el\u0151ad\u00e1ssorozat V\u00e1rosfalva m\u0171vel\u0151d\u00e9si h\u00e1z\u00e1ban, majd Kaposv\u00e1r, Zalaegerszeg, Vasv\u00e1r, Szil, Budapest \u00e9s Budakeszi lesznek a turn\u00e9 \u00e1llom\u00e1sai. A Fili 145 gyermekb\u0151l, 10 feln\u0151tt k\u00eds\u00e9r\u0151b\u0151l \u00e9s 6 g\u00e9pkocsivezet\u0151b\u0151l \u00e1ll\u00f3 csapata h\u00e1rom aut\u00f3busszal j\u00e1rja v\u00e9gig ezeket az \u00e1llom\u00e1sokat. A tervek szerint december 23-\u00e1n \u00e9rkeznek haza [&hellip;]<\/p>\n","protected":false},"author":1,"featured_media":28194,"comment_status":"open","ping_status":"open","sticky":false,"template":"","format":"standard","meta":{"footnotes":""},"categories":[],"tags":[],"class_list":["post-28193","post","type-post","status-publish","format-standard","has-post-thumbnail","hentry"],"_links":{"self":[{"href":"https:\/\/archivum.eloszekelyfold.ro\/index.php\/wp-json\/wp\/v2\/posts\/28193","targetHints":{"allow":["GET"]}}],"collection":[{"href":"https:\/\/archivum.eloszekelyfold.ro\/index.php\/wp-json\/wp\/v2\/posts"}],"about":[{"href":"https:\/\/archivum.eloszekelyfold.ro\/index.php\/wp-json\/wp\/v2\/types\/post"}],"author":[{"embeddable":true,"href":"https:\/\/archivum.eloszekelyfold.ro\/index.php\/wp-json\/wp\/v2\/users\/1"}],"replies":[{"embeddable":true,"href":"https:\/\/archivum.eloszekelyfold.ro\/index.php\/wp-json\/wp\/v2\/comments?post=28193"}],"version-history":[{"count":0,"href":"https:\/\/archivum.eloszekelyfold.ro\/index.php\/wp-json\/wp\/v2\/posts\/28193\/revisions"}],"wp:featuredmedia":[{"embeddable":true,"href":"https:\/\/archivum.eloszekelyfold.ro\/index.php\/wp-json\/wp\/v2\/media\/28194"}],"wp:attachment":[{"href":"https:\/\/archivum.eloszekelyfold.ro\/index.php\/wp-json\/wp\/v2\/media?parent=28193"}],"wp:term":[{"taxonomy":"category","embeddable":true,"href":"https:\/\/archivum.eloszekelyfold.ro\/index.php\/wp-json\/wp\/v2\/categories?post=28193"},{"taxonomy":"post_tag","embeddable":true,"href":"https:\/\/archivum.eloszekelyfold.ro\/index.php\/wp-json\/wp\/v2\/tags?post=28193"}],"curies":[{"name":"wp","href":"https:\/\/api.w.org\/{rel}","templated":true}]}}