{"id":28191,"date":"2021-12-13T01:19:01","date_gmt":"2021-12-13T01:19:01","guid":{"rendered":"http:\/\/archivum.eloszekelyfold.ro\/2021\/12\/13\/a-balint-andras-dij-idei-kituntetettjei\/"},"modified":"2021-12-13T01:19:01","modified_gmt":"2021-12-13T01:19:01","slug":"a-balint-andras-dij-idei-kituntetettjei","status":"publish","type":"post","link":"https:\/\/archivum.eloszekelyfold.ro\/index.php\/2021\/12\/13\/a-balint-andras-dij-idei-kituntetettjei\/","title":{"rendered":"A B\u00e1lint Andr\u00e1s-d\u00edj idei kit\u00fcntetettjei"},"content":{"rendered":"<p><\/p>\n<div style=\"color:#666666; font-family:inherit; font-size:14px;font-style: normal;text-align:left;line-height:24px;\">\n<div style=\"float:left\"><img decoding=\"async\" src=\"http:\/\/archivum.eloszekelyfold.ro\/wp-content\/uploads\/2021\/12\/664_dijatado5.jpg\" alt=\"A B\u00e1lint Andr\u00e1s-d\u00edj idei kit\u00fcntetettjei\" style=\"padding-right:14px; padding-bottom:6px; padding-top:6px;\" width=\"320px\"><\/div>\n<p>                              Id\u00e9n k\u00e9t \u00fajs\u00e1g\u00edr\u00f3 kapja a B\u00e1lint Andr\u00e1s-d\u00edjat. K\u00e9t teljesen m\u00e1s szem\u00e9lyis\u00e9g, akikben az a k\u00f6z\u00f6s, hogy t\u00f6bb mint negyedsz\u00e1zada a honi magyar sajt\u00f3 g\u00f6r\u00f6ngy\u00f6s \u00fatj\u00e1t j\u00e1rj\u00e1k, ahol olykor falra h\u00e1nyt besz\u00e9d az igazul meg\u00edrt \u00fajs\u00e1g, id\u0151nk\u00e9nt azonban ezek a szavak megfogannak az olvas\u00f3ban, s haszn\u00e1lnak m\u00e9gis, k\u00edn\u00e1lnak n\u00e9mi kapaszkod\u00f3t a h\u00e9tk\u00f6znapokban.\u00a0<\/p>\n<p>Ez m\u00e1r \u00edgy is nagy dolog. <\/p>\n<p>\u00c9s ugyancsak nagy dolog, hogy a k\u00f6z\u00edr\u00f3k mindezt nem k\u00fcl\u00f6n\u00f6sebb fizets\u00e9g\u00e9rt, s\u0151t olykor megal\u00e1z\u00f3an kev\u00e9s juttat\u00e1s\u00e9rt, neh\u00e9z k\u00f6r\u00fclm\u00e9nyek k\u00f6zepette teszik, de a vil\u00e1g jav\u00edt\u00e1sa v\u00e9gett cselekednek, m\u00e9g akkor is, ha a helyzet rem\u00e9nytelennek mutatkozik.\u00a0<\/p>\n<div>Semmi nem rem\u00e9nytelen, csak a rem\u00e9ny-vesztetts\u00e9g. <\/p>\n<p>L\u00e1z\u00e1r Emese, a Hargita N\u00e9pe sz\u00e9kelyudvarhelyi tud\u00f3s\u00edt\u00f3-riportere \u00e9s Makkay J\u00e1nos, az Erd\u00e9lyi Napl\u00f3 f\u0151szerkeszt\u0151je veheti \u00e1t id\u00e9n ezt azt elismer\u00e9st, amelyet B\u00e1lint Andr\u00e1s \u00f6zvegye \u00e9s fia alap\u00edtott, s ad \u00e1t imm\u00e1r t\u00f6bb mint k\u00e9t \u00e9vtizede. K\u00e9t \u00e9ve imm\u00e1r a fi\u00fa, B\u00e1lint Csaba egymaga gondoskodik, hogy a plakett \u00e9s a szer\u00e9ny p\u00e9nz\u00f6sszeg rendelkez\u00e9sre \u00e1lljon.<\/p>\n<p><strong>\u201eHi\u00e1ba \u00e9l, aki m\u00e1soknak nem haszn\u00e1l\u201d<\/strong><\/p>\n<p><em>L\u00e1z\u00e1r Emes\u00e9t F\u00e1bi\u00e1n Korn\u00e9lia faggatta<\/em><\/div>\n<div>\u00a0<\/div>\n<div>A csal\u00f3ka vil\u00e1g \u00fatveszt\u0151iben el nem t\u00e9vedt kevesek j\u00f3l tudj\u00e1k: egyetlen val\u00f3di rangja van az embernek, \u00e9s az nem\u00a0m\u00e1s, mint isteni teremtetts\u00e9ge. Minden m\u00e1s, ami nem ezt d\u00edjazza \u00e9s dics\u00e9ri benne, enn\u00e9l kevesebb. L\u00e1z\u00e1r Emes\u00e9t\u00a0d\u00edjazzuk, aki 1968 szeptember 21-\u00e9n, \u00e9desapja 25. sz\u00fclet\u00e9snapj\u00e1n sz\u00fcletett. <br \/>\n\u00a0<\/div>\n<div style=\"text-align: center;\"><img loading=\"lazy\" decoding=\"async\" src=\"http:\/\/archivum.eloszekelyfold.ro\/wp-content\/uploads\/2021\/12\/lazar_emese_portre.jpg\" width=\"450\" height=\"675\" alt=\"\"><\/div>\n<div>\n\u201eK\u00fcl\u00f6nlegess\u00e9 \u00edgy lett ez a nap, kett\u0151s\u00a0\u00fcnnep, ami aj\u00e1nd\u00e9k ma is, amikor m\u00e1r lassacsk\u00e1n engedek a negyvennyolcb\u00f3l\u201d &#8211; mondja Emese. Ha a d\u00edjaz\u00e1sa kapcs\u00e1n\u00a0nem k\u00e9rek t\u0151le \u00edr\u00e1st az \u00e9let\u00e9r\u0151l, mindazt, amit most t\u0151le id\u00e9zek, ma \u00e9n sem tudn\u00e1m r\u00f3la. Mert a ritk\u00e1n ad\u00f3d\u00f3 k\u00f6z\u00f6s\u00a0k\u00e1v\u00e9z\u00e1sokkor nem szem\u00e9lyes dolgokr\u00f3l besz\u00e9lget\u00fcnk, hanem szakm\u00e1r\u00f3l. Szebben mondva \u00fajs\u00e1g\u00edr\u00e1sr\u00f3l, \u00fajs\u00e1g\u00edr\u00f3i\u00a0hivat\u00e1sr\u00f3l. \u00cdgy h\u00e1t sz\u00e1momra is \u00fajdons\u00e1g az, amit Emese mag\u00e1r\u00f3l vall.<\/div>\n<div>\u00a0<\/div>\n<div>\u201eBesz\u00e9lni, olvasni, mondj\u00e1k, id\u0151 el\u0151tt megtanultam, magam is eml\u00e9kszem, hogy kisgyerekk\u00e9nt m\u00e1gnesk\u00e9nt vonzottak,\u00a0leny\u0171g\u00f6ztek a k\u00f6nyvek \u2013 nem nagy csoda, a csal\u00e1dban mindenki k\u00f6nyvmoly volt, az olvas\u00e1s term\u00e9szetes, ak\u00e1r a\u00a0leveg\u0151v\u00e9tel. Var\u00e1zslatos vak\u00e1ci\u00f3kat t\u00f6lt\u00f6ttem nagyap\u00e1m nagyn\u00e9nj\u00e9n\u00e9l, gy\u00f6ny\u00f6r\u0171 k\u00f6nyvt\u00e1ra volt, reggelt\u0151l estig,\u00a0hajnalig olvastam \u00e9s olvastam. Els\u0151 mes\u00e9sk\u00f6nyvemet, Benedek Elek K\u00e9k mesek\u00f6nyv\u00e9t szeretett, kor\u00e1n elment Bagoly\u00a0nagyap\u00e1mt\u00f3l kaptam &#8211; becsben \u0151rz\u00f6m ma is. Elek ap\u00f3r\u00f3l, a kisbaconi k\u00fari\u00e1r\u00f3l szem\u00e9lyes eml\u00e9keket \u0151rz\u00f6tt az apai\u00a0\u00e1gon h\u00e1romsz\u00e9ki csal\u00e1d: d\u00e9dany\u00e1m Benedek le\u00e1ny volt. Ezeknek a t\u00f6rt\u00e9neteknek a hat\u00e1sa, hogy els\u0151 komoly olvasm\u00e1nyom\u00a0Marton Lili Elek ap\u00f3 c\u00edm\u0171 k\u00f6nyve volt. Levelet \u00edrtam Lili n\u00e9ninek, \u0151 v\u00e1laszolt \u2013 az \u00edr\u00f3g\u00e9pen lep\u00f6ty\u00f6gtetett\u00a0v\u00e1laszait ma is \u0151rz\u00f6m.<\/p>\n<p>T\u00f6rt\u00e9neteket, sz\u00edndarabokat \u00edrtam \u2013 \u00edr\u00f3 lesz a le\u00e1nyka, mondogatt\u00e1k. De \u00e9n ink\u00e1bb tornatan\u00e1r akartam lenni, ahogy\u00a0ap\u00e1m is, \u00e9s nem \u00e9rtettem, mi\u00e9rt mondj\u00e1k fejcs\u00f3v\u00e1lva a feln\u0151ttek: rendes szakm\u00e1t kell v\u00e1lasztani, fiam.<\/p>\n<p>A szentegyh\u00e1zi \u00e1ltal\u00e1nos iskol\u00e1ba j\u00e1rtam, a G\u00e1bor \u00c1ron L\u00edceumban \u00e9retts\u00e9giztem. Szerettem iskol\u00e1ba j\u00e1rni, de nem\u00a0az\u00e9rt, mert \u00e9n voltam a szolg\u00e1latos j\u00f3 tanul\u00f3, hanem mert \u00e9rdekelt minden t\u00e1rgy. M\u00e9g a matematika is, b\u00e1r eme\u00a0sz\u00e9pen egzakt tudom\u00e1nyb\u00f3l soha nem remekeltem, a sz\u00e1mokkal sosem tudtam bar\u00e1ts\u00e1got k\u00f6tni &#8211; az \u00f6n\u00e9letrajzb\u00f3l hi\u00e1nyz\u00f3\u00a0\u00e9vsz\u00e1mokra ez a magyar\u00e1zat.<\/p>\n<p>Kiv\u00e1l\u00f3 tan\u00edt\u00f3im voltak, akikre tisztelettel, h\u00e1l\u00e1val gondolok. A sor hossz\u00fa lenne, de Ilike tan\u00edt\u00f3 n\u00e9nit, dr\u00e1ga,\u00a0n\u00e9hai Bal\u00f3 Erzsike tan\u00e1r n\u00e9nit, Bogd\u00e1n Ida, Moln\u00e1r S\u00e1ndor magyar tan\u00e1rokat \u00e9s az Oszit, Nagy Eszter, szint\u00e9n magyar\u00a0szakos tan\u00e1rn\u0151t m\u00e9gis kiemelem, mert k\u00f6zel \u00e1lltak hozz\u00e1m, kiv\u00e1l\u00f3 pedag\u00f3gusok voltak, \u00e9s amit az anyanyelvr\u0151l,\u00a0helyes\u00edr\u00e1sr\u00f3l, irodalomr\u00f3l meg lehetett tan\u00edtani az iskol\u00e1ban, azt \u0151k nekem megtan\u00edtott\u00e1k. Az idegen nyelvek is\u00a0vonzottak, franci\u00e1ul, oroszul \u00e9s rom\u00e1nul is nagyon j\u00f3l besz\u00e9ltem, b\u00e1r a tud\u00e1s megkopott, ma sem adnak el. Angolul\u00a0k\u00e9s\u0151bb, feln\u0151tt fejjel \u00e9s autodidakta m\u00f3don tanultam meg \u2013 ennek oka, hogy amikor az oktat\u00f3 azt javasolta els\u0151\u00a0\u00f3r\u00e1n, hogy ragozzuk el a vanni ig\u00e9t, elmenek\u00fcltem a tanfolyamr\u00f3l. K\u00e9s\u0151bb m\u00e9gis levizsg\u00e1ztam, b\u00fcszk\u00e9n mondom:\u00a0halad\u00f3ban jeles.<\/p>\n<p>Felv\u00e9teliztem \u2013 sikertelen\u00fcl \u2013 \u00a0a kolozsv\u00e1ri BBTE orosz &#8211; magyar szak\u00e1ra, voltam helyettes\u00edt\u0151 tan\u00e1r\u00a0K\u00e1poln\u00e1sfaluban, azt\u00e1n f\u00e9rjhez mentem, dolgoztam a szentegyh\u00e1zi vasgy\u00e1r sz\u00e1m\u00edt\u00f3k\u00f6zpontj\u00e1ban, voltam kiskoszt\u00fcm\u00f6s k\u00e1deres\u00a0az udvarhelyi k\u00e9szruhagy\u00e1rban \u00e9s munkan\u00e9lk\u00fcli is.<\/p>\n<p>Az \u00fajs\u00e1g\u00edr\u00e1st a Hargita N\u00e9p\u00e9n\u00e9l, \u00e1ln\u00e9ven \u00edrt jegyzetekkel kezdtem, de az akkor m\u00e9g Kr\u00f3nik\u00e1n\u00e1l dolgoz\u00f3 J\u00e1nossy Al\u00edz\u00a0koll\u00e9gan\u0151 \u201elebuktatott\u201d- \u00edgy szavazott nekem bizalmat Sar\u00e1ny Istv\u00e1n f\u0151szerkeszt\u0151. T\u0151le kaptam a legt\u00f6bb biztat\u00e1st a\u00a0munk\u00e1mhoz, \u00e9s a mai napig \u00e9rv\u00e9nyes szakmai j\u00f3 tan\u00e1csot: azt \u00edrd le amit l\u00e1tt\u00e1l, hallott\u00e1l.<\/p>\n<p>Az online \u00fajs\u00e1g\u00edr\u00e1st is kipr\u00f3b\u00e1ltam, az els\u0151 udvarhelyi h\u00edrport\u00e1l, az uh.ro szerkeszt\u0151s\u00e9g\u00e9ben dolgoztam p\u00e1r \u00e9vig,\u00a0am\u00edg ki nem r\u00fagtak, mondv\u00e1n: t\u00fal rendes vagyok. \u00a0Rosszban j\u00f3: \u00edgy lettem \u00f6nk\u00e9ntes k\u00f6z\u00f6ns\u00e9gszervez\u0151 a Tomcsa S\u00e1ndor\u00a0Sz\u00ednh\u00e1zn\u00e1l. Sz\u00e9p, tanuls\u00e1gos id\u0151szak volt, b\u00e1r n\u00e9ha \u00fagy \u00e9reztem, sosem voltam t\u00e1volabb a sz\u00ednh\u00e1zt\u00f3l, mint akkor,\u00a0amikor ott dolgoztam. Tavaly \u0151sszel h\u00edvtak a Hargita N\u00e9p\u00e9hez &#8211; visszakanyarodtam az \u00fajs\u00e1ghoz.\u00a0<\/p>\n<p>Cikkeztem az Irodalmi Jelenben, jelent meg tud\u00f3s\u00edt\u00e1som a B\u00e1rka online-on. Szerkeszt\u0151 \u00e9s \u00fajs\u00e1g\u00edr\u00f3k\u00e9nt is tagja\u00a0vagyok a N\u0151ilegnek, az els\u0151 erd\u00e9lyi n\u0151i magazinnak.<\/p>\n<p>Hiszek abban, hogy az emberek j\u00f3k, mindenkinek van tehets\u00e9ge valamihez, \u00e9s a kapott t\u00e1lentumot elherd\u00e1lni nagy\u00a0v\u00e9tek. Azt gondolom, hogy \u00fajs\u00e1g\u00edr\u00e1s szolg\u00e1lat, amit ha j\u00f3l, kell\u0151 szorgalommal, al\u00e1zattal v\u00e9gz\u00fcnk, \u00fagy \u00e1ltalunk is\u00a0megy el\u0151bbre a vil\u00e1g. <\/p>\n<p>Az \u00e9vek alatt, munk\u00e1m sor\u00e1n rengeteg tal\u00e1lkoz\u00e1sban volt r\u00e9szem &#8211; rosszat felid\u00e9zni, ha volt\u00a0is ilyen, nem tudok. Az \u00f6nz\u00e9s, irigys\u00e9g, rosszindulat elkeser\u00edt, leb\u00e9n\u00edt, a humor\u00e9rz\u00e9k n\u00e9lk\u00fcli emberekt\u0151l pedig\u00a0ments meg uram, engem. A legb\u00fcszk\u00e9bb a k\u00e9t fiamra, a 24 \u00e9ves At\u00e1ra \u00e9s a 19 \u00e9ves Tam\u00e1sra vagyok. <\/p>\n<p>Mindig van egy t\u00f6rt\u00e9net, egy sz\u00f3, ami megtal\u00e1l, legut\u00f3bb a nemr\u00e9g elhunyt Ferencz Ervin atya gondolata maradt\u00a0velem: &#8222;Hi\u00e1ba \u00e9l, aki m\u00e1soknak nem haszn\u00e1l.&#8221; Szeretn\u00e9k \u00fagy \u00e9lni, dolgozni, hogy egy napom se legyen hi\u00e1baval\u00f3 \u2013 \u00a0vallja Emese.<\/p><\/div>\n<div>Azt gondolom, \u00e9let\u00e9nek \u00e9s \u00fajs\u00e1g\u00edr\u00f3i szolg\u00e1lat\u00e1nak eme summ\u00e1z\u00e1sa is m\u00e9lt\u00f3v\u00e1 teszi L\u00e1z\u00e1r Emes\u00e9t a B\u00e1lint Andr\u00e1s-d\u00edjra.<\/p>\n<p>Ady Endre az \u00fajs\u00e1g\u00edr\u00f3t magas rangra emelte. Azt mondta: a Szentl\u00e9lek lovagja. Mi, akik k\u00f6vetj\u00fck Emese \u00fajs\u00e1g\u00edr\u00f3i\u00a0munk\u00e1j\u00e1t, gyakran \u00e9rezz\u00fck \u00edr\u00e1saiban a szentl\u00e9lek sugallat\u00e1t. Ez\u00e9rt m\u00e9lt\u00f3 \u0151 d\u00edjaz\u00e1sra \u00e9s dics\u00e9retre.\u00a0<\/p><\/div>\n<div>\u00a0<\/div>\n<div><strong>Kanyarokkal, p\u00e1lyam\u00f3dos\u00edt\u00e1sokkal &#8211; a j\u00f3\u00e9rt, a vid\u00e9k felemelked\u00e9s\u00e9\u00e9rt<\/strong><\/p>\n<p><em>Makkay J\u00f3zsef r\u00f6vid \u00f6n\u00e9letrajzot k\u00fcld\u00f6tt szerkeszt\u0151s\u00e9g\u00fcnknek<\/em><\/div>\n<div>\u00a0<\/div>\n<div>Kolozsv\u00e1ron sz\u00fclettem 1967. janu\u00e1r 4-\u00e9n. Sz\u00fcl\u0151v\u00e1rosomban \u00e9retts\u00e9giztem 1985-ben, \u00e9s a katonas\u00e1g ut\u00e1n a\u00a0rendszerv\u00e1lt\u00e1sig, h\u00e1rom \u00e9ven \u00e1t mez\u0151gazdas\u00e1gi technikusk\u00e9nt dolgoztam a kolozsv\u00e1ri Gy\u00fcm\u00f6lcstermeszt\u00e9si K\u00eds\u00e9rleti\u00a0\u00c1llom\u00e1son (a Palocsay-kertben). 1990-1994 k\u00f6z\u00f6tt kert\u00e9szm\u00e9rn\u00f6ki szakot v\u00e9geztem.<br \/>\n\u00a0<\/div>\n<div style=\"text-align: center;\"><img loading=\"lazy\" decoding=\"async\" src=\"http:\/\/archivum.eloszekelyfold.ro\/wp-content\/uploads\/2021\/12\/Makkay_Jozsef_portre.jpg\" width=\"450\" height=\"338\" alt=\"\"><\/div>\n<div>\nEls\u0151 \u00edr\u00e1som \u00f6t\u00f6dikes koromban jelent meg a J\u00f3bar\u00e1t c\u00edm\u0171 gyermeklapban, majd 14 \u00e9ves koromt\u00f3l apr\u00f3bb ifj\u00fas\u00e1gi\u00a0\u00edr\u00e1sokat k\u00f6z\u00f6ltem az Ifj\u00famunk\u00e1sban, tizenkettedikes koromban pedig megjelent az els\u0151 sorozatom a Falvak Dolgoz\u00f3\u00a0N\u00e9p\u00e9ben a ny\u00fal- \u00e9s a galambtart\u00e1sr\u00f3l. 1987-t\u0151l gazdaportr\u00e9kat \u00edrtam kolozsv\u00e1ri h\u00f3st\u00e1ti f\u00f6ld\u00e9szkr\u0151l a helyi\u00a0napilapba, az Igazs\u00e1gba, ezt a sorozatot azonban a cenz\u00fara le\u00e1ll\u00edtotta. Mind az Igazs\u00e1g, mind a Falvak Dolgoz\u00f3 N\u00e9pe\u00a0alkalmazni akart riporteri \u00e1ll\u00e1sba, de az akkori k\u00f6r\u00fclm\u00e9nyek k\u00f6z\u00f6tt ez lehetetlennek bizonyult: nem voltam p\u00e1rttag,\u00a0\u00e9desap\u00e1m pedig az 1956-os megtorl\u00e1sokat k\u00f6vet\u0151en politikai fogoly volt, 1964-ben szabadult.<\/p>\n<p>1990 m\u00e1rcius\u00e1t\u00f3l a Bukarestben megjelen\u0151 Falvak N\u00e9pe f\u0151\u00e1ll\u00e1s\u00fa kolozsv\u00e1ri munkat\u00e1rsa lettem a hetilap 1992-es\u00a0megsz\u0171nt\u00e9ig. Ezzel p\u00e1rhuzamosan a kolozsv\u00e1ri Szabads\u00e1g c\u00edm\u0171 napilap munkat\u00e1rsak\u00e9nt dolgoztam. 1993-ban\u00a0\u00fajraind\u00edtottam az 1948-ban megsz\u0171nt Erd\u00e9lyi Gazda c\u00edm\u0171 mez\u0151gazdas\u00e1gi havilapot, amelynek 1995-ig voltam a\u00a0f\u0151szerkeszt\u0151je.<\/p>\n<p>1996 \u00e9s 2004 k\u00f6z\u00f6tt ism\u00e9t a Szabads\u00e1g munkat\u00e1rsak\u00e9nt alkalmaztak, el\u0151bb szerkeszt\u0151k\u00e9nt, majd \u00f6t \u00e9ven \u00e1t\u00a0f\u0151szerkeszt\u0151-helyettesk\u00e9nt. 2004-t\u0151l napjainkig az Erd\u00e9lyi Napl\u00f3 c\u00edm\u0171 hetilap munkat\u00e1rsa vagyok: 2004 \u00e9s 2012\u00a0k\u00f6z\u00f6tt f\u0151szerkeszt\u0151je, 2012-2015 k\u00f6z\u00f6tt szerkeszt\u0151je, majd 2015 szeptember\u00e9t\u0151l ism\u00e9t a f\u0151szerkeszt\u0151je.<\/p>\n<p>A kilencvenes \u00e9vekben tud\u00f3s\u00edt\u00f3ja voltam a Kossuth R\u00e1di\u00f3 Falur\u00e1di\u00f3 c\u00edm\u0171 m\u0171sor\u00e1nak \u00e9s a Duna telev\u00edzi\u00f3 Gazdak\u00f6r c\u00edm\u0171\u00a0ad\u00e1s\u00e1nak, valamint \u00e1lland\u00f3 k\u00fcls\u0151 munkat\u00e1rsa a Kolozsv\u00e1ri R\u00e1di\u00f3 magyar szerkeszt\u0151s\u00e9g\u00e9nek. T\u00f6bb riportom megjelent a\u00a0magyarorsz\u00e1gi nyomtatott sajt\u00f3ban is: a Magyar Nemzetben, a Kistermel\u0151k Lapj\u00e1ban, a Magyar Gazd\u00e1ban \u00e9s a Magyar\u00a0F\u00f3rumban.<\/p>\n<p>A k\u00e9tezres \u00e9vekben akt\u00edvan r\u00e9szt vettem a Magyar \u00dajs\u00e1g\u00edr\u00f3k Rom\u00e1niai Egyes\u00fclet\u00e9nek (M\u00daRE) tev\u00e9kenys\u00e9g\u00e9ben. Hat \u00e9vig\u00a0t\u00f6lt\u00f6ttem be az \u00fajs\u00e1g\u00edr\u00f3sz\u00f6vets\u00e9g Kolozs megyei ter\u00fcleti megb\u00edzotti tiszts\u00e9g\u00e9t, majd k\u00e9t \u00e9vig a M\u00daRE \u00edrott sajt\u00f3\u00e9rt\u00a0felel\u0151s orsz\u00e1gos aleln\u00f6ke voltam.<\/p>\n<p>A falu, a gazd\u00e1lkod\u00e1s, a mez\u0151gazdas\u00e1g \u00fcgye ir\u00e1nt elk\u00f6telezett \u00fajs\u00e1g\u00edr\u00f3k\u00e9nt kezdtem, \u00e9s ez a szakter\u00fclet eg\u00e9sz\u00a0eddigi \u00fajs\u00e1g\u00edr\u00f3 p\u00e1lyafut\u00e1som sor\u00e1n foglalkoztatott. Az elm\u00falt 26 esztend\u0151ben sz\u00e1mtalan riportot \u00e9s publicisztikai\u00a0\u00edr\u00e1st k\u00e9sz\u00edtettem. A kilencvenes \u00e9vek m\u00e1sodik fel\u00e9t\u0151l egyre ink\u00e1bb foglalkoztatott a rom\u00e1niai magyar politika\u00a0alakul\u00e1sa. A t\u00e9m\u00e1val interj\u00fakban, v\u00e9lem\u00e9nycikkekben \u00e9s h\u00e1tt\u00e9r-\u00f6ssze\u00e1ll\u00edt\u00e1sokban foglalkoztam.<\/p>\n<p>H\u00e1zas vagyok, k\u00e9t iskol\u00e1skor\u00fa gyerekem van, a nejem tan\u00edt\u00f3n\u0151 a Kolozsv\u00e1ri Reform\u00e1tus Koll\u00e9giumban.<\/p>\n<p><em>A c\u00edmk\u00e9p Sim\u00f3 M\u00e1rton felv\u00e9tele.<\/em><\/div>\n<div>\u00a0<\/div>\n<div><em>\u00c9l\u0151 Sz\u00e9kelyf\u00f6ld Munkacsoport<\/em><\/div>\n<\/p><\/div>\n","protected":false},"excerpt":{"rendered":"<p>Id\u00e9n k\u00e9t \u00fajs\u00e1g\u00edr\u00f3 kapja a B\u00e1lint Andr\u00e1s-d\u00edjat. K\u00e9t teljesen m\u00e1s szem\u00e9lyis\u00e9g, akikben az a k\u00f6z\u00f6s, hogy t\u00f6bb mint negyedsz\u00e1zada a honi magyar sajt\u00f3 g\u00f6r\u00f6ngy\u00f6s \u00fatj\u00e1t j\u00e1rj\u00e1k, ahol olykor falra h\u00e1nyt besz\u00e9d az igazul meg\u00edrt \u00fajs\u00e1g, id\u0151nk\u00e9nt azonban ezek a szavak megfogannak az olvas\u00f3ban, s haszn\u00e1lnak m\u00e9gis, k\u00edn\u00e1lnak n\u00e9mi kapaszkod\u00f3t a h\u00e9tk\u00f6znapokban.\u00a0 Ez m\u00e1r \u00edgy is [&hellip;]<\/p>\n","protected":false},"author":1,"featured_media":28192,"comment_status":"open","ping_status":"open","sticky":false,"template":"","format":"standard","meta":{"footnotes":""},"categories":[],"tags":[],"class_list":["post-28191","post","type-post","status-publish","format-standard","has-post-thumbnail","hentry"],"_links":{"self":[{"href":"https:\/\/archivum.eloszekelyfold.ro\/index.php\/wp-json\/wp\/v2\/posts\/28191","targetHints":{"allow":["GET"]}}],"collection":[{"href":"https:\/\/archivum.eloszekelyfold.ro\/index.php\/wp-json\/wp\/v2\/posts"}],"about":[{"href":"https:\/\/archivum.eloszekelyfold.ro\/index.php\/wp-json\/wp\/v2\/types\/post"}],"author":[{"embeddable":true,"href":"https:\/\/archivum.eloszekelyfold.ro\/index.php\/wp-json\/wp\/v2\/users\/1"}],"replies":[{"embeddable":true,"href":"https:\/\/archivum.eloszekelyfold.ro\/index.php\/wp-json\/wp\/v2\/comments?post=28191"}],"version-history":[{"count":0,"href":"https:\/\/archivum.eloszekelyfold.ro\/index.php\/wp-json\/wp\/v2\/posts\/28191\/revisions"}],"wp:featuredmedia":[{"embeddable":true,"href":"https:\/\/archivum.eloszekelyfold.ro\/index.php\/wp-json\/wp\/v2\/media\/28192"}],"wp:attachment":[{"href":"https:\/\/archivum.eloszekelyfold.ro\/index.php\/wp-json\/wp\/v2\/media?parent=28191"}],"wp:term":[{"taxonomy":"category","embeddable":true,"href":"https:\/\/archivum.eloszekelyfold.ro\/index.php\/wp-json\/wp\/v2\/categories?post=28191"},{"taxonomy":"post_tag","embeddable":true,"href":"https:\/\/archivum.eloszekelyfold.ro\/index.php\/wp-json\/wp\/v2\/tags?post=28191"}],"curies":[{"name":"wp","href":"https:\/\/api.w.org\/{rel}","templated":true}]}}