{"id":28189,"date":"2021-12-13T01:17:00","date_gmt":"2021-12-13T01:17:00","guid":{"rendered":"http:\/\/archivum.eloszekelyfold.ro\/2021\/12\/13\/jakobovits-miklos-emlekkiallitas\/"},"modified":"2021-12-13T01:17:00","modified_gmt":"2021-12-13T01:17:00","slug":"jakobovits-miklos-emlekkiallitas","status":"publish","type":"post","link":"https:\/\/archivum.eloszekelyfold.ro\/index.php\/2021\/12\/13\/jakobovits-miklos-emlekkiallitas\/","title":{"rendered":"Jakobovits Mikl\u00f3s-eml\u00e9kki\u00e1ll\u00edt\u00e1s"},"content":{"rendered":"<p><\/p>\n<div style=\"color:#666666; font-family:inherit; font-size:14px;font-style: normal;text-align:left;line-height:24px;\">\n<div style=\"float:left\"><img decoding=\"async\" src=\"http:\/\/archivum.eloszekelyfold.ro\/wp-content\/uploads\/2021\/12\/666_jakobovits-meghivo-web.jpg\" alt=\"Jakobovits Mikl\u00f3s-eml\u00e9kki\u00e1ll\u00edt\u00e1s\" style=\"padding-right:14px; padding-bottom:6px; padding-top:6px;\" width=\"320px\"><\/div>\n<p>                              A sepsiszentgy\u00f6rgyi Erd\u00e9lyi M\u0171v\u00e9szeti K\u00f6zpontban (EM\u00fcK) ker\u00fcl sor 2016. december 15-\u00e9n, cs\u00fct\u00f6rt\u00f6k\u00f6n 18.00 \u00f3rakor ker\u00fcl sor Jakobovits Mikl\u00f3s (1936-2012) fest\u0151m\u0171v\u00e9sz retrospekt\u00edv ki\u00e1ll\u00edt\u00e1s\u00e1nak megnyit\u00f3j\u00e1ra. <\/p>\n<p>A vend\u00e9geket Antal \u00c1rp\u00e1d Andr\u00e1s, Sepsiszentgy\u00f6rgy \u00a0polg\u00e1rmestere k\u00f6sz\u00f6nti. A t\u00e1rlatot megnyitja K\u00e1ny\u00e1di Irene, m\u0171v\u00e9szett\u00f6rt\u00e9n\u00e9sz, a Partiumi Kereszt\u00e9ny Egyetem el\u0151ad\u00f3tan\u00e1ra \u00e9s Vargha Mih\u00e1ly szobr\u00e1szm\u0171v\u00e9sz, a Sz\u00e9kely Nemzeti M\u00fazeum igazgat\u00f3ja.\u00a0<\/p>\n<div>\u00a0<\/div>\n<div>A ki\u00e1ll\u00edt\u00e1s kur\u00e1tora V\u00e9csi Nagy Zolt\u00e1n m\u0171v\u00e9szett\u00f6rt\u00e9n\u00e9sz, az Erd\u00e9lyi M\u0171v\u00e9szeti K\u00f6zpont vezet\u0151je.<\/p>\n<p>K\u00f6zrem\u0171k\u00f6dik K\u00f3nya-\u00dct\u0151 Bence a sepsiszentgy\u00f6rgyi Tam\u00e1si \u00c1ron Sz\u00ednh\u00e1z sz\u00edn\u00e9sze.<\/p><\/div>\n<div>\u00a0<\/div>\n<div>A ki\u00e1ll\u00edt\u00e1s az EM\u0171K\u00a0(Sepsiszentgy\u00f6rgy, Olt utca 2. sz\u00e1m) f\u00f6ldszinti \u00e9s III. emeleti ki\u00e1ll\u00edt\u00f3tereiben tekinthet\u0151 meg\u00a02016.december 16. \u00e9s 2017. janu\u00e1r 15. k\u00f6z\u00f6tt, keddt\u0151l p\u00e9ntekig, 10.00 \u00e9s 17.00, szombaton \u00e9s vas\u00e1rnap 10.00 \u00e9s 14.00 \u00f3ra k\u00f6z\u00f6tt.<\/p>\n<p><em>\u00c9l\u0151 Sz\u00e9kelyf\u00f6ld Munkacsoport<\/em><\/div>\n<div>\u00a0<\/div>\n<\/p><\/div>\n","protected":false},"excerpt":{"rendered":"<p>A sepsiszentgy\u00f6rgyi Erd\u00e9lyi M\u0171v\u00e9szeti K\u00f6zpontban (EM\u00fcK) ker\u00fcl sor 2016. december 15-\u00e9n, cs\u00fct\u00f6rt\u00f6k\u00f6n 18.00 \u00f3rakor ker\u00fcl sor Jakobovits Mikl\u00f3s (1936-2012) fest\u0151m\u0171v\u00e9sz retrospekt\u00edv ki\u00e1ll\u00edt\u00e1s\u00e1nak megnyit\u00f3j\u00e1ra. A vend\u00e9geket Antal \u00c1rp\u00e1d Andr\u00e1s, Sepsiszentgy\u00f6rgy \u00a0polg\u00e1rmestere k\u00f6sz\u00f6nti. A t\u00e1rlatot megnyitja K\u00e1ny\u00e1di Irene, m\u0171v\u00e9szett\u00f6rt\u00e9n\u00e9sz, a Partiumi Kereszt\u00e9ny Egyetem el\u0151ad\u00f3tan\u00e1ra \u00e9s Vargha Mih\u00e1ly szobr\u00e1szm\u0171v\u00e9sz, a Sz\u00e9kely Nemzeti M\u00fazeum igazgat\u00f3ja.\u00a0 \u00a0 A ki\u00e1ll\u00edt\u00e1s kur\u00e1tora [&hellip;]<\/p>\n","protected":false},"author":1,"featured_media":28190,"comment_status":"open","ping_status":"open","sticky":false,"template":"","format":"standard","meta":{"footnotes":""},"categories":[],"tags":[],"class_list":["post-28189","post","type-post","status-publish","format-standard","has-post-thumbnail","hentry"],"_links":{"self":[{"href":"https:\/\/archivum.eloszekelyfold.ro\/index.php\/wp-json\/wp\/v2\/posts\/28189","targetHints":{"allow":["GET"]}}],"collection":[{"href":"https:\/\/archivum.eloszekelyfold.ro\/index.php\/wp-json\/wp\/v2\/posts"}],"about":[{"href":"https:\/\/archivum.eloszekelyfold.ro\/index.php\/wp-json\/wp\/v2\/types\/post"}],"author":[{"embeddable":true,"href":"https:\/\/archivum.eloszekelyfold.ro\/index.php\/wp-json\/wp\/v2\/users\/1"}],"replies":[{"embeddable":true,"href":"https:\/\/archivum.eloszekelyfold.ro\/index.php\/wp-json\/wp\/v2\/comments?post=28189"}],"version-history":[{"count":0,"href":"https:\/\/archivum.eloszekelyfold.ro\/index.php\/wp-json\/wp\/v2\/posts\/28189\/revisions"}],"wp:featuredmedia":[{"embeddable":true,"href":"https:\/\/archivum.eloszekelyfold.ro\/index.php\/wp-json\/wp\/v2\/media\/28190"}],"wp:attachment":[{"href":"https:\/\/archivum.eloszekelyfold.ro\/index.php\/wp-json\/wp\/v2\/media?parent=28189"}],"wp:term":[{"taxonomy":"category","embeddable":true,"href":"https:\/\/archivum.eloszekelyfold.ro\/index.php\/wp-json\/wp\/v2\/categories?post=28189"},{"taxonomy":"post_tag","embeddable":true,"href":"https:\/\/archivum.eloszekelyfold.ro\/index.php\/wp-json\/wp\/v2\/tags?post=28189"}],"curies":[{"name":"wp","href":"https:\/\/api.w.org\/{rel}","templated":true}]}}