{"id":28187,"date":"2021-12-13T01:15:01","date_gmt":"2021-12-13T01:15:01","guid":{"rendered":"http:\/\/archivum.eloszekelyfold.ro\/2021\/12\/13\/oratoriummal-zarul-a-marton-aron-emlekev\/"},"modified":"2021-12-13T01:15:01","modified_gmt":"2021-12-13T01:15:01","slug":"oratoriummal-zarul-a-marton-aron-emlekev","status":"publish","type":"post","link":"https:\/\/archivum.eloszekelyfold.ro\/index.php\/2021\/12\/13\/oratoriummal-zarul-a-marton-aron-emlekev\/","title":{"rendered":"Orat\u00f3riummal z\u00e1rul a M\u00e1rton \u00c1ron Eml\u00e9k\u00e9v"},"content":{"rendered":"<p><\/p>\n<div style=\"color:#666666; font-family:inherit; font-size:14px;font-style: normal;text-align:left;line-height:24px;\">\n<div style=\"float:left\"><img decoding=\"async\" src=\"http:\/\/archivum.eloszekelyfold.ro\/wp-content\/uploads\/2021\/12\/665_marton_aron_plakett.jpg\" alt=\"Orat\u00f3riummal z\u00e1rul a M\u00e1rton \u00c1ron Eml\u00e9k\u00e9v\" style=\"padding-right:14px; padding-bottom:6px; padding-top:6px;\" width=\"320px\"><\/div>\n<p>                              Nagy p\u00fcsp\u00f6k\u00fcnk sz\u00fclet\u00e9s\u00e9nek 120. \u00e9v\u00e9re eml\u00e9k\u00e9vet hirdetett tavaly a Nemzetpolitikai \u00c1llamtitk\u00e1rs\u00e1g, amelynek m\u00e9lt\u00f3 lez\u00e1r\u00e1sak\u00e9nt a Hargita Megyei Hagyom\u00e1ny\u0151rz\u00e9si Forr\u00e1sk\u00f6zpont a N\u00e9pem\u00e9rt v\u00e1llalom c\u00edm\u0171 zenem\u0171 k\u00e9t helysz\u00ednen t\u00f6rt\u00e9n\u0151 bemutat\u00e1s\u00e1t t\u0171zte ki. <\/p>\n<p>A M\u00e1rton \u00c1ron p\u00fcsp\u00f6k tisztelet\u00e9re \u00edrt zenem\u0171vet 2016. december 16-\u00e1n, p\u00e9nteken 17.00 \u00f3rakor a gyergy\u00f3ditr\u00f3i K\u0151r\u00f6si Csoma S\u00e1ndor M\u0171vel\u0151d\u00e9si H\u00e1zban, 20.00 \u00f3rakor pedig a gyergy\u00f3sz\u00e1rhegyi m\u0171vel\u0151d\u00e9si h\u00e1zban mutatja be a Must\u00e1rmag \u00c9nekegy\u00fcttes. A zenem\u0171 szerz\u0151je Csisz\u00e9r L\u00e1szl\u00f3 \u00e9s Gy\u00e1rf\u00e1s Levente.<\/p>\n<div>\u00a0<\/div>\n<div>M\u00e9g ez \u00e9v elej\u00e9n, amikor a jubileumi rendezv\u00e9nyek megszervez\u00e9s\u00e9ben Hargita Megye Tan\u00e1csa \u00e9s a Hargita Megyei\u00a0Hagyom\u00e1ny\u0151rz\u00e9si Forr\u00e1sk\u00f6zpont r\u00e9szt v\u00e1llalt, a Sz\u00e9kelyudvarhelyen sz\u00e9kel\u0151 Forr\u00e1sk\u00f6zpont t\u00f6bb kultur\u00e1lis esem\u00e9nyt\u00a0javasolt a p\u00fcsp\u00f6kre val\u00f3 eml\u00e9kez\u00e9s jegy\u00e9ben. Dokument\u00e1ci\u00f3s v\u00e1ndorki\u00e1ll\u00edt\u00e1ssal, konferenci\u00e1val, egyh\u00e1zi \u00e9nekek\u00a0bemutat\u00e1s\u00e1val \u00e9s a p\u00fcsp\u00f6k tisztelet\u00e9re \u00edrt zenem\u0171 n\u00e9pszer\u0171s\u00edt\u00e9s\u00e9vel eleven\u00edtette fel \u00c1ron p\u00fcsp\u00f6k helyt\u00e1ll\u00e1s\u00e1t.<\/p>\n<p>Az igazs\u00e1g v\u00e9delm\u00e9ben, a szeretet szolg\u00e1lat\u00e1ban c\u00edm\u0171, M\u00e1rton \u00c1ron p\u00fcsp\u00f6k \u00e9let\u00e9r\u0151l sz\u00f3l\u00f3 dokument\u00e1ci\u00f3s v\u00e1ndort\u00e1rlat\u00a0megyeszerte h\u00e9t helysz\u00ednen szerepelt: a cs\u00edkszeredai M\u00e1rton \u00c1ron F\u0151gimn\u00e1ziumban, a Megyeh\u00e1za Gal\u00e9ri\u00e1ban, a\u00a0sz\u00e9kelyudvarhelyi M\u00e1rton \u00c1ron Ifj\u00fas\u00e1gi H\u00e1zban, a gyergy\u00f3remetei k\u00f6zs\u00e9gh\u00e1z\u00e1n, a gyergy\u00f3szentmikl\u00f3si Salamon Ern\u0151\u00a0Gimn\u00e1ziumban, a gyergy\u00f3ditr\u00f3i K\u0151r\u00f6si Csoma S\u00e1ndor M\u0171vel\u0151d\u00e9si H\u00e1z konferenciaterm\u00e9ben, valamint a gyergy\u00f3sz\u00e1rhegyi\u00a0M\u0171vel\u0151d\u00e9si H\u00e1z Cika Term\u00e9ben.<\/p>\n<p>A Paraliturgia c\u00edm\u0171, K\u00e1rp\u00e1t-medencei szakr\u00e1lis magyar n\u00e9pk\u00f6lt\u00e9szet ihlette el\u0151ad\u00e1st szint\u00e9n az eml\u00e9k\u00e9v rendezv\u00e9nyei\u00a0k\u00f6zt mutatt\u00e1k be Hargita megye t\u00f6bb helys\u00e9g\u00e9ben: Sz\u00e9kelyudvarhelyen a Szent Mikl\u00f3s-pl\u00e9b\u00e1niatemplomban,\u00a0Gyergy\u00f3remet\u00e9n a Szent L\u00e9n\u00e1rd-pl\u00e9b\u00e1niatemplomban, a Cs\u00edksomly\u00f3i Kegytemplomban, a szentegyh\u00e1zasfalusi Szent Andr\u00e1s\u00a0R\u00f3mai Katolikus Pl\u00e9b\u00e1niatemplomban, majd Farkaslaka \u00e9s Oroszhegy pl\u00e9b\u00e1niatemplom\u00e1ban.<\/p>\n<p>Az idei VII. Sz\u00e9kelyf\u00f6ld Napok rendezv\u00e9nysorozat r\u00e9szek\u00e9nt M\u00e1rton \u00c1ron-konferenci\u00e1t rendeztek Sz\u00e9kelyudvarhelyen a V\u00e1rosh\u00e1za Szent Istv\u00e1n Term\u00e9ben, ahol Bal\u00e1zs Imre nyugalmazott pl\u00e9b\u00e1nos, Bodeanu Denisa, a Szekurit\u00e1t\u00e9 Iratt\u00e1r\u00e1t\u00a0Vizsg\u00e1l\u00f3 Orsz\u00e1gos Tan\u00e1cs lev\u00e9lt\u00e1rosa, M\u00e1rton \u00c1ron megfigyel\u00e9si dosszi\u00e9j\u00e1nak kutat\u00f3ja, ft. msgr. Cs\u00edki D\u00e9nes p\u00e1pai\u00a0k\u00e1pl\u00e1n, kanonok, pl\u00e9b\u00e1nos, Derzsi Andr\u00e1s, a Szent Mikl\u00f3s-hegyi R\u00f3mai Katolikus Pl\u00e9b\u00e1nia gondnoka, L\u00e1z\u00e1r Csilla, a\u00a0cs\u00edkszentdomokosi M\u00e1rton \u00c1ron M\u00fazeum vezet\u0151je, valamint Nagy Mih\u00e1ly Zolt\u00e1n t\u00f6rt\u00e9n\u00e9sz, a Rom\u00e1n Kultur\u00e1lis Int\u00e9zet\u00a0eln\u00f6khelyettese mutatt\u00e1k be a p\u00fcsp\u00f6kr\u0151l sz\u00f3l\u00f3 kutat\u00e1saikat, illetve szem\u00e9lyes \u00e9lm\u00e9nyeiket.<\/p>\n<p>Az \u00c1ron p\u00fcsp\u00f6k monument\u00e1lis szem\u00e9lyis\u00e9g\u00e9t, megpr\u00f3b\u00e1ltat\u00e1sait, a t\u00f6rt\u00e9nelmi k\u00e9nyszerp\u00e1ly\u00e1n v\u00e1llalt helyt\u00e1ll\u00e1s\u00e1nak\u00a0momentumait felid\u00e9z\u0151 rockorat\u00f3riumot a marosv\u00e1s\u00e1rhelyi Must\u00e1rmag \u00c9nekegy\u00fcttes k\u00f6zel 49 alkalommal mutatta be\u00a0Erd\u00e9ly- \u00e9s Magyarorsz\u00e1g-szerte. <\/p>\n<p>Sok szeretettel v\u00e1rj\u00e1k mindazokat, akik elj\u00f6nn\u00e9nek az eml\u00e9k\u00e9vet z\u00e1r\u00f3 50., valamint az 51. orat\u00f3rium-el\u0151ad\u00e1sra\u00a0Gyergy\u00f3ditr\u00f3ba, illetve Gyergy\u00f3sz\u00e1rhegyre. <\/p>\n<p>A bel\u00e9p\u00e9s d\u00edjtalan.<br \/>\n\u00a0<\/div>\n<div>Szervez\u0151k: Hargita Megye Tan\u00e1csa \u00e9s a Hargita Megyei Hagyom\u00e1ny\u0151rz\u00e9si Forr\u00e1sk\u00f6zpont, partnerek: a Gyergy\u00f3ditr\u00f3i\u00a0K\u00f6zs\u00e9gi K\u00f6nyvt\u00e1r, Gyergy\u00f3ditr\u00f3 K\u00f6zs\u00e9g Polg\u00e1rmesteri Hivatala, Gyergy\u00f3sz\u00e1rhegy K\u00f6zs\u00e9g Polg\u00e1rmesteri Hivatala,\u00a0t\u00e1mogat\u00f3: a Rom\u00e1niai Magyar Demokrata Sz\u00f6vets\u00e9g \u00e9s a Communitas Alap\u00edtv\u00e1ny.<\/p>\n<p><em>A c\u00edmk\u00e9pen Szerv\u00e1tiusz Tibor M\u00e1rton \u00c1ron-plakettj\u00e9nek fot\u00f3ja l\u00e1that\u00f3.<\/em><\/p>\n<p><em>\u00c9l\u0151 Sz\u00e9kelyf\u00f6ld Munkacsoport<\/em><\/div>\n<\/p><\/div>\n","protected":false},"excerpt":{"rendered":"<p>Nagy p\u00fcsp\u00f6k\u00fcnk sz\u00fclet\u00e9s\u00e9nek 120. \u00e9v\u00e9re eml\u00e9k\u00e9vet hirdetett tavaly a Nemzetpolitikai \u00c1llamtitk\u00e1rs\u00e1g, amelynek m\u00e9lt\u00f3 lez\u00e1r\u00e1sak\u00e9nt a Hargita Megyei Hagyom\u00e1ny\u0151rz\u00e9si Forr\u00e1sk\u00f6zpont a N\u00e9pem\u00e9rt v\u00e1llalom c\u00edm\u0171 zenem\u0171 k\u00e9t helysz\u00ednen t\u00f6rt\u00e9n\u0151 bemutat\u00e1s\u00e1t t\u0171zte ki. A M\u00e1rton \u00c1ron p\u00fcsp\u00f6k tisztelet\u00e9re \u00edrt zenem\u0171vet 2016. december 16-\u00e1n, p\u00e9nteken 17.00 \u00f3rakor a gyergy\u00f3ditr\u00f3i K\u0151r\u00f6si Csoma S\u00e1ndor M\u0171vel\u0151d\u00e9si H\u00e1zban, 20.00 \u00f3rakor pedig a gyergy\u00f3sz\u00e1rhegyi [&hellip;]<\/p>\n","protected":false},"author":1,"featured_media":28188,"comment_status":"open","ping_status":"open","sticky":false,"template":"","format":"standard","meta":{"footnotes":""},"categories":[],"tags":[],"class_list":["post-28187","post","type-post","status-publish","format-standard","has-post-thumbnail","hentry"],"_links":{"self":[{"href":"https:\/\/archivum.eloszekelyfold.ro\/index.php\/wp-json\/wp\/v2\/posts\/28187","targetHints":{"allow":["GET"]}}],"collection":[{"href":"https:\/\/archivum.eloszekelyfold.ro\/index.php\/wp-json\/wp\/v2\/posts"}],"about":[{"href":"https:\/\/archivum.eloszekelyfold.ro\/index.php\/wp-json\/wp\/v2\/types\/post"}],"author":[{"embeddable":true,"href":"https:\/\/archivum.eloszekelyfold.ro\/index.php\/wp-json\/wp\/v2\/users\/1"}],"replies":[{"embeddable":true,"href":"https:\/\/archivum.eloszekelyfold.ro\/index.php\/wp-json\/wp\/v2\/comments?post=28187"}],"version-history":[{"count":0,"href":"https:\/\/archivum.eloszekelyfold.ro\/index.php\/wp-json\/wp\/v2\/posts\/28187\/revisions"}],"wp:featuredmedia":[{"embeddable":true,"href":"https:\/\/archivum.eloszekelyfold.ro\/index.php\/wp-json\/wp\/v2\/media\/28188"}],"wp:attachment":[{"href":"https:\/\/archivum.eloszekelyfold.ro\/index.php\/wp-json\/wp\/v2\/media?parent=28187"}],"wp:term":[{"taxonomy":"category","embeddable":true,"href":"https:\/\/archivum.eloszekelyfold.ro\/index.php\/wp-json\/wp\/v2\/categories?post=28187"},{"taxonomy":"post_tag","embeddable":true,"href":"https:\/\/archivum.eloszekelyfold.ro\/index.php\/wp-json\/wp\/v2\/tags?post=28187"}],"curies":[{"name":"wp","href":"https:\/\/api.w.org\/{rel}","templated":true}]}}