{"id":28185,"date":"2021-12-13T01:13:01","date_gmt":"2021-12-13T01:13:01","guid":{"rendered":"http:\/\/archivum.eloszekelyfold.ro\/2021\/12\/13\/az-ido-szolgasagaban\/"},"modified":"2021-12-13T01:13:01","modified_gmt":"2021-12-13T01:13:01","slug":"az-ido-szolgasagaban","status":"publish","type":"post","link":"https:\/\/archivum.eloszekelyfold.ro\/index.php\/2021\/12\/13\/az-ido-szolgasagaban\/","title":{"rendered":"Az id\u0151 szolgas\u00e1g\u00e1ban"},"content":{"rendered":"<p><\/p>\n<div style=\"color:#666666; font-family:inherit; font-size:14px;font-style: normal;text-align:left;line-height:24px;\">\n<div style=\"float:left\"><img decoding=\"async\" src=\"http:\/\/archivum.eloszekelyfold.ro\/wp-content\/uploads\/2021\/12\/667_idociklikussaga_l.jpg\" alt=\"Az id\u0151 szolgas\u00e1g\u00e1ban\" style=\"padding-right:14px; padding-bottom:6px; padding-top:6px;\" width=\"320px\"><\/div>\n<p>                              Tulajdonk\u00e9ppen egyetlen komoly vagyonunk az id\u0151. <\/p>\n<p>Megfoghatatlan, de \u00e1ltala m\u00e9gis minden kifejezhet\u0151. P\u00e9nz, munka, fegyver, \u00e9let, hal\u00e1l, rem\u00e9ny \u00e9s rem\u00e9nytelens\u00e9g rejlik benne. <\/p>\n<p>Mindaz, ami ember-mivoltunkat meghat\u00e1rozza, az ID\u0150, de ugyanakkor egy\u00e9b is, ami azon t\u00fali, ami \u00e9p \u00e9sszel fel nem foghat\u00f3, s meg sem magyar\u00e1zhat\u00f3, az mind-mind id\u0151-esszencia. <\/p>\n<p>Sebesty\u00e9n P\u00e9ter pl\u00e9b\u00e1nos, a jeles egyh\u00e1zi \u00edr\u00f3, a kiv\u00e1l\u00f3 sz\u00f3nok \u00e9s gondolkod\u00f3, a Gyulafeh\u00e9rv\u00e1ri F\u0151egyh\u00e1zmegye egyik \u00e9rdemes papja vett egy nagy l\u00e9legzetet, \u00e9s k\u00eds\u00e9rletet tesz egyfajta id\u0151-\u00e9rtelmez\u00e9sre.<\/p>\n<p>K\u00f6vess\u00fck e kalandban a pl\u00e9b\u00e1nos urat!<\/p>\n<p><\/p>\n<div style=\"text-align: center;\"><strong>Az id\u0151 szolgas\u00e1g\u00e1ban\u00a0<\/strong><em><\/p>\n<p>\u2013 m\u00e1r \u00e9s m\u00e9g nem k\u00f6z\u00f6tt \u2013\u00a0dolgozat az id\u0151r\u0151l<br \/>\n<\/em><\/div>\n<p><em> <\/em><\/p>\n<div>\u00a0<\/div>\n<div><strong>0.1. \u00a0Zenei felvezet\u00e9s <\/strong><br \/>\n\u00a0<\/div>\n<div style=\"text-align: center;\"><embed type=\"application\/x-shockwave-flash\" pluginspage=\"http:\/\/www.macromedia.com\/go\/getflashplayer\" src=\"http:\/\/www.youtube.com\/v\/xxVqDZcLSyY%26hl=en%26fs=1%26rel=0%26ap=%2526fmt=18\" width=\"425\" height=\"344\"><\/embed><\/div>\n<div>\nKisp\u00e1l \u00e9s Borz: Csillag vagy fecske c\u00edm\u0171 \u00e9neksz\u00e1ma a Cs\u00edk zenekar feldolgoz\u00e1s\u00e1ban.\u00a0(<a href=\"https:\/\/www.youtube.com\/watch?v=7gxRWdhAvNk\"><strong><span style=\"color: rgb(255, 102, 0);\">ITT<\/span><\/strong><\/a>\u00a0megtekinthet\u0151 a sz\u00f6veg-feliratos v\u00e1ltozatban is.)<\/p>\n<p>Lovasi Andr\u00e1s \u00e9nek\u00e9t nevezt\u00e9k m\u00e1r zsid\u00f3 klezmer dalnak, r\u00e9szeges sz\u00e1mnak is, az \u00e9vek folyam\u00e1n. Mindenk\u00e9pp\u00a0fergeteges, k\u00f6nnyed, sodr\u00f3 erej\u0171 dal, amit az im\u00e9nt hallottunk. Olvasatomban az \u00e9nekes \u00a0a szerelm\u00e9t v\u00e1rja\u00a0id\u0151kom\u00e1j\u00e1val, akivel k\u00f6zben ler\u00e9szegednek a vonaton, amelyben csak ketten utaznak. De a n\u0151 egyre csak v\u00e1ratja\u00a0mag\u00e1t. Felvillan, nappal mint fecske, este mint csillag, azt\u00e1n elt\u0171nik. Mondj\u00e1k is neki: maradj otthon, n\u00e9zz\u00e9l\u00a0t\u00e9v\u00e9t, ha m\u00e1r nem j\u00f6ssz.<\/p>\n<p>Azonban e k\u00e9peknek m\u00e9lyebb \u00e9rtelm\u0171 olvasatuk is van, hiszen a fecske az elillan\u00f3 pillanatot, a csillag a rem\u00e9ny\u00a0biztons\u00e1g\u00e1t jelenti h\u00e9tk\u00f6znapi tapasztalatunkban. De a fecske jelenthet szabads\u00e1got is, a csillag meg egyhelyben\u00a0\u00e1ll\u00e1st, toporg\u00e1st. Hol az igazs\u00e1g? <\/p>\n<p>Eml\u00edthetj\u00fck itt az Omega Az arc c\u00edm\u0171 dal\u00e1t is, ahol K\u00f3bor J\u00e1nos \u00fagy \u00e9nekel: &#8222;&#8230; arcunkon\u00a0az id\u0151, saj\u00e1t k\u00e9p\u00e9t h\u00edvja el\u0151, \u00e9s az angyalok, v\u00e9g\u00fcl nem ismernek r\u00e1nk&#8230;&#8221; Nyelv\u00fcnk is l\u00e9pten nyomon ilyen\u00a0hat\u00e1roz\u00f3sz\u00f3-ikerp\u00e1rokban gondolkodik: k\u00e9sik-siet, kor\u00e1n-k\u00e9s\u0151n, rohan-baktat\/cammog, hamar-megk\u00e9sve, s\u00fcrg\u0151s-r\u00e1\u00e9r\/halaszthat\u00f3.<br \/>\n<strong><br \/>\n0.2. Bevezet\u0151 szavak<\/strong><\/p>\n<p>Felgyorsult \u00e9letvitel\u00fcnkben, rohan\u00f3, stresszel teli vil\u00e1gunkban ad\u00f3dik a k\u00e9rd\u00e9s: mi az id\u0151? Mi\u00e9rt okoz\u00a0akkora fejt\u00f6r\u00e9st? Ellens\u00e9g\u00fcnk? Bar\u00e1tunk? Mit kezdj\u00fcnk az id\u0151vel: lass\u00edtsuk, siettess\u00fck?&#8230; Hova rohanunk? Fejjel a\u00a0falnak? Mintha egy elszabadult versenyaut\u00f3ban vagy \u00a0mozdonyvezet\u0151 n\u00e9lk\u00fcli vonatkocsiban sz\u00e1guldan\u00e1nk, amelyen se\u00a0r\u00fckverc, se f\u00e9k, amely hamarosan ripity\u00e1ra t\u00f6rik. V\u00e9ges-e az \u00e9let, vagy \u00f6r\u00f6k? V\u00e1rjunk-e, vagy menj\u00fcnk \u00a0el\u00e9je?\u00a0Lehet-e v\u00e1ltoz\u00e1s \u00e9let\u00fcnkben \u201eid\u0151nap el\u0151tt\u201d? T\u00f6bb-e az id\u0151, mint a p\u00e9nz? Meg lehet-e v\u00e1s\u00e1rolni? Van-e vissza nem\u00a0t\u00e9r\u0151 id\u0151? L\u00e9tezik-e id\u0151utaz\u00e1s? T\u00e9nyleg elherd\u00e1lhat\u00f3 vagy visszaford\u00edthat\u00f3? Lehet-e lopni az id\u0151t?<\/p>\n<p>Ezeken a k\u00e9rd\u00e9seken t\u00f6preng\u00fcnk a k\u00f6vetkez\u0151 percekben.<br \/>\n<strong><br \/>\n1.0. Az Id\u0151 fogalma<\/strong><\/p>\n<p><em>(Filoz\u00f3fiai alapvet\u00e9s)<\/em><br \/>\nAz id\u0151 a l\u00e9t alapkateg\u00f3ri\u00e1ja, mint ahogyan a mozg\u00e1s. Az ember id\u0151beli l\u00e9tez\u0151k\u00e9nt ismer mag\u00e1ra, bontakozik\u00a0ki, \u00e9rik meg fizikailag \u00e9s pszichikailag egyar\u00e1nt. Az id\u0151 l\u00e1thatatlan, megfoghatatlan, de az ember m\u00e9gis\u00a0megszem\u00e9lyes\u00edtett fogalomk\u00e9nt haszn\u00e1lja: elment, meg\u00e9rkezett, visszat\u00e9rt, id\u0151nk\u00e9nt meg t\u00e1rgyias\u00edtva: elt\u00f6lti,\u00a0kit\u00f6lti, m\u00falatja&#8230;<span class=\"Apple-tab-span\" style=\"white-space:pre\"><br \/>\n<\/span>A g\u00f6r\u00f6g\u00f6k k\u00fcl\u00f6nbs\u00e9get tettek a m\u00e9rhet\u0151 kronosz \u00e9s a megfelel\u0151 pillanat, a kairosz k\u00f6z\u00f6tt. J\u00f3l ismert Szent\u00a0\u00c1goston felki\u00e1lt\u00e1sa is, amit Vallom\u00e1saiban \u00edr le: \u201eMi h\u00e1t az id\u0151? Ha senki sem k\u00e9rdezi, tudom; ha k\u00e9rdik t\u0151lem, s\u00a0meg akarom magyar\u00e1zni, nem tudom.\u201d<\/p>\n<p>Ferenc p\u00e1pa kedvenc argentin \u00edr\u00f3ja-filoz\u00f3fusa Jorge Luis Borges (k\u00f6nyvt\u00e1ros volt\u00a0az Argentin Nemzeti k\u00f6nyvt\u00e1rban \u00a01955 \u00e9s 1973 k\u00f6z\u00f6tt) t\u00f6bb essz\u00e9t is szentelt az id\u0151n val\u00f3 elm\u00e9lked\u00e9snek.\u00a0Az\u00a0\u00f6r\u00f6kk\u00e9val\u00f3s\u00e1g t\u00f6rt\u00e9nete c\u00edm\u0171 essz\u00e9ben felv\u00e1zolja a t\u00e9m\u00e1ban \u00e9rdemesnek jegyzett felismer\u00e9seket \u00e9s azt mondja: m\u00e1r az\u00a0\u00f3kort\u00f3l \u00fagy tartott\u00e1k, hogy \u201eaz id\u0151 szubsztanci\u00e1ja \u00a0az isteni \u00f6r\u00f6kk\u00e9val\u00f3s\u00e1gb\u00f3l j\u00f6n l\u00e9tre.\u201d Az \u00f6r\u00f6kk\u00e9val\u00f3s\u00e1g pedig\u00a0nem a m\u00falt-jelen-j\u00f6v\u0151 \u00f6sszege, hanem mindh\u00e1rom egyidej\u0171leg van jelen benne. Borges azt is megjegyzi, hogy az\u00a0\u00f6r\u00f6kk\u00e9val\u00f3s\u00e1g a vil\u00e1gegyetem eml\u00e9kezete. Az elragadtat\u00e1s sor\u00e1n megsejtj\u00fck az \u00f6r\u00f6kk\u00e9val\u00f3s\u00e1got. Pascal g\u00f6mbje c\u00edm\u0171\u00a0essz\u00e9j\u00e9ben \u00fagy fogalmaz, hogy a jelen beszorult a m\u00falt \u00e9s a j\u00f6v\u0151 k\u00f6z\u00e9. Az id\u0151 \u00fajabb c\u00e1folata c\u00edm\u0171 munk\u00e1j\u00e1ban pedig azt\u00a0mondja: nem l\u00e9tezik egyidej\u0171s\u00e9g, csak a k\u00e9s\u0151bbi reflexi\u00f3 sz\u00e1m\u00e1ra. Az ism\u00e9tl\u0151d\u00e9s ugyanakkor sz\u00e9tszak\u00edtja az id\u0151\u00a0l\u00e1ncolat\u00e1t. Mindannyian az id\u0151 \u201eanyag\u00e1b\u00f3l\u201d vagyunk.\u00a0<br \/>\n\u00a0<\/div>\n<div style=\"text-align: center;\"><img loading=\"lazy\" decoding=\"async\" src=\"http:\/\/archivum.eloszekelyfold.ro\/wp-content\/uploads\/2021\/12\/Jorge_Luis_Borges_10837.jpg\" width=\"500\" height=\"281\" alt=\"\"><\/div>\n<div style=\"text-align: center;\"><em>Jorge Luis Borges (1899-1986)<\/em><\/div>\n<div>\nA filoz\u00f3fusok sokszor foly\u00f3nak, vagy oszthatatlan darabokb\u00f3l \u00e1ll\u00f3 sornak k\u00e9pzelt\u00e9k az id\u0151t. <\/p>\n<p>James Bradley\u00a0(1693-1762) szerint a j\u00f6v\u0151 fel\u0151l kell k\u00f6zel\u00edten\u00fcnk a jelenhez, m\u00edgnem m\u00faltt\u00e1 eny\u00e9szik. \u201eFolyik az id\u0151, r\u00e9teken,\u00a0pinc\u00e9kben, egyre csak folyik a csillagok k\u00f6z\u00f6tt.\u201d Einstein szerint az id\u0151 a t\u00e9r negyedik dimenz\u00f3ja. \u00a0Heidegger azt\u00a0mondja: nem az \u00f6r\u00f6kk\u00e9val\u00f3s\u00e1g, hanem a hal\u00e1l az id\u0151 m\u00e9rc\u00e9je&#8230; Egy sv\u00e1jci filoz\u00f3fus szerint pedig, ami\u00f3ta az \u00f3r\u00e1t\u00a0feltal\u00e1ltuk, egyszer\u0171en nincs id\u0151nk&#8230;<\/p><\/div>\n<div>\u00a0<\/div>\n<div><em>(mitol\u00f3giai alapvet\u00e9s)<\/em><br \/>\nA g\u00f6r\u00f6g\u00f6k mitol\u00f3gi\u00e1j\u00e1ban az id\u0151nek is volt istens\u00e9ge: Kronosz. \u0150 uralta a folyamatban l\u00e9v\u0151 id\u0151t, a\u00a0d\u00e1tumokat, a hat\u00e1rid\u0151ket \u00e9s id\u0151pontokat. \u0150 forgatta a z\u00f3di\u00e1kus kerek\u00e9t. Fi\u00e1nak Zeusnak l\u00e1nyait h\u00edvt\u00e1k h\u00f3r\u00e1knak, \u0151k\u00a0voltak a term\u00e9szet \u0151rszemei.Kairosz mutatta a kedvez\u0151 pillanatot, Thanatos fejezte be az \u00e9let idej\u00e9t. Az ember\u00a0\u00e9rezte, hogy nem ura az idej\u00e9nek, teljesen ki van neki szolg\u00e1ltatva.<\/p>\n<p>A g\u00f6r\u00f6g filoz\u00f3fia korai k\u00e9pvisel\u0151i tagadt\u00e1k az id\u0151 val\u00f3s\u00e1g\u00e1t, a l\u00e9tez\u0151ket \u00f6r\u00f6kk\u00e9val\u00f3knak gondolt\u00e1k. Plat\u00f3n\u00a0szerint az id\u0151 az \u00f6r\u00f6kk\u00e9val\u00f3s\u00e1g k\u00e9pe, de f\u00fcggetlen az \u00f6r\u00f6kk\u00e9 l\u00e9tez\u0151t\u0151l. Plotinosz szerint a vil\u00e1gl\u00e9lek hozta l\u00e9tre\u00a0az id\u0151t is. Az id\u0151 pedig az \u00e9gitestek mozg\u00e1s\u00e1val m\u00e9rhet\u0151. Az \u00e9gitestek mutatj\u00e1k az id\u0151t. Arisztotel\u00e9sz volt az, aki\u00a0az id\u0151 fogalm\u00e1t el\u0151sz\u00f6r \u00f6sszek\u00f6t\u00f6tte a mozg\u00e1ssal. Szerinte az id\u0151 felt\u00e9telezi az embert. N\u00e9lk\u00fcle csak mozg\u00e1s volna.<\/p>\n<p>Az id\u0151 az ember t\u00f6rt\u00e9netis\u00e9g\u00e9hez tartozik. Ezen a szeml\u00e9leten Kant \u00e9s Hegel sem v\u00e1ltoztat.<\/p><\/div>\n<div>\u00a0<\/div>\n<div><em>(a tudom\u00e1ny \u00e1ll\u00e1spontja)<\/em><br \/>\nAz id\u0151 is vil\u00e1gunk, kult\u00far\u00e1nk k\u00f6zmegegyez\u00e9se. Kult\u00fark\u00f6r\u00f6nk\u00e9nt elt\u00e9rnek a n\u00e9zetek, hogy az azonos\u00a0egys\u00e9gekben m\u00e9rt id\u0151t mihez is vonatkoztassuk. M\u00e9rni csak az eltelt id\u0151tartamot tudjuk, de m\u00e9g ahhoz is\u00a0k\u00f6zmegegyez\u00e9sre van sz\u00fcks\u00e9g. Ma m\u00e1r term\u00e9szetes, hogy a F\u00f6ld minden pontj\u00e1n ugyanabban az id\u0151fogalomban\u00a0gondolkodjunk. En\u00e9lk\u00fcl elk\u00e9pzelhetetlen lenne a l\u00e9giforgalom ir\u00e1ny\u00edt\u00e1sa, de ak\u00e1r az internet m\u0171k\u00f6d\u00e9se is. S az\u00a0\u00f3ra\u00e1t\u00e1ll\u00edt\u00e1sr\u00f3l \u00e9s az id\u0151z\u00f3n\u00e1k k\u00f6zti elt\u00e9r\u00e9sr\u0151l m\u00e9g nem is esett sz\u00f3.\u00a0<br \/>\n\u00a0<\/div>\n<div><strong>0. 2. Zenei bet\u00e9t: <em>Haydn, \u00d3ra-szimf\u00f3nia <\/em><\/strong><br \/>\n\u00a0<\/div>\n<div style=\"text-align: center;\"><em><img loading=\"lazy\" decoding=\"async\" src=\"http:\/\/archivum.eloszekelyfold.ro\/wp-content\/uploads\/2021\/12\/Joseph_Haydn.jpg\" width=\"500\" height=\"632\" alt=\"\"><\/em><\/div>\n<div style=\"text-align: center;\"><em>Joeph Haydn (1732-1809)<\/em><\/div>\n<div>\nA zenem\u0171\u00a0<a href=\"https:\/\/www.youtube.com\/watch?v=Q6SsPw2hLQU&#038;t=44s\"><strong><span style=\"color: rgb(255, 102, 0);\">ITT<\/span><\/strong><\/a><strong><span style=\"color: rgb(255, 102, 0);\">\u00a0<\/span><\/strong>meghallgathat\u00f3.<\/p>\n<p>A f\u00e9nysebess\u00e9get megk\u00f6zel\u00edt\u0151 tartom\u00e1ny\u00e1ban imm\u00e1r m\u00e9r\u00e9sek sokas\u00e1ga tan\u00fas\u00edtja t\u00e9r \u00e9s id\u0151 szoros kapcsolat\u00e1t.\u00a0Az id\u0151utaz\u00e1s m\u00e1r csak az\u00e9rt sem lehets\u00e9ges, mert a f\u00e9nysebess\u00e9g dupl\u00e1j\u00e1t kellene ehhez el\u00e9rni, ami\u00a0elk\u00e9pzelhetetlen. Ugyanis a f\u00e9nysebess\u00e9g 99,99 sz\u00e1zal\u00e9k\u00e1nak el\u00e9r\u00e9s\u00e9hez 6 \u00e9vig kellene gyorsulni egyfolyt\u00e1ban, s ez\u00a0alatt az ember vagy a j\u00e1rm\u0171 48 trilli\u00f3 kilom\u00e9terre ker\u00fclne a F\u00f6ldt\u0151l&#8230; \u00a0A cambridge-i egyetem emeritus\u00a0csillag\u00e1sza, Hawking professzor is bulit rendezett h\u00e1rom \u00e9ve, de senki nem j\u00f6tt ment el r\u00e1, mert a megh\u00edv\u00f3kat csak\u00a0most tette fel a netre. Ezzel is bizony\u00edtotta, hogy id\u0151utaz\u00e1s nincs&#8230; (In: <em>Sz\u00edv.\u00a0<\/em>2014. j\u00falius-augusztus,\u00a0100. sz\u00e1m.) <\/p>\n<p>Az \u00faj fizika ez\u00e9rt t\u00e9rid\u0151ben gondolkodik. (Filmek: <em>Id\u0151rabl\u00f3, Vissza a j\u00f6v\u0151be, Id\u0151r\u0151l id\u0151re, Termin\u00e1tor,\u00a0Otthonom: Idaho, Aljas nyolcas, Csillagkapu, A holnap a m\u00falt\u00e9, Az id\u0151 term\u00e9szete,<\/em> stb.)<br \/>\n\u00a0<\/div>\n<div style=\"text-align: center;\"><img loading=\"lazy\" decoding=\"async\" src=\"http:\/\/archivum.eloszekelyfold.ro\/wp-content\/uploads\/2021\/12\/csillagkapu.jpg\" width=\"500\" height=\"375\" alt=\"\"><\/div>\n<div>\nS\u0151t, m\u00e9g magyar nyelv\u00fcnk is ismeri ezt a &#8222;tartom\u00e1nyt&#8221;. \u0150seinknek is k\u00f6nnyebb volt t\u00e1j\u00e9koz\u00f3dni t\u00e9rben,\u00a0mint id\u0151ben. K\u00e9s\u0151bb, amikor a maguk kezdetleges eszk\u00f6zeivel r\u00f6gz\u00edteni kezdt\u00e9k ezt a l\u00e1thatatlan id\u0151folyamot,\u00a0betagoz\u00f3dtak \u00a0a fizikai id\u0151 keretezte \u00e9letbe. Mert volt id\u0151, amikor \u00a0nem voltak napt\u00e1rak, \u00fajs\u00e1gok, \u00f3r\u00e1k. Mi m\u00e1r\u00a0ezek n\u00e9lk\u00fcl teljesen elveszettek lenn\u00e9nk.<\/p>\n<p>Egy kedves anekdota szerint egy v\u00e1ndor, valamikor r\u00e9gen elker\u00fclt egy kisv\u00e1rosba, \u00a0s ott eljutott egy\u00a0f\u0151t\u00e9rre. L\u00e1tott egy \u00f3r\u00e1sboltot, ahol sz\u00e9pen ketyegtek a kirakatban a szebbn\u00e9l szebb \u00f3r\u00e1k. Bement a boltba,\u00a0illedelmesen k\u00f6sz\u00f6nt, majd megk\u00e9rdezte: \u2013 Mondja, kedves mester, honnan tudja \u00d6n, hogy h\u00e1ny \u00f3ra van? A v\u00e1lasz \u00edgy\u00a0hangzott: \u2013 Nincs enn\u00e9l egyszer\u0171bb, kedves fiam. L\u00e1tod ott szemben a templomot? Amikor a harang megsz\u00f3lal, akkor van\u00a0d\u00e9l, \u00e9s \u00e9n az \u00f3r\u00e1k mutat\u00f3j\u00e1t akkor a 12-es sz\u00e1mra \u00e1ll\u00edtom&#8230; A v\u00e1ndor k\u00f6sz\u00f6nte, majd kil\u00e9pett a t\u00e9rre, s l\u00e1tja hogy a\u00a0sekresty\u00e9s \u00e9pp j\u00f6n ki a templomb\u00f3l. Odamegy hozz\u00e1, s megk\u00e9rdezi: \u2013 Ne haragudjon Sekresty\u00e9s Uram, mikor van d\u00e9l, s\u00a0mikor kell megh\u00faznia a harangokat? Az sem k\u00e9slekedett a v\u00e1lasszal: \u2013 H\u00e1t mi sem egyszer\u0171bb, kedves fiam. Amikor a Nap\u00a0m\u00e1r magasan j\u00e1r, \u00e1tn\u00e9zek a t\u00e9ren, \u00e9s amikor l\u00e1tom, hogy ott az \u00f3r\u00e1smester uramn\u00e1l az a nagy \u00f3ra \u00a0tizenkett\u0151t\u00a0mutat,akkor tudom, hogy el\u00e9rkezett a d\u00e9l, s megh\u00fazom a harangokat&#8230;<\/p>\n<p>\u0150seink is pr\u00f3b\u00e1lt\u00e1k \u00a0megfogni a megfoghatatlant. Kapaszkod\u00f3nak ott voltak a term\u00e9szet jelens\u00e9gei: egy\u00a0vulk\u00e1nkit\u00f6r\u00e9s, egy \u00e1rad\u00e1s, egy t\u0171zv\u00e9sz, a csoport \u00e9let\u00e9nek esem\u00e9nyei, felfedezt\u00e9k az els\u0151 \u00f3ra-m\u0171veket a term\u00e9szetben, a\u00a0Nap, a Hold, a csillagok j\u00e1r\u00e1s\u00e1t.\u00a0Megsz\u00fclettek az els\u0151 napt\u00e1rak Egyiptomban, Babilonban. Kezdt\u00e9k kisz\u00e1m\u00edtani, hogy\u00a0egy nap\u00e9v k\u00f6r\u00fclbel\u00fcl h\u00e1romsz\u00e1zhatvan\u00f6t nap, hogy mennyi egy hold\u00e9v, azt\u00e1n kidolgozt\u00e1k a hordozhat\u00f3 nap\u00f3r\u00e1kat, amelyek m\u00e1r\u00a0a csillagok j\u00e1r\u00e1s\u00e1t is mutatt\u00e1k. Eleinte nem \u00f3r\u00e1k szerint, hanem munkab\u00edr\u00e1sukhoz, a Nap j\u00e1r\u00e1s\u00e1hoz igaz\u00edtva\u00a0napjaikat, \u00e9let\u00fck menet\u00e9t szem\u00e9lyes \u00e9let\u00fck fordul\u00f3i szerint tagolt\u00e1k. Azt\u00e1n k\u00e9s\u0151bb a harangsz\u00f3, az egyh\u00e1zi \u00fcnnepek\u00a0adtak keretet idej\u00fcknek. Ak\u00e1r ciklikusan, ak\u00e1r egyenletes folyamnak fogt\u00e1k fel, ami telik \u00e9s m\u00falik, \u2013 m\u00e9gis adott\u00a0nekik egyfajta biztons\u00e1got \u00e9s stabilit\u00e1st. Ha j\u00f3l \u00e9ltek a rendszeresen visszat\u00e9r\u0151 \u00fcnnepekkel, \u00e9lm\u00e9nnyel t\u00f6lt\u00f6tt\u00e9k meg\u00a0h\u00e9tk\u00f6znapjaikat, eg\u00e9sz \u00e9v\u00fcket.<\/p>\n<p>F\u0151leg a fizika \u00e9s a csillag\u00e1szat foglalkozik az id\u0151 mennyis\u00e9g\u00e9vel, m\u00e9r\u00e9s\u00e9vel, m\u00e9rt\u00e9kegys\u00e9g\u00e9vel. A term\u00e9szet\u00a0jelens\u00e9geinek megfigyel\u00e9s\u00e9b\u0151l sz\u00fclettek az els\u0151 sz\u00e1m\u00edt\u00e1sok(id\u0151sz\u00e1m\u00edt\u00e1s, hold\u00e9v, \u00fajhold, napt\u00e1rak), \u00e9s k\u00e9sz\u00fcltek el\u00a0az els\u0151 eszk\u00f6z\u00f6k(nap\u00f3ra, v\u00edz\u00f3ra, homok\u00f3ra, mechanikus \u00f3ra).<\/p>\n<p>Newton munk\u00e1ja nyom\u00e1n ker\u00fclt a k\u00f6ztudatba az\u00a0\u201eabszol\u00fat id\u0151\u201d, de ezt azt\u00e1n Einstein megc\u00e1folta.K\u00e9s\u0151bb Max Planck a kvantumhat\u00e1sok miatt \u00e1t\u00e9rtelmezte az id\u0151\u00a0fogalm\u00e1t. Manaps\u00e1g a t\u00e1gul\u00f3 vil\u00e1gegyetem \u00e9s az anyag s\u0171r\u0171s\u00f6d\u00e9s\u00e9nek cs\u00f6kken\u00e9se folyt\u00e1n m\u00e1r egyre prec\u00edzebben\u00a0meghat\u00e1rozhatjuk mind az \u00e9gitestek, mind a vil\u00e1gegyetem kor\u00e1t, \u00e9s az id\u0151 ir\u00e1ny\u00e1t. Az entr\u00f3pia t\u00f6rv\u00e9nye is nagyban\u00a0hozz\u00e1j\u00e1rul ehhez. (A term\u00e9szetes \u201ekiegyenl\u00edt\u0151d\u00e9s\u201d, a spont\u00e1n folyamatok ir\u00e1nya visszaford\u00edthatalan \u00e9s \u00a0nagyban\u00a0val\u00f3sz\u00edn\u0171s\u00edthet\u0151 \u00a0a fizikai vil\u00e1gban.)<br \/>\n\u00a0<\/div>\n<div><strong>0. 3. \u00a0Zenei bet\u00e9t: Haydn, 83. Szimf\u00f3nia: Ty\u00fak.<\/strong><br \/>\n\u00a0<\/div>\n<div style=\"text-align: center;\"><embed type=\"application\/x-shockwave-flash\" pluginspage=\"http:\/\/www.macromedia.com\/go\/getflashplayer\" src=\"http:\/\/www.youtube.com\/v\/DMP2nA0tCoE&#038;t=982s%26hl=en%26fs=1%26rel=0%26ap=%2526fmt=18\" width=\"425\" height=\"344\"><\/embed><\/div>\n<div>\u00a0<\/div>\n<div><strong>2. Szent \u00e9s prof\u00e1n\u00a0<span style='font-size:12.0pt;line-height:115%;\nfont-family:\"Bookman Old Style\",\"serif\";mso-fareast-font-family:Calibri;\nmso-fareast-theme-font:minor-latin;mso-bidi-font-family:\"Times New Roman\";\nmso-ansi-language:HU;mso-fareast-language:EN-US;mso-bidi-language:AR-SA'>\u2013\u00a0<\/span>Bibliai id\u0151<\/strong><\/div>\n<div>\u00a0<\/div>\n<div><strong>2.1. \u00d3sz\u00f6vets\u00e9g<\/strong><\/p>\n<p>A Biblia nem tartalmaz direkt b\u00f6lcseleti meg\u00e1llap\u00edt\u00e1sokat az id\u0151r\u0151l, de m\u00e1r a Teremt\u00e9s k\u00f6nyve sugallja az\u00a0id\u0151 teremtetts\u00e9g\u00e9t is. A v\u00e9ges vil\u00e1g az \u00d6r\u00f6kk\u00e9val\u00f3t\u00f3l sz\u00e1rmazik. Meg azt, hogy Isten ateremt\u00e9s, az id\u0151 ura. Isten a\u00a0teremt\u00e9skor elv\u00e1lasztotta a napokat. Mindennek megfelel\u0151 id\u0151t rendelt: a munk\u00e1nak \u00e9s a pihen\u00e9snek is.<\/p>\n<p>Az Izraelt k\u00f6r\u00fclvev\u0151 n\u00e9pek k\u00f6rk\u00f6r\u00f6s, ciklikus, visszat\u00e9r\u0151 folyamnak \u00e9rz\u00e9kelt\u00e9k az id\u0151t. <\/p>\n<p>Az \u00d3sz\u00f6vets\u00e9g\u00a0Istene viszont ink\u00e1bb kezdet \u00e9s v\u00e9g, teremt\u00e9s, \u00e9s beteljes\u00fcl\u00e9s k\u00f6z\u00f6tt helyezte el a m\u00fal\u00f3 id\u0151t. Jahv\u00e9 majd egy m\u00e1sik\u00a0l\u00e9trendbe viszi \u00e1t a f\u00f6ldi id\u0151t. Ennek jele volt a rendszeresen visszat\u00e9r\u0151 j\u00f3bel \u00e9v, a nagy jubileumok \u00e9ve.\u00a0(Ilyenkor, mintegy a kezdeti paradicsomi \u00e1llapotra, illetve a j\u00f6vend\u0151ben bek\u00f6sz\u00f6n\u0151 messi\u00e1si korra utalva, parlagon\u00a0hagyt\u00e1k a f\u00f6ldeket, a rabszolg\u00e1kat felszabad\u00edtott\u00e1k, az ad\u00f3ss\u00e1gokat elengedt\u00e9k, a rabokat kiengedt\u00e9k a t\u00f6ml\u00f6cb\u0151l \u2013\u00a0egyfajta kegyelmi id\u0151t engedtek meg maguknak&#8230;)<\/p>\n<p>A Szent\u00edr\u00e1s \u00f3sz\u00f6vets\u00e9gi sz\u00f6vegei figyelmeztetik az embert a m\u00faland\u00f3s\u00e1gra, Isten \u00f6r\u00f6k, szuver\u00e9n akarat\u00e1ra, a\u00a0teremtm\u00e9nyi l\u00e9t esend\u0151s\u00e9g\u00e9re. \u201eMindennek megvan a maga \u00f3r\u00e1ja, \u00e9s minden sz\u00e1nd\u00e9knak a maga ideje.\u201d(Pr\u00e9d 3, 1)<\/p><\/div>\n<div>\u00a0<\/div>\n<div><strong>2.2. \u00dajsz\u00f6vets\u00e9g<span class=\"Apple-tab-span\" style=\"white-space:pre\">\t<\/span><\/strong><span class=\"Apple-tab-span\" style=\"white-space:pre\"><br \/>\n<\/span>M\u00e1r J\u00e9zus sz\u00fclet\u00e9se is k\u00fcl\u00f6nleges id\u0151pont a bibliai elbesz\u00e9l\u00e9sben. Csillag jelezte a sz\u00fclet\u00e9s hely\u00e9t, s a\u00a0kereszt\u00e9nys\u00e9g is \u00faj id\u0151sz\u00e1m\u00edt\u00e1st hozott a vil\u00e1gba J\u00e9zus sz\u00fclet\u00e9s\u00e9vel. J\u00e9zus Krisztusban el\u00e9rkezett az id\u0151k\u00a0teljess\u00e9ge. \u0150\u00e1ltala m\u00e1s \u00e9rtelmet kap a f\u00f6ldi id\u0151.\u00a0A f\u00f6ldi t\u00f6rt\u00e9nelem az \u00a0\u0151 m\u00e1sodik elj\u00f6vetel\u00e9ig tart. Ez az id\u0151keret, ez a behat\u00e1rolt id\u0151 a mi munk\u00e1nk,\u00a0\u00e9let\u00fcnk, feladatunk, tanus\u00e1gt\u00e9tel\u00fcnk terepe. Az \u00dajsz\u00f6vets\u00e9g a t\u00f6rt\u00e9nelem sorsd\u00f6nt\u0151 pillanatak\u00e9nt, kairoszk\u00e9nt\u00a0\u00e9rtelmezi a Krisztus megjelen\u00e9s\u00e9t, ez\u00e9rt a h\u00edv\u0151k sz\u00e1m\u00e1ra els\u0151orban ez a m\u00e9rvad\u00f3.\u00a0\u201eBetelt az id\u0151, t\u00e9rjetek meg, k\u00f6zel van az Isten orsz\u00e1ga!\u201d (Mk 1, 14)-hirdeti Krisztus nyilv\u00e1nos m\u0171k\u00f6d\u00e9se kezdet\u00e9n.\u00a0A k\u00e1nai mennyegz\u0151n szinte \u00a0d\u00fch\u00f6sen sz\u00f3l anyj\u00e1nak: \u201em\u00e9g nem j\u00f6tt el az \u00e9n \u00f3r\u00e1m&#8230;\u201d(Jn 2, 1-4) Korholja az akkori\u00a0zsid\u00f3kat, mert nem k\u00e9pesek meg\u00edt\u00e9lni az \u201eid\u0151k jeleit\u201d. (Mt 16, 4)\u00a0Szenved\u00e9se el\u0151est\u00e9j\u00e9n \u00edgy im\u00e1dkozik: \u201eAty\u00e1m, elj\u00f6tt az \u00f3ra, dics\u0151\u00edtsd meg Fiadat!\u201d(Jn 17,1), majd v\u00e9rt izzadva\u00a0pedig \u00edgy ki\u00e1lt fel: \u201ede hiszen ez\u00e9rt az \u00f3r\u00e1\u00e9rt j\u00f6ttem.\u201d Ezt az Atya b\u00f6lcs szeretete hat\u00e1rozta meg. Ak\u00e1rcsak a\u00a0v\u00e9g\u00edt\u00e9let\u00e9t is. Ez \u00f3ra k\u00f6r\u00e9 csoportos\u00edtotta k\u00fcldet\u00e9s\u00e9t J\u00e9zus Krisztus. Apostolainak is id\u0151t hagyott, hogy\u00a0kiheverj\u00e9k a nagyp\u00e9nteki traum\u00e1t, majd felt\u00e1madott megjelen\u00e9seivel fokozatosan \u00e9bresztgette benn\u00fck a hitet. P\u00fcnk\u00f6sd\u00a0ut\u00e1n pedig \u00e9rtelm\u00fcket megvil\u00e1g\u00edtotta, hogy k\u00fcldet\u00e9s\u00fckben meger\u0151s\u00f6djenek. Ehhez k\u00e9pest nek\u00fcnk nem fontos, hogy\u00a0ismerj\u00fck a napokat \u00e9s \u00f3r\u00e1kat, \u00e9let\u00fcnk esem\u00e9nyeitj\u00f3el\u0151re, vagy a vil\u00e1gv\u00e9g\u00e9t illet\u0151en. Sz\u00e1munkra az a l\u00e9nyeges, hogy\u00a0ennek f\u00e9ny\u00e9bennaponta igyekezz\u00fcnk j\u00f3l felhaszn\u00e1lni a sz\u00e1munkra aj\u00e1nd\u00e9kba adott id\u0151t.Szent P\u00e1lnak is id\u0151be telt,\u00a0am\u00edg r\u00e1j\u00f6tt, hogy a m\u00e1sodik elj\u00f6vetel \u00e9s J\u00e9zus felt\u00e1mad\u00e1sa k\u00f6z\u00f6tt lesz az egyh\u00e1z ideje, a f\u00f6ldi id\u0151, amikor a\u00a0h\u00edv\u0151knek hirdetni\u00fck kell \u00a0az evang\u00e9liumot minden n\u00e9pnek.\u201eMost van a kell\u0151 id\u0151, most van az \u00fcdv\u00f6ss\u00e9g napja\u201d- \u00edrja a\u00a0korintusiaknak. (2Kor 6,2) \u201eSok \u00edzben \u00e9s sokf\u00e9le m\u00f3don sz\u00f3lt egykor Isten az aty\u00e1khoz a pr\u00f3f\u00e9t\u00e1k szav\u00e1val. Most, a\u00a0v\u00e9gs\u0151 napokban Fia \u00e1ltal sz\u00f3lt hozz\u00e1nk, akit a mindens\u00e9g \u00f6r\u00f6k\u00f6s\u00e9v\u00e9 tett\u201d \u2013fogalmaz a Zsid\u00f3khoz \u00edrt lev\u00e9l szerz\u0151je.\u00a0(Zsid 1,1-2) \u201eItt az id\u0151, hogy fel\u00e9bredj\u00fcnk az \u00e1lomb\u00f3l!\u201d \u2013 ki\u00e1lt fel egy m\u00e1sik helyen az apostol. (R\u00f3m 13, 11-14)<span class=\"Apple-tab-span\" style=\"white-space:pre\">\t<\/span>Az \u00dajsz\u00f6vets\u00e9g, amit Isten k\u00f6t\u00f6tt az emberis\u00e9ggel lehet\u0151v\u00e9 teszi, hogy a m\u00fal\u00f3 id\u0151ben meg\u00e9lj\u00fck az\u00a0\u00f6r\u00f6kk\u00e9val\u00f3s\u00e1got, meg\u00edzlelj\u00fck az isteni jelenl\u00e9tet. Ez a kegyelmi pillanat. Itt \u00e9s most.\u00a0A Jelen\u00e9sek k\u00f6nyv\u00e9ben \u00a0a Megdics\u0151\u00fclt B\u00e1r\u00e1ny, az Emberfia kijelenti: \u201e\u00c9n vagyok az Alfa \u00e9s az Omega, a\u00a0Kezdet \u00e9s a V\u00e9g, az Els\u0151 \u00e9s az Utols\u00f3!\u201d(Jel 21, 1-7)\u00a0J\u00e9zus a kezdet \u00e9s a v\u00e9g, a t\u00f6rt\u00e9nelem ura. Ez az emberi t\u00f6rt\u00e9nelem a m\u00e1r elkezd\u0151d\u00f6tt \u00e9s a m\u00e9g be nem teljesedett\u00a0messi\u00e1si id\u0151 r\u00e9sze. \u00dcdv\u00f6ss\u00e9g\u00fcnk a megv\u00e1lt\u00e1ssal elkezd\u0151d\u00f6tt, de m\u00e9g nem teljesedett be. Mindent hozz\u00e1 viszony\u00edt a\u00a0h\u00edv\u0151 ember, minden benne val\u00f3sul meg. De val\u00f3j\u00e1ban nem az \u00e9rt\u00e9k, nem az alkot\u00e1saink \u00f6r\u00f6k\u00e9rv\u00e9ny\u0171ek, hanem a jelen\u00a0pillanat lesz az a kapu, amelyben meg\u00e9lj\u00fck a tal\u00e1lkoz\u00e1st az \u00d6r\u00f6kk\u00e9val\u00f3val. M\u00e9g ha el is illan, Isten m\u00e9gis ebben a\u00a0pillanatban l\u00e9p kacsolatba vel\u00fcnk. Hisz Isten ideje \u2013 akkor is, ha \u0151 \u00d6r\u00f6kk\u00e9val\u00f3 \u2013 a jelen. N\u00e1la nincs j\u00f6v\u0151, vagy\u00a0m\u00falt (azok a mi kateg\u00f3ri\u00e1ink), csak jelen. Erre szokta mondani Sz\u0151cs L\u00e1szl\u00f3 jezsuita: nekem nincs id\u0151m sietni&#8230; A\u00a0jelen pillanatot befogadni \u00e9s meg\u00e9lni, ekkor kezdj\u00fck \u00e9rz\u00e9kelni az \u00f6r\u00f6kk\u00e9val\u00f3 Istent. Ez az ext\u00e1zis, amelyre az\u00a0im\u00e1ds\u00e1gban eljutunk. Mint az \u00e9ber szolg\u00e1k, akik urukra v\u00e1rnak, aki b\u00e1rmikor bekopoghat, \u00e9rkezhet. Erre val\u00f3 a\u00a0szeml\u00e9l\u0151d\u00e9s, az ima csendje. A g\u00f6r\u00f6g \u00e1b\u00e9c\u00e9 kezd\u0151 \u00e9s v\u00e9gz\u0151d\u0151 bet\u0171je is(Alfa \u00e9s Omega) a teljess\u00e9gre utal. A vil\u00e1g\u00a0ideiglenes, Isten szeretete v\u00e9g\u00e9rv\u00e9nyes.<\/div>\n<div><strong>\u00a0<br \/>\n<\/strong><\/div>\n<div><strong>3. Hogyan \u00e9l(j)\u00fcnk az id\u0151ben?<\/strong><\/div>\n<div><strong><br \/>\n3.1. Szubjekt\u00edv \u00e9s objekt\u00edv id\u0151<br \/>\n<\/strong><br \/>\n\u00c9let\u00fcnk nem annyira a fizikai id\u0151, hanem a meg\u00e9lt id\u0151. Belesz\u00fclett\u00fcnk az id\u0151 \u201ekezesl\u00e1bas\u00e1ba\u201d(A.L.M).\u00a0Tal\u00e1lkoz\u00e1sok, feladatok, megbesz\u00e9lt programok, \u00e9vfordul\u00f3k. Mondd meg, mire \u00e9rsz r\u00e1, s megmondom ki\u00a0vagy&#8230;<\/p>\n<p>K\u00e9pzelj\u00fcnk el egy bankot, ahol van egy banksz\u00e1ml\u00e1nk, amelyre minden reggel 86 400 lej ker\u00fcl! \u00a0Ez nem marad meg holnapra. Minden este lenull\u00e1z\u00f3dik, ak\u00e1rmennyit is haszn\u00e1lunk fel a nap folyam\u00e1n.H\u00e1t akkor mit\u00a0lehet tenni? Term\u00e9szetesen fel kell haszn\u00e1lnunk MINDET!<\/p>\n<p>Mindannyiunknak van egy ilyen bankja. Ez az ID\u0150. <span class=\"Apple-tab-span\" style=\"white-space:pre\">\t<\/span><\/div>\n<div>Minden reggel 86 400 m\u00e1sodperccel gazdagabbak vagyunk.\u00a0<\/div>\n<div>Minden este lenull\u00e1z\u00f3dik, elv\u00e9sz, ak\u00e1rmennyit is haszn\u00e1ltunk fel c\u00e9ljaink el\u00e9r\u00e9s\u00e9hez.\u00a0Soha nem marad egyens\u00falyban. Soha nem lesz t\u00f6bb, egy m\u00e1sodperccel sem. Minden \u00faj nap \u00faj sz\u00e1ml\u00e1t nyit nek\u00fcnk, \u00e9s\u00a0minden este fel\u00e9geti a marad\u00e9kot.<\/div>\n<div>Ha elmulasztod felhaszn\u00e1lni, az aznapi bet\u00e9ted \u00e9rt\u00e9ke elv\u00e9sz. Soha nem kapjuk vissza. Nem \u00edr\u00f3dik j\u00f3v\u00e1 m\u00e1snap.\u00a0<\/p>\n<p>A jelenben kell \u00e9ln\u00fcnk, a mai bet\u00e9tet haszn\u00e1lva.\u00a0<\/p>\n<p>Befektetni, hogy a lehet\u0151 legt\u00f6bbet tudj v\u00e1s\u00e1rolni.<br \/>\n\u00a0<\/div>\n<div><strong>0. 4. Zenei bet\u00e9t: Kal\u00e1ka, \u00d3ra-dal<\/p>\n<p><\/strong><\/div>\n<div style=\"text-align: center;\"><embed type=\"application\/x-shockwave-flash\" pluginspage=\"http:\/\/www.macromedia.com\/go\/getflashplayer\" src=\"http:\/\/www.youtube.com\/v\/8WY5bkPv6nA%26hl=en%26fs=1%26rel=0\" width=\"425\" height=\"344\"><\/embed><\/div>\n<div>\u00a0<\/div>\n<div>\u2022<span class=\"Apple-tab-span\" style=\"white-space:pre\">\t<\/span>Hogy meg\u00e9rts\u00fck, mennyit \u00e9r egy \u00e9v, k\u00e9rdezz\u00fcnk meg a di\u00e1kot, akinek ism\u00e9telni kell.\u00a0<\/div>\n<div>\u2022<span class=\"Apple-tab-span\" style=\"white-space:pre\">\t<\/span>Hogy meg\u00e9rts\u00fck, mennyit \u00e9r egy h\u00f3nap, k\u00e9rdezz\u00fck meg az \u00e9desany\u00e1t, aki korasz\u00fcl\u00f6ttet hozott a vil\u00e1gra.\u00a0<\/div>\n<div>\u2022<span class=\"Apple-tab-span\" style=\"white-space:pre\">\t<\/span>Hogy meg\u00e9rts\u00fck, mennyit \u00e9r egy h\u00e9t, k\u00e9rdezz\u00fck meg a hetilap szerkeszt\u0151j\u00e9t.\u00a0<\/div>\n<div>\u2022<span class=\"Apple-tab-span\" style=\"white-space:pre\">\t<\/span>Hogy meg\u00e9rts\u00fck, mennyit \u00e9r egy \u00f3ra, k\u00e9rdezz\u00fck meg a szerelmest, aki a tal\u00e1lkoz\u00f3ra v\u00e1r.\u00a0<\/div>\n<div>\u2022<span class=\"Apple-tab-span\" style=\"white-space:pre\">\t<\/span>Hogy meg\u00e9rts\u00fck, mennyit \u00e9r egy perc, k\u00e9rdezz\u00fck meg az utast, aki lek\u00e9ste a vonatot.\u00a0<\/div>\n<div>\u2022<span class=\"Apple-tab-span\" style=\"white-space:pre\">\t<\/span>Hogy meg\u00e9rts\u00fck, mennyit \u00e9r egy m\u00e1sodperc, k\u00e9rdezz\u00fck meg az aut\u00f3st, aki nem tudta elker\u00fclni a balesetet.\u00a0<\/div>\n<div>\u2022<span class=\"Apple-tab-span\" style=\"white-space:pre\">\t<\/span>Hogy meg\u00e9rtsd, mennyit \u00e9r egy tizedm\u00e1sodperc, k\u00e9rdezz\u00fck meg a sportol\u00f3t, aki ez\u00fcst\u00e9rmet nyert az Olimpi\u00e1n.<\/p>\n<p>Minden pillanat kincs, ami a mi\u00e9nk, becs\u00fclj\u00fck meg sokkal jobban, hiszen megoszthatjuk valakivel!<\/p><\/div>\n<div>\u00c9s eml\u00e9kezz\u00fcnk: az id\u0151 senkire sem v\u00e1r. A hal\u00e1ln\u00e1l m\u00e1r nincs ha, \u00e9s de. Nincs p\u00f3tvizsga.<\/p>\n<p>A Tegnap t\u00f6rt\u00e9nelem.\u00a0<\/p><\/div>\n<div>A Holnap rejtelem.\u00a0<\/div>\n<div>A Ma aj\u00e1nd\u00e9k.<\/p>\n<p>Mennyi is egy perc? Att\u00f3l f\u00fcgg h\u00e1ny \u00e9vesek s milyen \u00e9lethelyzetben vagyunk. Att\u00f3l f\u00fcgg, mi minden\u00a0t\u00f6rt\u00e9nik(vel\u00fcnk) egy perc alatt. Az id\u0151t intez\u00edven meg\u00e9lni, \u00e1t\u00e9lni akkor tudjuk, ha megt\u00f6ltj\u00fck tartalommal. Vagy\u00a0csenddel. Mindkett\u0151 fontos, \u00fagy, hogy rendszeresen felv\u00e1ltj\u00e1k egym\u00e1st. Erre val\u00f3k az \u00fcnnepek, a fennk\u00f6lt\u00a0pillanatok, a zajb\u00f3l, a munka tapos\u00f3malm\u00e1b\u00f3l val\u00f3 kikapcsol\u00f3d\u00e1s, \u00e9s a csendbe, Isten idej\u00e9be val\u00f3\u00a0bekapcsol\u00f3d\u00e1s. Kicser\u00e9ln\u00e9d, de nincs m\u00f3d r\u00e1.<\/p>\n<p><em>E<\/em><em>gy ideig alig telik az id\u0151, de a di\u00f3fa n\u00f6vekedik.<\/em><\/div>\n<div><em>Egy darabig nem is l\u00e9tezik az id\u0151, csak este lesz,<\/em><\/div>\n<div><em>vacsor\u00e1hoz sz\u00f3l\u00edt az any\u00e1d, el\u0151k\u00e9sz\u00edti a f\u00fcrd\u0151vizet,<\/em><\/div>\n<div><em>t\u00f6r\u00fclk\u00f6z\u0151t, sampont, meleget, \u00e9s meg\u00e1gyaz,<\/em><\/div>\n<div><em>m\u00e9g olvasol az \u00e1gyban egy kicsit,<\/em><\/div>\n<div><em>\u00e9s v\u00e1rod a reggelt.<\/em><\/div>\n<div><em>\u00a0<\/em><\/div>\n<div><em>Egy id\u0151ben \u00e9rdekelni kezd maga az id\u0151:<\/em><\/div>\n<div><em>a randev\u00fakat lek\u00e9sni nem tan\u00e1csos, nem is illik,<\/em><\/div>\n<div><em>\u00e9s \u00e1lland\u00f3an azt \u00e9rzed, hogy az el\u0151tted \u00e1ll\u00f3 vizsg\u00e1idra<\/em><\/div>\n<div><em>nem volt id\u0151d felk\u00e9sz\u00fclni.<\/em><\/div>\n<div><em>\u00a0<\/em><\/div>\n<div><em>Azt\u00e1n sz\u00e1molgatni kezded a perceket,<\/em><\/div>\n<div><em>\u00e1lland\u00f3an azt k\u00e9rdezed: h\u00e1ny \u00f3ra?<\/em><\/div>\n<div><em>A nutricionist\u00e1k aj\u00e1nlgatni kezdik a di\u00f3belet,<\/em><\/div>\n<div><em>a medikusok a pirul\u00e1t meg a mozg\u00e1st,<\/em><\/div>\n<div><em>\u00e9s elpirulsz, ha intim dolgaidr\u00f3l k\u00e9rdezgetnek a rendel\u0151ben.<\/em><\/div>\n<div><em>\u00a0<\/em><\/div>\n<div><em>Persze szem\u00e9lyi k\u00e1rty\u00e1dat is j\u00f3 polg\u00e1ri \u00f6ntudattal<\/em><\/div>\n<div><em>kicser\u00e9ln\u00e9d, de nincs m\u00f3d r\u00e1 2065-ig.<\/em><br \/>\n<em><br \/>\n\u00a0 \u00a0 \u00a0 \u00a0 \u00a0 \u00a0 \u00a0 \u00a0 \u00a0 \u00a0 \u00a0 \u00a0 \u00a0 \u00a0 \u00a0 \u00a0 \u00a0 \u00a0 \u00a0 \u00a0 \u00a0 \u00a0 \u00a0 \u00a0 \u00a0 \u00a0 \u00a0 \u00a0 \u00a0 \u00a0 \u00a0 \u00a0 \u00a0 (Albert-L\u0151rincz M\u00e1rton: Kicser\u00e9ln\u00e9d&#8230;)<\/em><\/div>\n<div>\u00a0<\/div>\n<div>Nagy G\u00e1sp\u00e1r k\u00f6lt\u0151 is \u00fagy fogalmaz:<em> &#8222;m\u00falik a j\u00f6v\u0151nk&#8230;&#8221; <\/em><br \/>\n\u00a0<\/div>\n<div style=\"text-align: center;\"><img loading=\"lazy\" decoding=\"async\" src=\"http:\/\/archivum.eloszekelyfold.ro\/wp-content\/uploads\/2021\/12\/ferencz_imre_adam.jpg\" width=\"500\" height=\"686\" alt=\"\"><br \/>\n<em>Ferencz Imre (\u00c1d\u00e1m Gyula felv\u00e9tele)<\/em><\/div>\n<div>\nFerencz Imre Cs\u00edkszered\u00e1ban \u00e9l\u0151 k\u00f6lt\u0151 pedig az \u00e9letet j\u00e1t\u00e9kid\u0151h\u00f6z\u00a0hasonl\u00edtja, ahol az Isten az emberrel j\u00e1tszik, mik\u00f6zben mindketten h\u00fazz\u00e1k az id\u0151t, hiszen m\u00e1r el\u0151re tudj\u00e1k, hogy ki\u00a0fog nyerni s ki \u00e1ll veszt\u00e9sre. Majd \u00edgy s\u00f3hajt fel: <\/p>\n<p><em>Azt hiszem, szerepet j\u00e1tszunk csak, <br \/>\nazt j\u00e1tsszuk, hogy\u00a0j\u00e1tszva j\u00e1tszunk!<br \/>\nId\u0151t akarunk nyerni csak,<br \/>\nmik\u00f6zben a sorsunkb\u00f3l kil\u00e1tunk. <\/em><br \/>\n\u00a0 \u00a0 \u00a0 \u00a0 \u00a0 \u00a0 \u00a0 \u00a0 \u00a0 \u00a0 \u00a0 \u00a0 \u00a0 \u00a0 \u00a0 \u00a0 \u00a0 \u00a0 \u00a0 \u00a0 \u00a0 \u00a0 \u00a0 \u00a0 \u00a0 \u00a0 \u00a0 \u00a0 (<em>J\u00e1t\u00e9kid\u0151. <\/em>Pallas Akad\u00e9mia K\u00f6nyvkiad\u00f3,\u00a0Cs\u00edkszereda, 2016)<\/p>\n<p>Marcel Proust is tizenh\u00e1rom \u00e9vig \u00edrta minden id\u0151k legnagyobb reg\u00e9ny\u00e9t \u2013 st\u00edlszer\u0171en az id\u0151r\u0151l \u2013, melynek\u00a0ezt a c\u00edmet adta: Az elt\u0171nt id\u0151 nyom\u00e1ban.<br \/>\n\u00a0<\/div>\n<div style=\"text-align: center;\"><img loading=\"lazy\" decoding=\"async\" src=\"http:\/\/archivum.eloszekelyfold.ro\/wp-content\/uploads\/2021\/12\/Marcel-Proust-001.jpg\" width=\"460\" height=\"276\" alt=\"\"><\/div>\n<div style=\"text-align: center;\"><em>Marcel Proust (1871-1922)<\/em><\/div>\n<div>\nM\u00e1sk\u00e9pp \u00e9lj\u00fck meg az id\u0151t eg\u00e9szs\u00e9gesen, m\u00e1sk\u00e9pp fiatalon, m\u00e1sk\u00e9pp ha elindulunk valahov\u00e1, m\u00e1sk\u00e9pp ha v\u00e1runk\u00a0valakire, m\u00e1sk\u00e9pp ha meg\u00e9rkezt\u00fcnk. <\/p>\n<p>Hojd\u00e1k Gergely reflexi\u00f3ja v\u00e1g ide, amelyet a Sz\u00edv c\u00edm\u0171 \u00a0jezsuita foly\u00f3iratban tett\u00a0k\u00f6zz\u00e9. \u201eAmikor reggelente munk\u00e1ba j\u00e1rok a 7-es busszal, megfigyeltem, hogy az \u00fajabb j\u00e1rm\u0171vekn\u00e9l a vezet\u0151f\u00fclk\u00e9ben\u00a0egy monitort helyeztek el, amelyen a sof\u0151r szemmel tudja k\u00eds\u00e9rni, hogy hol tart a kijel\u00f6lt \u00faton, mennyi a pontos\u00a0id\u0151, \u00e9s hogy a menetrend szerint mikor kellene a k\u00f6vetkez\u0151 \u00e1llom\u00e1sra \u00e9rnie. Ez a reggeli \u00fat nagyj\u00e1b\u00f3l mindig\u00a0ugyanannyi ideig tart, k\u00f6r\u00fclbel\u00fcl 14 percig, de mennyi k\u00fcl\u00f6nb\u00f6z\u0151 benyom\u00e1s, \u00e9lm\u00e9ny, tal\u00e1lkoz\u00e1s t\u00f6ltheti ki ezt a 14\u00a0percet!\u201d\u00a0Majd \u00edgy folytatja: \u201eMennyire m\u00e1sk\u00e9pp telik az id\u0151, amikor egyed\u00fcl, \u00e9s amikor szerelm\u00fcnkkel, bar\u00e1tainkkal,\u00a0vagy \u00e9pp a gyerekeinkkel utazunk; amikor egy izgalmas k\u00f6nyvbe mer\u00fcl\u00fcnk \u00e9s amikor egy vizsg\u00e1ra k\u00e9sz\u00fcl\u00fcnk fel; amikor\u00a0egy nem sokkal kor\u00e1bban lezajlott veszeked\u00e9s vagy munkahelyi konfliktus eml\u00e9k\u00e9t dolgozzuk fel; egy beteg\u00a0hozz\u00e1tartoz\u00f3nkhoz siet\u00fcnk; amikor valami \u00e9rdekes esem\u00e9ny zajlik k\u00f6r\u00fcl\u00f6tt\u00fcnk: BKV-ellen\u0151r\u00f6k razzi\u00e1znak, p\u00f3r\u00e1zon\u00a0vezetett vad\u00e1szg\u00f6r\u00e9ny szimatolja l\u00e1bunkat, egy zavarodott ember diskur\u00e1l mellett\u00fcnk, vagy amikor egy felsz\u00e1ll\u00f3\u00a0hajl\u00e9ktalan \u00e1porodott l\u00e1bszaga t\u00f6lti be a l\u00e9gteret&#8230;\u201d (<em>Sz\u00edv. <\/em>2014. j\u00falius-agusztus, 100. Sz\u00e1m)<\/p>\n<p>Milyen \u00e9rdekes, hogy ugyanannyi (24) \u00f3r\u00e1b\u00f3l \u00e1ll ma is egy nap, mint ezer \u00e9vvel ezel\u0151tt. M\u00e9gis mennyire\u00a0felp\u00f6rgette ezt a 24 \u00f3r\u00e1t az iparosod\u00e1s, a technikai civiliz\u00e1ci\u00f3!\u00a0<\/p>\n<p>Az a benyom\u00e1sunk hogy ma gyorsabban telik egy nap, s\u0151t az \u00e9let, mint ezel\u0151tt 50 \u00e9vvel, pedig nem f\u00f6lt\u00e9tlen.<\/p>\n<p>N\u00e9ha\u00a0\u00f3loms\u00fallyal nehezednek r\u00e1nk a percek, m\u00e1skor \u00f3r\u00e1k t\u0171nnek r\u00f6pke pillanatoknak. A mozg\u00e1s, a ny\u00fczsg\u00e9s kelti ezt a\u00a0l\u00e1tszatot. No meg a t\u00f6megvonz\u00e1s, sebess\u00e9g, az \u0151r\u00fclt temp\u00f3, ahogy rohanunk a t\u00f6bbs\u00e1vos aut\u00f3p\u00e1ly\u00e1n, vagy t\u00f6ltj\u00fck le\u00a0a vil\u00e1gh\u00e1l\u00f3s adatokat. Ez a rohan\u00e1s azt az ill\u00fazi\u00f3t kelti benn\u00fcnk, hogy minden mulaszt\u00e1s, k\u00e9s\u00e9s ut\u00f3lag behozhat\u00f3,\u00a0vagy ellenkez\u0151leg: minden munka \u00e9s pihen\u00e9s a gyorsan el\u00e9rt teljes\u00edtm\u00e9ny k\u00e9rd\u00e9s\u00e9v\u00e9 v\u00e1lik. Pedig falun, mintha most\u00a0is lassabban csorogna az id\u0151, mint v\u00e1roson. A fiatal nem \u00e9rz\u00e9keli annyira, mint az id\u0151sebb. S\u0151t,a nemzed\u00e9kek\u00a0id\u0151\u00e9rz\u00e9kel\u00e9se is m\u00e1s, hiszen ahogy b\u00f6lcsebb lesz az ember \u2013 rem\u00e9lem, hogy egyben tudatosabb is \u2013, jobban beosztja\u00a0mag\u00e1nak napi vagy \u00e9letprogramj\u00e1t. \u00c9lm\u00e9nyeink, a meg\u00e9lt esem\u00e9nyek lerak\u00f3dnak, elrakt\u00e1roz\u00f3dnak az eml\u00e9kekben, vagy\u00a0kit\u00f6rl\u0151dnek onnan, de mindenk\u00e9pp, ahogy telnek \u00e9veink, egyre nagyobb s\u00falya lesz \u00e9let\u00fcnknek.\u00a0<\/p>\n<p>Ma a nagy megfelel\u00e9si k\u00e9nyszerben mintha nem akarn\u00e1nk annyi id\u0151t sz\u00e1nni a dolgoknak, mint amennyi\u00a0sz\u00fcks\u00e9ges. Holott nem szabadna s\u00fcrgetni: mindent a maga idej\u00e9ben kellene tenni, meg\u00e9lni. M\u00e1sk\u00fcl\u00f6nben mi halunk meg,\u00a0nem az id\u0151. S ez a fiatalokra is \u00e9rv\u00e9nyes. Mint a kiskakas t\u00f6rt\u00e9net\u00e9ben.<\/p>\n<p>A vicc szerint ugyanis a kiskakast a nagy nem hagyja nyugton. Folyton kergeti, t\u00e9pi, csipkedi. Nem hagyja,\u00a0hogy lelke nyugodalm\u00e1ra kukor\u00e9koljon, s megszokja az \u00e9letet. K\u00f6vetkez\u0151 reggel a kiskakas kor\u00e1n kell, h\u00e1tha,\u00a0nyugodtabban kukor\u00e9kolhat, de nem, hisz a nagykakas \u00a0\u00fajra \u00fcld\u00f6z\u0151be veszi. Nincs m\u00e1s menekv\u00e9s, beszalad a\u00a0kutya\u00f3lba, ahol a kutya zavartan k\u00e9rdi: \u2013 Mi a gond kicsi kakas?\u00a0<br \/>\n<span style='font-family: \"Bookman Old Style\", serif; font-size: 12pt; line-height: 115%;'>\u2013\u00a0<\/span>H\u00e1t tudod, a nagykakas nem hagyja, hogy nyugodtan kukor\u00e9koljak, Folyton \u00a0kerget \u00e9s \u00a0\u00fcld\u00f6z.<\/div>\n<div><span style='font-family: \"Bookman Old Style\", serif; font-size: 12pt; line-height: 115%;'>\u2013\u00a0<\/span>Ne b\u00fasulj kicsi kakas, mondja a kutya, az id\u0151 neked dolgozik&#8230;<br \/>\nNos ez volt cs\u00fct\u00f6rt\u00f6k\u00f6n, h\u00e9tv\u00e9g\u00e9n vend\u00e9gek j\u00f6ttek, s a nagykakast lev\u00e1gt\u00e1k&#8230;<\/div>\n<div>\u00a0<\/div>\n<div><strong>3.2. Legy\u0151zni vagy menek\u00fclni?<br \/>\n<br type=\"_moz\"><br \/>\n<\/strong><\/div>\n<div>Lehet \u00fagy is \u00e9lni az id\u0151ben, hogy menek\u00fcl\u00fcnk, a hat\u00e1rid\u0151, az elsz\u00e1mol\u00e1s, a sz\u00e1monk\u00e9r\u00e9s id\u0151pontj\u00e1t\u00f3l. M\u00e1morba,\u00a0\u00e1lomba, sz\u00f3rakoz\u00e1sba, hogy k\u00e1b\u00edtsuk magunkat. Ilyenkor agyoncsapjuk az id\u0151t.<\/p>\n<p>Lehet, hogy menek\u00fcl\u00fcnk a lassul\u00e1st\u00f3l ink\u00e1bb, \u00e9s ez\u00e9rt m\u00e9g jobban felp\u00f6rg\u00fcnk k\u00fcl\u00f6nf\u00e9le \u00e1ls\u00e1gos\u00a0motiv\u00e1ci\u00f3kkal: igyekezni kell, mert \u201eaz id\u0151 p\u00e9nz\u201d, \u201er\u00f6vid az \u00e9let\u201d, \u201eelszalaszjuk a lehet\u0151s\u00e9get\u201d, \u201ekifutunk a\u00a0hat\u00e1rid\u0151b\u0151l\u201d stb.\u00a0<\/p>\n<p>A menek\u00fcl\u00e9ssel azonban legfeljebb veszt\u00fcnkbe rohanunk. Min\u00e9l t\u00f6bb elektronikus k\u00fcty\u00fct, gyorsabbn\u00e1l gyorsabb\u00a0aut\u00f3t, kiberseg\u00edts\u00e9get haszn\u00e1lunk, \u00a0ann\u00e1l inger\u00fcltebbek, zaklatottabbak, idegesebbek lesz\u00fcnk, s nem az id\u0151t gy\u0151zt\u00fck\u00a0le, hanem magunkat hajszoltuk bele a m\u00e9g gyorsabb rohan\u00e1sba. Ez az \u00fagynevezett, ma divatos menedzser id\u0151&#8230;<span class=\"Apple-tab-span\" style=\"white-space:pre\">\t<br \/>\n<\/span>Ha Isten beszor\u00edtotta az id\u0151t a teremt\u00e9s \u00e9s az utols\u00f3 \u00edt\u00e9let k\u00f6z\u00e9, akkor nem kell legy\u0151zn\u00fcnk. Ink\u00e1bb\u00a0csak valamelyest lass\u00edtanunk kellene, ir\u00e1nyt szabva neki. Ez csak akkor lehets\u00e9ges, ha nem gy\u00f6m\u00f6sz\u00f6l\u00fcnk bele annyi\u00a0teend\u0151t. K\u00eds\u00e9rt\u00e9st \u00e9rz\u00fcnk, hogy sok mindent p\u00e1rhuzamosan, egyid\u0151ben v\u00e9gezz\u00fcnk, m\u00e1r k\u00e9t-h\u00e1rom telefonunk is van, s\u00a0mindegyik cs\u00f6r\u00f6g, mindegyiket f\u00f6lvessz\u00fck, vezet\u00e9s k\u00f6zben esemesez\u00fcnk, hordozhat\u00f3 laptopjainkat less\u00fck, s m\u00e1r az \u00fatra sem\u00a0figyel\u00fcnk, \u00fatk\u00f6zben is dolgozunk, \u00e9s m\u00e9gis folyton k\u00e9s\u00e9sben vagyunk. <\/p>\n<p>Nem furcsa ez? Meg sem em\u00e9sztj\u00fck, csak gy\u0171jtj\u00fck,\u00a0habzsoljuk az \u00e9lm\u00e9nyeket, a tetsz\u00e9snyilv\u00e1n\u00edt\u00e1sokat, folyton m\u00e1sok visszajelz\u00e9s\u00e9re vagyunk k\u00edv\u00e1ncsiak, s nem hagyunk\u00a0id\u0151t magunkra. <\/p>\n<p>A l\u00e9lekben is vannak \u00e9r\u00e9si folyamatok. A testi fejl\u0151d\u00e9sben is. Egy munka eredm\u00e9ny\u00e9t is ki kell\u00a0v\u00e1rni, mint a nevel\u00e9sben. Nem lehet \u00e9retlen\u00fcl, z\u00f6lden aratni, gy\u00fcm\u00f6lcs\u00f6t szedni \u00a0onnan, ahol m\u00e9g nincs ott annak az\u00a0ideje.<\/p>\n<p>(Anekdota: <em>\u00a0az ember \u00a0p\u00e9nzt k\u00e9r. Isten: v\u00e1rj, egy pillanat&#8230;<\/em>)<br \/>\n\u00a0<\/div>\n<div><strong>0. 5. Zenei bet\u00e9t: Strauss, Pizicatto-polka<\/p>\n<p><\/strong><\/div>\n<div style=\"text-align: center;\"><embed type=\"application\/x-shockwave-flash\" pluginspage=\"http:\/\/www.macromedia.com\/go\/getflashplayer\" src=\"http:\/\/www.youtube.com\/v\/7bMSRfX0RhA%26hl=en%26fs=1%26rel=0%26ap=%2526fmt=18\" width=\"425\" height=\"344\"><\/embed><\/div>\n<div>\u00a0<\/div>\n<div><strong>3. 3. Az id\u0151 gy\u00f3gy\u00edt? Felejt\u00e9s \u00e9s eml\u00e9kez\u00e9s&#8230;<\/p>\n<p><\/strong>Cserh\u00e1ti Zsuzsa \u00e9nekli a szerelmi csal\u00f3dotts\u00e1g alapgondolat\u00e1t, amely nagyon sok irodalmi zenei m\u0171ben\u00a0visszak\u00f6sz\u00f6n. (<em>\u201eAkad amit nem gy\u00f3gy\u00edt meg az id\u0151 sem, csak kezeli minden nap&#8230;\u201d<\/em>) A Piramis egy\u00fcttes meg az\u00e9rt\u00a0s\u00f3hajtozik, mi\u00e9rt nincs k\u00e9t \u00e9lete&#8230; Akkor lenne ideje mindenre.\u00a0Las Vegas kaszin\u00f3iban nincsenek \u00f3r\u00e1k, hogy a\u00a0kedves vend\u00e9g elvesz\u00edthesse id\u0151\u00e9rz\u00e9k\u00e9t, \u00e9s \u00a0\u00edgy minden p\u00e9nz\u00e9t is. <br \/>\n\u00a0<\/div>\n<div style=\"text-align: center;\"><embed type=\"application\/x-shockwave-flash\" pluginspage=\"http:\/\/www.macromedia.com\/go\/getflashplayer\" src=\"http:\/\/www.youtube.com\/v\/027MdifnaIc%26hl=en%26fs=1%26rel=0%26ap=%2526fmt=18\" width=\"425\" height=\"344\"><\/embed><\/div>\n<div>\nMi van \u00edrvan a mi id\u0151vonalunkra? <\/p>\n<p><em>Az az\u00a0id\u0151, amit a r\u00f3zs\u00e1dra vesztegett\u00e9l, az teszi \u00e9rt\u00e9kess\u00e9 a r\u00f3zs\u00e1dat<\/em> &#8211; mondja Antoine de Saint-Exup\u00e9ry.<\/p>\n<p>Az id\u0151 \u00a0tulajdonk\u00e9ppen nem gy\u00f3gy\u00edtja meg a f\u00e1j\u00f3 szenved\u00e9sek sebeit, legfeljebb kell\u0151 t\u00e1vlatba helyezi.\u00a0Seg\u00edt, hogy behegedjenek. <\/p>\n<p>Maga az id\u0151 nem felejt, csak a hit, a rem\u00e9ny, \u00e9s a szeretet. Az eml\u00e9kek n\u00e9ha \u00fagyis\u00a0felt\u00f6rnek, de m\u00e1r megsz\u00e9p\u00fclve. M\u00e1r nem l\u00e1zadunk annyira. <\/p>\n<p>Az ember csod\u00e1latos k\u00e9pess\u00e9ge az eml\u00e9kez\u00e9s. Ez egyben\u00a0\u00f6r\u00f6mteli \u00e9s \u00a0ugyanakkor f\u00e1jdalmas is.Visszap\u00f6rgeti az esem\u00e9nyek filmkock\u00e1it, Olyanok\u00e9t amelyeket \u00e1t\u00e9lt, amelyeknek\u00a0r\u00e9szese volt. De l\u00e9tezik t\u00f6rt\u00e9nelmi eml\u00e9kez\u00e9s is. Ez is \u00f6ntudatunkhoz, identit\u00e1sunkhoz tartozik. Ugyanakkor, van\u00a0amit el is kell felejten\u00fcnk. S ebben a felejt\u00e9sben lennie kell megbocs\u00e1t\u00e1snak, elenged\u00e9snek. En\u00e9lk\u00fcl az id\u0151\u00a0gy\u00f3gyhat\u00e1s\u00e1t sem \u00e9rezz\u00fck.<\/p>\n<p><strong>3. 4. Pontoss\u00e1g. Takar\u00e9koss\u00e1g. &#8222;Lopni&#8221; az id\u0151t.<br \/>\n<\/strong><br \/>\nAz id\u0151 megfizethetetlen. Nem lehet id\u0151t v\u00e1s\u00e1rolni, mint ahogy megtartani, f\u00e9lretenni sem. Mert az id\u0151 maga\u00a0az \u00e9let. Vigy\u00e1zzunk \u00a0r\u00e1! \u00c1m a szeretet m\u00e9g \u00e9rt\u00e9kesebb. Nem ak\u00e1rmire\/ak\u00e1rkinek adjuk oda id\u0151nket. Min\u00e9l t\u00f6bb id\u0151t\u00a0ford\u00edtunk r\u00e1, ann\u00e1l jobban szeretj\u00fck. Nem mindenre szentel\u00fcnk id\u0151t, csak arra, aki\/ami nek\u00fcnk fontos. Sokszor \u00e9pp a\u00a0kommunik\u00e1ci\u00f3 c\u00edm\u00e9n agyonnyomjuk m\u00e1sok idej\u00e9t, leterhelj\u00fck \u0151ket a f\u00f6l\u00f6sleges pletyk\u00e1kkal, lelki \u00f6mleng\u00e9sekkel,\u00a0meggondolatlan h\u00edresztel\u00e9sekkel, vagy \u00e9pp azzal, hogy nem becs\u00fclt\u00fck meg munk\u00e1jukat, nem voltunk el\u00e9g \u00f6n\u00e1ll\u00f3ak, s\u00a0minduntalan m\u00e1sok idej\u00e9t akarn\u00e1nk ig\u00e9nybe venni, hogy nek\u00fcnk k\u00f6nnyebb legyen, r\u00e1juk t\u00e1maszkodva. Ezen a t\u00e9ren sem\u00a0\u00e1rtana nagyobb<br \/>\nfeln\u0151tts\u00e9g, felel\u0151ss\u00e9gv\u00e1llal\u00e1s. Az id\u0151beoszt\u00e1s, egy besz\u00e9lget\u00e9s id\u0151z\u00edt\u00e9se, az \u00e9letritmusunk\u00a0szab\u00e1lyoz\u00e1sa. Elid\u0151zni, amikor, akivel \u00a0musz\u00e1j, vagy \u00e9ppen kit\u00f6lteni a holt id\u0151t p\u00e9ld\u00e1ul egy sorban \u00e1ll\u00e1sn\u00e1l, egy\u00a0v\u00e1rakoz\u00e1s perceiben. A sok k\u00f6zbenj\u00e1r\u00e1s, elint\u00e9z\u00e9s, f\u00f6l\u00f6sleges \u00e9rdekl\u0151d\u00e9s, f\u0151leg h\u00e1ts\u00f3 sz\u00e1nd\u00e9kkal, mind-mind m\u00e1sok\u00a0idej\u00e9nek elrabl\u00e1s\u00e1t jelenti. Minden pillanat lehet\u0151s\u00e9g arra, hogy szeress\u00fcnk, hogy \u00e1t\u00e9rt\u00e9kelj\u00fck rossz d\u00f6nt\u00e9seinket,\u00a0s m\u00e9g id\u0151ben helyrehozzuk, amit lehet.<\/p>\n<p>K\u00e9rd\u00e9s, hogy mi\u00e9rt fontos az id\u0151? \u00c9s kell-e az id\u0151vel takar\u00e9koskodni? Meg lehet-e sp\u00f3rolni a min\u0151s\u00e9gi id\u0151t,\u00a0amit egym\u00e1sra, feladatainkra, kapcsolatainkra, Istenre kellene ford\u00edtanunk? <\/p>\n<p>A rekl\u00e1mok \u00e9s a \u201erohan\u00f3-vil\u00e1g\u201d klis\u00e9k\u00a0azzal pr\u00f3b\u00e1lnak meggy\u0151zni, hogy vigy\u00e1zzunk az id\u0151re, ne pocs\u00e9koljuk sorban\u00e1ll\u00e1ssal, szem\u00e9lyes jelenl\u00e9ttel,\u00a0k\u00f6nnyebben megy, hamar\u00e1bb lehet \u00fcgyeket int\u00e9zni \u201eonl\u00e1jn\u201d, bankk\u00e1rty\u00e1val, maroktelefonnal, nem kell \u00f3r\u00e1kig\u00a0\u00fccs\u00f6r\u00f6gn\u00fcnk sorunkra v\u00e1rva.\u00a0<\/p>\n<p>Csakhogy a nagy sp\u00f3rl\u00e1sban odavesz a figyelmes szeretet, a magunkr\u00f3l megfeledkez\u0151 seg\u00edteni akar\u00e1s \u00e9s\u00a0seg\u00edts\u00e9gny\u00fajt\u00e1s, lassank\u00e9nt \u00f3r\u00e1ra beprogramozott, be\u00fctemezett, \u00e9rz\u00e9ketlen robotokk\u00e1 v\u00e1lunk. <\/p>\n<p>Vajon ezt akarn\u00e1nk?\u00a0Ez\u00e9rt van a gyors fejl\u0151d\u00e9s \u00e9s a hangoztatott \u00e9letsz\u00ednvonal-n\u00f6veked\u00e9s?\u00a0<span class=\"Apple-tab-span\" style=\"white-space:pre\">\t<br \/>\n<\/span>Szokjunk r\u00e1 a pontoss\u00e1gra. \u00cdg\u00e9ret\u00fcnket, hat\u00e1rid\u0151inket igyekezz\u00fcnk pontosan betartani. (Pl. hivatalos,\u00a0k\u00f6z\u00f6ss\u00e9gi programjainkon, meg\u00edg\u00e9rt tal\u00e1lkoz\u00e1sokon, elv\u00e1llalt feladatok hat\u00e1rid\u0151s teljes\u00edt\u00e9s\u00e9ben, stb.) A pontoss\u00e1g\u00a0rendre szoktat, felel\u0151ss\u00e9gre tan\u00edt.\u00a0<span class=\"Apple-tab-span\" style=\"white-space:pre\">\t<br \/>\n<\/span>Michael Ende Momo c\u00edm\u0171 reg\u00e9ny\u00e9ben \u00a0arr\u00f3l \u00edr, hogyan pr\u00f3b\u00e1lj\u00e1k ma rafin\u00e1lt m\u00f3don t\u0151l\u00fcnk is elrabolni az\u00a0id\u0151t. Mom\u00f3t, a tisztasz\u00edv\u0171, \u00e1rtatlan lelk\u0171 kisl\u00e1nyt ezzel k\u00eds\u00e9rtik a sz\u00fcrkeruh\u00e1s urak:\u201ea megtakar\u00edtott id\u0151,\u00a0k\u00e9tszeres id\u0151\u201d&#8230; <\/p>\n<p>A sz\u00fcl\u0151knek meg nincs idej\u00fck gyerekeikre, mert dolgoznak. <\/p>\n<p>(A kutat\u00e1sok egy\u00e9bk\u00e9nt \u00e9pp az ellenkez\u0151j\u00e9t\u00a0igazolj\u00e1k: ma a sz\u00fcl\u0151knek k\u00e9tszer annyi id\u0151t t\u00f6ltenek el gyermekeikkel, mint ezel\u0151tt 30 \u00e9vvel&#8230;) <\/p>\n<p>De hol van ez az\u00a0id\u0151? Mi lesz t\u00f6bb azzal, hogy elvontuk t\u0151l\u00fck? <\/p>\n<p>Min\u00e9l jobban \u201etakar\u00e9koskodunk\u201d az id\u0151vel, ann\u00e1l kevesebb marad. S\u00a0r\u00e1ad\u00e1sul azt az id\u0151t, amit \u00fagymond megtakar\u00edtottunk, gyakorlatilag ellopt\u00e1k t\u0151l\u00fcnk. Nem m\u00e1s emberek, hanem: a\u00a0s\u00e1t\u00e1n, a k\u00eds\u00e9rt\u0151. K\u00edv\u00e1ns\u00e1gok, b\u00edrv\u00e1gy, hatalom, dics\u0151s\u00e9g, p\u00e9nz ut\u00e1ni hajsza \u00a0alakj\u00e1ban. Ezek a \u201esz\u00fcrke urak\u201d azzal\u00a0a j\u00f3l hangz\u00f3, trendi sz\u00f6veggel csapnak be naponta: \u201eaz egyetlen, ami az \u00e9letben fontos, hogy valamire vidd, hogy\u00a0legy\u00e9l valaki, hogy legyen valamid&#8230;\u201d <\/p>\n<p>\u00c9n azt hiszem, hogy itt a probl\u00e9ma gy\u00f6kere. Az sem j\u00f3, ha b\u00e1lv\u00e1nyozzuk az id\u0151t, az sem, ha\u00a0f\u00e9l\u00fcnk t\u0151le.<\/p>\n<p>Mert val\u00f3j\u00e1ban csak arra van id\u0151nk, amire(akire) szak\u00edtunk. S ez t\u0151l\u00fcnk f\u00fcgg. A k\u00eds\u00e9rt\u0151 d\u00e9mont saj\u00e1t\u00a0eszk\u00f6zevel fegyverezhetj\u00fck le. Az \u00f6rd\u00f6gi k\u00f6r, a gonoszs\u00e1g fondorlatos l\u00e1ncreakci\u00f3ja pont n\u00e1lunk szakadhat meg. S\u0151t\u00a0a sz\u00fcrke urak azt sem tudj\u00e1k, amit a szerz\u0151 gy\u00f6ny\u00f6r\u0171en felmutat: \u201eaz ember sokkal t\u00f6bb ann\u00e1l, mint az az id\u0151, ami\u00a0beleszorult.\u201d Teh\u00e1t ezzel a fejl\u0151d\u00e9snek \u00e9s \u00e1lland\u00f3 v\u00e1ltoz\u00e1snak \u00e1lc\u00e1zott rohan\u00e1ssal nem kellene folyton el\u0151re- \u00e9s\u00a0kiszaladnunk a jelenb\u0151l, hanem \u00a0mindig a jelenben maradva kell keresn\u00fcnk \u00e9s megtenn\u00fcnk a szeretet, az embers\u00e9g\u00a0tetteit.S akkor mindenre lesz id\u0151nk&#8230;.\u00a0\u00dagy, mint Bepp\u00f3nak, aki utcasepr\u0151k\u00e9nt is alapos munk\u00e1t v\u00e9zett: l\u00e9p\u00e9s-l\u00e9legzetv\u00e9tel-s\u00f6pr\u00e9s. Nem arra gondolt, hogy\u00a0sosem lesz v\u00e9ge, hogy ez alatt hasznosabbal is t\u00f6lthetn\u00e9 idej\u00e9t, vagy m\u00e1s munk\u00e1val t\u00f6bb p\u00e9nzt kereshetne. A szerz\u0151\u00a0ki is mondatja vele az esszenci\u00e1t:\u00a0\u201eCsak a k\u00f6vetkez\u0151 l\u00e9p\u00e9sre kell gondolni, a k\u00f6vetkez\u0151 l\u00e9legzetv\u00e9telre, a k\u00f6vetkez\u0151 sepr\u0171von\u00e1sra&#8230; Akkor \u00f6r\u00f6m\u00f6t\u00a0okoz. Ez fontos, mert akkor v\u00e9gzi az ember j\u00f3l a dolg\u00e1t&#8230; Egyszercsak \u00e9szrevessz\u00fck, hogy l\u00e9p\u00e9sr\u0151l l\u00e9p\u00e9sre\u00a0v\u00e9gig\u00e9rt\u00fcnk az utc\u00e1n. \u00c9szre sem vett\u00fck, a szufl\u00e1nk sem maradt ki\u201d&#8230;<\/p>\n<p>Mi lesz t\u00f6bb, ha elraboljuk magunkt\u00f3l \u00e9s szeretteinkt\u0151l az id\u0151t? \u00a0\u00c9s hol van az az id\u0151, amit megsp\u00f3roltunk?\u00a0<\/p><\/div>\n<div>Kinek a kez\u00e9n van ez az id\u0151bank&#8230;?<\/p>\n<p><a href=\"http:\/\/idobank.ro\/hu\/\"><strong><span style=\"color: rgb(255, 102, 0);\">Egyfajta ID\u0150BANK, amely civil f\u00f3rumk\u00e9nt, amolyan modern kal\u00e1ka gyan\u00e1nt \u00fczemel<\/span><\/strong><\/a><\/p>\n<p><strong>3. 5. Ami id\u0151t\u00e1ll\u00f3<\/p>\n<p><\/strong>Egy k\u00f6z\u00e9pkori sz\u00e9kesegyh\u00e1z \u00e9p\u00edt\u00e9se k\u00f6zben az egyik munk\u00e1s azt k\u00e9rdezte a torony tetej\u00e9t d\u00edsz\u00edt\u0151\u00a0mestert\u0151l: \u2013 Mondja, mi\u00e9rt t\u00f6lt annyi id\u0151t ezzel a pepecsmunk\u00e1val? Lentr\u0151l \u00fagysem l\u00e1tj\u00e1k, hogy n\u00e9z ki ez a\u00a0szoborangyal, vagy stukk\u00f3?<\/div>\n<div>Mire a mester \u00edgy v\u00e1laszolt! \u2013 Fiam, \u00e9n az \u00f6r\u00f6kk\u00e9val\u00f3s\u00e1gnak \u00e9p\u00edtek&#8230;<\/div>\n<div style=\"text-align: left;\">Az id\u0151 m\u00falik. Alkot\u00e1saink sem tartanak m\u00edg a vil\u00e1g. M\u00e9gis szeretn\u00e9nk gyermekeinkre hagyni azokat. Legyen\u00a0sz\u00f3 \u00e9p\u00edtett \u00f6r\u00f6ks\u00e9gr\u0151l, szellemi, vagy m\u0171v\u00e9szeti teljes\u00edtm\u00e9nyr\u0151l. A siet\u0151s, felsz\u00ednes, \u00f6sszecsapott munka nem is\u00a0\u00e9rt\u00e9kes, nem is tart\u00f3s.<\/p>\n<p>Ha az \u00f6r\u00f6kk\u00e9val\u00f3s\u00e1gnak \u00e9p\u00edt\u00fcnk, vagy nevel\u00fcnk gyermeket, akkor id\u0151t\u00e1ll\u00f3 \u00e9rt\u00e9keket kell\u00a0l\u00e9trehoznunk, s nem perc-emberk\u00e9k m\u00f3dj\u00e1ra \u2013 mint ahogyan \u00a0politikusok, k\u00f6z\u00e9leti vezet\u0151ink, celebjeink jelent\u0151s\u00a0r\u00e9sze teszi&#8230; \u2013 csak a jelen pillanat anyagi \u00e9s sok m\u00e1sf\u00e9le haszn\u00e1t, \u00e9lvezet\u00e9t ki\u00e9lni \u00a0vagy egyszer\u0171en csak a\u00a0k\u00f6nnyebbik megold\u00e1st keresn\u00fcnk.\u00a0<\/p><\/div>\n<div>\nAz id\u0151 m\u00fal\u00e1sa, vagy fogy\u00e1sa ellen\u00e9re ebben a hitben kellene meger\u0151s\u00f6dn\u00fcnk akkor is, amikor k\u00f6teless\u00e9geinket\u00a0v\u00e9gezz\u00fck. Legyen sz\u00f3 h\u00e1z\u00e9p\u00edt\u00e9sr\u0151l, aszfaltoz\u00e1sr\u00f3l vagy \u00e9pp a f\u00f6ld megm\u0171vel\u00e9s\u00e9r\u0151l. A napi h\u00edrek est\u00e9re elavulnak, az\u00a0\u00fajs\u00e1got t\u0171zbe dobjuk, de ha minden nap az \u00f6r\u00f6kk\u00e9val\u00f3s\u00e1gnak \u00a0asztal\u00e1ra letett\u00fcnk valamit, akkor az Id\u0151k Ura munk\u00e1nk\u00a0eredm\u00e9ny\u00e9t is \u00f6r\u00f6kk\u00e9val\u00f3s\u00edtja, ahol m\u00e1r nem lesz infl\u00e1ci\u00f3, ahol rozsda nem em\u00e9szti fel, \u00e9s \u00e9rt\u00e9ke nem devalv\u00e1l\u00f3dik.<\/p>\n<p><strong>3. 6. \u00dcnnepek, h\u00e9tk\u00f6znapok<\/strong><\/div>\n<div>\u00a0<\/div>\n<div>Az id\u0151 szakadatlan m\u00fal\u00e1s\u00e1t nemcsak a napszakok, hanem \u00e9let\u00fcnk esem\u00e9nyei, a h\u00e9tk\u00f6znapok \u00e9s az \u00fcnnepek tagolj\u00e1k. \u00cdgy\u00a0nem is sodor minket mint meg\u00e1radt foly\u00f3, ahol fuldokolva egy fa\u00e1gba kapaszkodn\u00e1nk. \u00c9vr\u0151l \u00e9vre visszat\u00e9rnek az\u00a0\u00e9vszakok, hit\u00fcnk szent \u00fcnnepei, mint magaslatok. Itt megpihenhet\u00fcnk, vissza- \u00e9s el\u0151retekinthet\u00fcnk, er\u0151t\u00a0gy\u0171jthet\u00fcnk. Kif\u00fajhatjuk magunkat, lelassul a zih\u00e1l\u00f3 sz\u00edvver\u00e9s, \u00e9s egyfajta katarktikus \u00e9lm\u00e9nyben\u00a0\u00fajj\u00e1sz\u00fclethet\u00fcnk.<\/p>\n<p>Az Istenre ford\u00edtott id\u0151t nem vett\u00fck el m\u00e1st\u00f3l. \u0150 nem rabolja az id\u0151nket. Amit neki adtunk, szabad\u00a0akaratb\u00f3l, az van a legjobb helyen. A szent \u00e9s prof\u00e1n, a vas\u00e1rnap(\u00fcnnepek) \u00e9s a h\u00e9tk\u00f6znapok k\u00f6z\u00f6tt fesz\u00fcl az\u00a0\u00e9let\u00fcnk. Ez m\u00e1r a bibliai id\u0151kben kialakult, \u00fagyis mint int\u00e9zm\u00e9ny, \u00fagyis mint az id\u0151 kett\u0151ss\u00e9ge. Az \u00fcnnep\u00a0alkalm\u00e1val kiss\u00e9 meg\u00e1ll az id\u0151, \u00e1tt\u00f6r a prof\u00e1non a szent, az isteni jelenl\u00e9te. Azzal alak\u00edtjuk a t\u00f6rt\u00e9nelmet, hogy\u00a0az \u00fcnnepen, a vas\u00e1rnapon kil\u00e9p\u00fcnk a prof\u00e1n id\u0151b\u0151l, \u00e9s meg\u00e9lj\u00fck az \u00f6r\u00f6kk\u00e9val\u00f3 \u00a0el\u0151\u00edz\u00e9t. Kit\u00e1rul a l\u00e9t, beengedj\u00fck a\u00a0kronoszba a kairoszt. Ezek a kegyelmi pillanatok, \u00f3r\u00e1k, napok adnak s\u00falyt a h\u00e9tk\u00f6znapoknak is. Isten a h\u00e9t napb\u00f3l\u00a0egyet kik\u00e9r mag\u00e1nak. Nemcsak az\u00e9rt, hogy pihenj\u00fcnk, hanem, hogy megszentelj\u00fck ezzel a t\u00f6bbit. Nem leig\u00e1ztuk az\u00a0id\u0151t, sokkal ink\u00e1bb \u00fcnnepelj\u00fck a teremt\u00e9st. Mintegy a sz\u00edv ritmus\u00e1nak megfelel\u0151en tagoljuk az esztend\u0151t. Ha j\u00f3l\u00a0b\u00e1nunk az id\u0151vel, a kronosz \u00e9s a kairosz sz\u0151ttes\u00e9t k\u00e9sz\u00edtj\u00fck hal\u00e1lunkig.<\/p>\n<p>Szabadon, \u00f6nfeledten, szents\u00e9gben.<br \/>\n\u00a0<\/div>\n<div style=\"text-align: center;\"><img loading=\"lazy\" decoding=\"async\" src=\"http:\/\/archivum.eloszekelyfold.ro\/wp-content\/uploads\/2021\/12\/urfelmutatas.jpg\" width=\"350\" height=\"526\" alt=\"\"><\/div>\n<div>\nA\u00a0vas\u00e1rnap, az \u00fcnnep Isten megismer\u00e9s\u00e9nek min\u0151s\u00edtett alkalma: nem\u00a0puszt\u00e1n szabadnap, vikend, rokonl\u00e1togat\u00e1s, vagy rekre\u00e1ci\u00f3. Hanem ilyenkor hordozzuk a h\u00e9tk\u00f6znapok \u00f6r\u00f6m\u00e9t, s \u00e1ldozatk\u00e9nt\u00a0felaj\u00e1nljuk a h\u00e9tk\u00f6znapi munk\u00e1nk term\u00e9s\u00e9t, hogy egy pillanatra Isten kort\u00e1rsaiv\u00e1 v\u00e1lhassunk.<\/p>\n<p><strong>4. Bel\u00e9pni Isten idej\u00e9be, amib\u0151l a teremt\u00e9skor kihulltunk&#8230;<\/strong><br \/>\n\u00a0<\/div>\n<div>P. Elois Leclerc ferences teol\u00f3gus Egy szeg\u00e9nyember b\u00f6lcsess\u00e9ge c\u00edm\u0171, Assisi Szent \u00a0Ferencr\u0151l \u00edrt k\u00f6nyv\u00e9ben \u00a0arr\u00f3l\u00a0besz\u00e9l, hogy a teremt\u00e9s kezdet\u00e9n, a kezdetek idej\u00e9ben \u201eminden Isten idej\u00e9ben \u00e9lt \u00e9s nyugodott. \u00a0A f\u00f6ld a maga\u00a0csendes \u00e9let\u00e9vel \u00e9pp\u00fagy nem vonta ki mag\u00e1t ebb\u0151l a ritmusb\u00f3l, mint az \u00e9g a maga csillagaival. Ugyanazzal a k\u00f6nnyed\u00a0reszket\u00e9ssel \u00e9lt..<span class=\"Apple-tab-span\" style=\"white-space:pre\">\t<br type=\"_moz\"><br \/>\n<\/span><\/div>\n<div style=\"text-align: center;\"><img loading=\"lazy\" decoding=\"async\" src=\"http:\/\/archivum.eloszekelyfold.ro\/wp-content\/uploads\/2021\/12\/teremtes-K.jpg\" width=\"500\" height=\"172\" alt=\"\"><span class=\"Apple-tab-span\" style=\"white-space:pre\"><br \/>\n<\/span><\/div>\n<div style=\"text-align: left;\">Egyed\u00fcl az ember l\u00e9pett ki a kezdeteknek ebb\u0151l az idej\u00e9b\u0151l. \u0150 maga akarta kijel\u00f6lni saj\u00e1t \u00fatjait \u00e9s \u00e9lni a\u00a0saj\u00e1t idej\u00e9t. \u00c9s az\u00f3ta nem ismeri t\u00f6bb\u00e9 a nyugalmat, csak az unalmat, a zavart \u00e9s a hal\u00e1lba vezet\u0151 rohan\u00e1st.\u201d<\/div>\n<div style=\"text-align: left;\">Majd a szerz\u0151 Szent Kl\u00e1ra sz\u00e1j\u00e1ba adja a k\u00f6vetkez\u0151 \u00a0gondolatsort: \u201eMinden l\u00e9tez\u0151nek megvan a maga ideje. De ez az\u00a0id\u0151 nem ugyanaz mindegyik sz\u00e1m\u00e1ra. A dolgok ideje nem az \u00e1llatok ideje. S az \u00e1llatok ideje nem az emberek\u00e9. \u00c9s\u00a0mindenek f\u00f6l\u00f6tt, mindett\u0151l k\u00fcl\u00f6nb\u00f6z\u0151en megvan Istennek is a maga ideje, mely mag\u00e1ba z\u00e1r mindent \u00e9s mindent\u00a0fel\u00fclm\u00fal. Isten sz\u00edve nem a mi sz\u00edv\u00fcnk ritmus\u00e1ra dobog&#8230; Ez az \u00f6r\u00f6k irgalm\u00e1\u00e9, mely nemzed\u00e9kr\u0151l nemzed\u00e9kre sz\u00e1ll \u00e9s\u00a0soha nem \u00f6regszik. Nagyon neh\u00e9z bel\u00e9pni Isten idej\u00e9be. \u00c9s m\u00e9gis, egyed\u00fcl csak ott tal\u00e1lhatjuk meg a b\u00e9k\u00e9t. \u2013 Ki mern\u00e9\u00a0\u00e1ll\u00edtani, hogy Isten idej\u00e9ben \u00e9l? \u2013 k\u00e9rdezte Kl\u00e1ra. Ahhoz Isten sz\u00edv\u00e9t kellene birtokolni&#8230;S ekkor \u00a0Ferenc vette \u00e1t\u00a0a sz\u00f3t: \u2013 Megtanulni Isten idej\u00e9ben \u00e9lni, k\u00e9ts\u00e9gtelen, ez a b\u00f6lcsess\u00e9g titka.\u00a0<\/p>\n<p><strong>0.6. Z\u00e1r\u00f3k\u00e9p(zene): Taiz\u00e9i \u00e9nek &#8211; V\u00e1rj, ne f\u00e9lj!<\/p>\n<p><\/strong><\/div>\n<div style=\"text-align: center;\"><strong><embed type=\"application\/x-shockwave-flash\" pluginspage=\"http:\/\/www.macromedia.com\/go\/getflashplayer\" src=\"http:\/\/www.youtube.com\/v\/k6je_z-IzsI%26hl=en%26fs=1%26rel=0%26ap=%2526fmt=18\" width=\"425\" height=\"344\"><\/embed><\/strong><\/div>\n<div style=\"text-align: left;\">\nAz \u00f3ra ketyeg, a k\u00e9szletek kifogynak, tartal\u00e9kainkat fel\u00e9lt\u00fck, itt a vil\u00e1gv\u00e9ge \u2013 riogatnak manaps\u00e1g m\u00e1r a\u00a0tud\u00f3sok is, elsivatagosod\u00e1st, vagy m\u00e1s bolyg\u00f3ra k\u00f6lt\u00f6z\u00e9s r\u00e9mk\u00e9p\u00e9t vizion\u00e1lva. <\/p>\n<p>Ezek a \u201etud\u00f3sok\u201d mind elfelejtik, hogy Isten k\u00e9szletei nem fogynak ki. \u0150 soha nincs f\u00e1zisk\u00e9s\u00e9sben, \u0151 nem marad\u00a0le az esem\u00e9nyekr\u0151l. \u0150 mindig jelen van. Ne f\u00e9lts\u00fck t\u0151le \u201eszabadid\u0151nket\u201d, hisz az is az \u0151 aj\u00e1nd\u00e9ka. Az \u0151 \u00f6r\u00f6k \u00e9s\u00a0szeretete is fogyhatatlan. Ebb\u0151l \u00e9l\u00fcnk. Ez\u00e9rt nincsen id\u0151nk sietni&#8230; Ha ki is hulltunk a szabadakarat folyt\u00e1n az \u00e9denkerti boldogs\u00e1gb\u00f3l, att\u00f3l m\u00e9g megv\u00e1ltottak vagyunk.<\/p>\n<p>\u00dagy, hogy m\u00e1r most bel\u00e9p\u00fcnk az \u0150 idej\u00e9be.<\/p>\n<p><em>Sebesty\u00e9n P\u00e9ter<\/em><\/div>\n<\/p><\/div>\n","protected":false},"excerpt":{"rendered":"<p>Tulajdonk\u00e9ppen egyetlen komoly vagyonunk az id\u0151. Megfoghatatlan, de \u00e1ltala m\u00e9gis minden kifejezhet\u0151. P\u00e9nz, munka, fegyver, \u00e9let, hal\u00e1l, rem\u00e9ny \u00e9s rem\u00e9nytelens\u00e9g rejlik benne. Mindaz, ami ember-mivoltunkat meghat\u00e1rozza, az ID\u0150, de ugyanakkor egy\u00e9b is, ami azon t\u00fali, ami \u00e9p \u00e9sszel fel nem foghat\u00f3, s meg sem magyar\u00e1zhat\u00f3, az mind-mind id\u0151-esszencia. Sebesty\u00e9n P\u00e9ter pl\u00e9b\u00e1nos, a jeles egyh\u00e1zi \u00edr\u00f3, [&hellip;]<\/p>\n","protected":false},"author":1,"featured_media":28186,"comment_status":"open","ping_status":"open","sticky":false,"template":"","format":"standard","meta":{"footnotes":""},"categories":[],"tags":[],"class_list":["post-28185","post","type-post","status-publish","format-standard","has-post-thumbnail","hentry"],"_links":{"self":[{"href":"https:\/\/archivum.eloszekelyfold.ro\/index.php\/wp-json\/wp\/v2\/posts\/28185","targetHints":{"allow":["GET"]}}],"collection":[{"href":"https:\/\/archivum.eloszekelyfold.ro\/index.php\/wp-json\/wp\/v2\/posts"}],"about":[{"href":"https:\/\/archivum.eloszekelyfold.ro\/index.php\/wp-json\/wp\/v2\/types\/post"}],"author":[{"embeddable":true,"href":"https:\/\/archivum.eloszekelyfold.ro\/index.php\/wp-json\/wp\/v2\/users\/1"}],"replies":[{"embeddable":true,"href":"https:\/\/archivum.eloszekelyfold.ro\/index.php\/wp-json\/wp\/v2\/comments?post=28185"}],"version-history":[{"count":0,"href":"https:\/\/archivum.eloszekelyfold.ro\/index.php\/wp-json\/wp\/v2\/posts\/28185\/revisions"}],"wp:featuredmedia":[{"embeddable":true,"href":"https:\/\/archivum.eloszekelyfold.ro\/index.php\/wp-json\/wp\/v2\/media\/28186"}],"wp:attachment":[{"href":"https:\/\/archivum.eloszekelyfold.ro\/index.php\/wp-json\/wp\/v2\/media?parent=28185"}],"wp:term":[{"taxonomy":"category","embeddable":true,"href":"https:\/\/archivum.eloszekelyfold.ro\/index.php\/wp-json\/wp\/v2\/categories?post=28185"},{"taxonomy":"post_tag","embeddable":true,"href":"https:\/\/archivum.eloszekelyfold.ro\/index.php\/wp-json\/wp\/v2\/tags?post=28185"}],"curies":[{"name":"wp","href":"https:\/\/api.w.org\/{rel}","templated":true}]}}