{"id":28183,"date":"2021-12-13T01:11:01","date_gmt":"2021-12-13T01:11:01","guid":{"rendered":"http:\/\/archivum.eloszekelyfold.ro\/2021\/12\/13\/taplosag\/"},"modified":"2021-12-13T01:11:01","modified_gmt":"2021-12-13T01:11:01","slug":"taplosag","status":"publish","type":"post","link":"https:\/\/archivum.eloszekelyfold.ro\/index.php\/2021\/12\/13\/taplosag\/","title":{"rendered":"Tapl\u00f3s\u00e1g"},"content":{"rendered":"<p><\/p>\n<div style=\"color:#666666; font-family:inherit; font-size:14px;font-style: normal;text-align:left;line-height:24px;\">\n<div style=\"float:left\"><img decoding=\"async\" src=\"http:\/\/archivum.eloszekelyfold.ro\/wp-content\/uploads\/2021\/12\/669_mateka.jpg\" alt=\"Tapl\u00f3s\u00e1g\" style=\"padding-right:14px; padding-bottom:6px; padding-top:6px;\" width=\"320px\"><\/div>\n<p>                              Sokadik kalandoz\u00e1sunkkor v\u00e9letlen\u00fcl est\u00fcnk be a soktucat egyforma korondi \u00fczlet k\u00f6z\u00fcl az \u00f6v\u00e9be \u2013 de az\u00f3ta csak az l\u00e9tezik a sz\u00e1munkra. El\u0151sz\u00f6r a lehengerl\u0151 kedvess\u00e9g fogja meg az embert (de ez persze m\u00e9g lehetne hagyom\u00e1nyos keresked\u0151i tr\u00fckk), ut\u00e1na azon kapjuk magunkat, hogy az elad\u00f3b\u00f3l tan\u00e1csad\u00f3 lett (\u201eez nem \u00e1ll j\u00f3l, ezt ne vegye\u201d), majd hirtelen tapl\u00e1szati bemutat\u00f3 k\u00f6z\u00f6ns\u00e9ge lesz\u00fcnk (\u00e9s kapunk aj\u00e1nd\u00e9kba a lapocsk\u00e1kb\u00f3l, melyek sebgy\u00f3gy\u00edt\u00e1st\u00f3l szem\u00fcvegtiszt\u00edt\u00e1sig mindenre haszn\u00e1lhat\u00f3k \u2013 \u00e9s t\u00e9nyleg !!!), ezut\u00e1n kv\u00edzj\u00e1t\u00e9k k\u00f6vetkezik az addig hallottak anyag\u00e1b\u00f3l, majd sz\u00e1molunk rengeteg diszkonttal; mindezt mosolyogva, kedvesen, k\u00f6zvetlen\u00fcl, ahogy csak \u0151 tudja.<\/p>\n<div>\u00a0<\/div>\n<div>Eddig ak\u00e1r szokv\u00e1nyos is lehetne, de mikor h\u00f3napokkal k\u00e9s\u0151bb ism\u00e9t bet\u00e9rsz hozz\u00e1 neveden sz\u00f3l\u00edt, csal\u00e1dr\u00f3l,\u00a0nagyfi\u00fakr\u00f3l k\u00e9rdez, \u00e9s kezd\u0151dik minden el\u00f6lr\u0151l&#8230; Az se baj, ha nem tudod, mikor j\u00f6ssz vissza a megrendelt faragott\u00a0sakkb\u00e1buk\u00e9rt, becs\u00fcletsz\u00f3ra elhiszi, hogy egyszer majdcsak. \u00c9s f\u00e9l \u00e9v m\u00falva, mikor bet\u00e9rsz, az asztal al\u00e1 ny\u00fal, \u00e9s\u00a0mosolyogva \u00e1tny\u00fajtja a csod\u00e1s, egyedi sakk-k\u00e9szletet.\u00a0De ekkor m\u00e1r te is hozol neki tokajit, mert egy el\u0151z\u0151 \u00e9vben elejtett mondat\u00e1b\u00f3l megtudtad, hogy szereti.<\/div>\n<div>\u00a0<\/div>\n<div>N\u00e1la jobb keresked\u0151t, marketingest, term\u00e9kfejleszt\u0151t, \u00fczletembert, h\u0171s\u00e9gprogram-szak\u00e9rt\u0151t soha nem l\u00e1ttam. Hogy hol\u00a0tanulta Karcsi ezt a rengeteg tudom\u00e1ny\u00e1t, melyet nagy egyetemek professzorai s\u00falyos k\u00f6nyvekben adagolnak? Senki ne\u00a0t\u00f6rje a fej\u00e9t: sehol. \u0150 azon rejtett kincsek \u00e9s \u0151stehets\u00e9gek egyike, akik k\u00f6z\u00f6tt\u00fcnk lakoznak.<\/div>\n<div>\u00a0<\/div>\n<div>Sz\u00e1momra \u0151 nemcsak az \u0151skeresked\u0151t jelenti, hanem azt a szil\u00e1rd pontot is, ami rem\u00e9nyt ad a j\u00f6v\u0151re n\u00e9zve ebben a\u00a0megzavarodott vil\u00e1gban.<br \/>\n\u00a0<\/div>\n<div style=\"text-align: center;\"><img loading=\"lazy\" decoding=\"async\" src=\"http:\/\/archivum.eloszekelyfold.ro\/wp-content\/uploads\/2021\/12\/taplaszas_kozben3.jpg\" width=\"500\" height=\"333\" alt=\"\"><\/div>\n<div style=\"text-align: center;\"><em>A M\u00e1th\u00e9-csal\u00e1d n\u00e9pm\u0171v\u00e9szeti boltja el\u0151tt &#8211; jobboldalt \u00a0F\u00e1bi\u00e1n Korn\u00e9lia, mellette<br \/>\nM\u00e1th\u00e9 K\u00e1roly \u00e9s feles\u00e9ge, M\u00e1th\u00e9 Ter\u00e9z, Korondon a portr\u00e9film forgat\u00e1sakor <br \/>\n(2016 \u0151sz\u00e9n)<\/em><\/div>\n<div>\nNem kutatn\u00e1m az ok\u00e1t, de m\u00e1ra az oktat\u00e1s sz\u00ednvonal\u00e1nak szabades\u00e9s\u00e9t tapasztaljuk minden szinten. Burj\u00e1noznak az\u00a0egyetemek, \u00f6ntik magukb\u00f3l a haszontalan diplom\u00e1val ell\u00e1tott felk\u00e9sz\u00edtetlen diplom\u00e1sokat (\u00e9s az egyetemi oktat\u00e1s\u00a0kudarca m\u00e1r a k\u00f6z\u00e9piskolai felk\u00e9sz\u00edt\u00e9s kudarc\u00e1ban kodifik\u00e1l\u00f3dik\u2026), mindek\u00f6zben a k\u00f6z\u00e9pfok\u00fa szakk\u00e9pz\u00e9sek\u00a0k\u00f6zmond\u00e1sosan katasztrof\u00e1lis szintre jutottak. Pedig, ha elromlik a csap, a mos\u00f3g\u00e9p, az aut\u00f3, ha sz\u00e9p kertet\u00a0szeretn\u00e9nk vagy m\u0171k\u00f6d\u0151 napelemes rendszert: nem okvetlen\u00fcl jog\u00e1sz\u00e9rt vagy szociol\u00f3gus\u00e9rt ki\u00e1ltunk, ugye?<\/div>\n<div>\u00a0<\/div>\n<div>Az oktat\u00e1s vil\u00e1ga sok darabra hasadt sz\u00e9t, ami j\u00f3val t\u00falmutat a k\u00f6z\u00e9pfok\u00fa vs fels\u0151fok\u00fa oktat\u00e1s k\u00e9rd\u00e9sk\u00f6r\u00e9n. Egyre\u00a0szaporodnak a haszontalan MBA-k (mi\u00e9rt is kell egy p\u00e1lyakezd\u0151nek r\u00f6gt\u00f6n MBA-re beiratkozni, ami eredetileg az\u00a0\u00e9vtizedes gyakorlatban megszerzett tud\u00e1s tudom\u00e1nyos rendszerez\u00e9s\u00e9t szolg\u00e1lta?), egyre t\u00f6bben tan\u00edtanak (\u00e9s \u00edrnak\u00a0vaskos k\u00f6nyveket) olyanok, akiknek nincs gyakorlati tapasztalata, egyre t\u00f6bb az \u00f6nc\u00e9l\u00fa szak \u00e9s tov\u00e1bbk\u00e9pz\u00e9s, ahol a\u00a0tant\u00e1rgyakat kiz\u00e1r\u00f3lag a rendelkez\u00e9sre \u00e1ll\u00f3 el\u0151ad\u00f3k k\u00e9pes\u00edtetts\u00e9ge, \u00e9s nem egy optim\u00e1lisnak gondolt v\u00e9gc\u00e9l alapj\u00e1n\u00a0\u00e1ll\u00edtj\u00e1k \u00f6ssze \u2013 a fels\u0151oktat\u00e1s egyre ink\u00e1bb f\u00f3kuszt veszt.<\/div>\n<div>\u00a0<\/div>\n<div>M\u00e1r 15-20 \u00e9ve is gondolkod\u00f3ba est\u00fcnk, hogy milyen tud\u00e1st tud a f\u0151iskola a kez\u00fcnkbe adni a naponta v\u00e1ltoz\u00f3 vil\u00e1gban?\u00a0<\/div>\n<div>\u00a0<\/div>\n<div>Az\u00f3ta meg\u00e9rtettem: a k\u0151kem\u00e9ny gazdas\u00e1gi alapokon, nyelvtud\u00e1son \u00e9s p\u00e1r praktikus tudnival\u00f3n k\u00edv\u00fcl bel\u00e9nk vert\u00e9k a\u00a0kitart\u00e1st, a koncentr\u00e1ci\u00f3 f\u00f3kusz\u00e1l\u00e1s\u00e1nak vagy megoszt\u00e1s\u00e1nak ismeret\u00e9t, az adapt\u00e1ci\u00f3 k\u00e9pess\u00e9g\u00e9t \u2013 \u00e9s szakm\u00e1nk\u00a0szeretet\u00e9t (b\u00e1rmi is legyen az v\u00e9g\u00fcl). <br \/>\n\u00a0<\/div>\n<div style=\"text-align: center;\"><img loading=\"lazy\" decoding=\"async\" src=\"http:\/\/archivum.eloszekelyfold.ro\/wp-content\/uploads\/2021\/12\/taplaszas_kozben1.jpg\" width=\"500\" height=\"333\" alt=\"\"><\/div>\n<div style=\"text-align: center;\"><em>Tapl\u00e1sz\u00e1s k\u00f6zben &#8211; az erd\u0151b\u0151l \u00e9rkezik a nyersanyag, \u00e9s onnan val\u00f3k <br \/>\na medv\u00e9s-t\u00f6rt\u00e9netek is,\u00a0amelyeket Karcsi nagy bele\u00e9l\u00e9ssel ad el\u0151<\/em><\/div>\n<div>\nA mai agyonreform\u00e1lt, de k\u00f6vetelm\u00e9ny-szintj\u00e9b\u0151l folyamatosan enged\u0151\u00a0fels\u0151oktat\u00e1si vil\u00e1gb\u00f3l azonban nemcsak ezek hi\u00e1nyoznak, nekem sokkal jobban f\u00e1j a gyakorlati szellemis\u00e9g\u0171 oktat\u00e1s\u00a0teljes hi\u00e1nya. Mik\u00f6zben t\u00f6bbsz\u00e1zoldalas retteneteket nyomunk le a di\u00e1kok tork\u00e1n elm\u00e9leti sz\u00e1m\u00edt\u00e1sokkal telepakolva\u00a0(pl. term\u00e9k\u00e1raz\u00e1s, t\u0151zsdei \u00e1rak alakul\u00e1sa, k\u00f6zp\u00e9nz\u00fcgyek, stb. t\u00e9mak\u00f6r\u00f6kben) , \u0151k pontosan tudj\u00e1k (vagy, ha nem,\u00a0majd megtudj\u00e1k az els\u0151 munkanapjukon), hogy ezeknek semmi k\u00f6ze a val\u00f3s\u00e1ghoz; ahogy a jelen v\u00e1ls\u00e1g sz\u00e9pen meg is\u00a0mutatta. (\u00c9n p\u00e9ld\u00e1ul az oper\u00e1ci\u00f3kutat\u00e1s tant\u00e1rgyb\u00f3l [az egyetlen, amib\u0151l siker\u00fclt megbuknom a f\u0151iskol\u00e1n] tanult\u00a0\u201eoptim\u00e1lis sz\u00e1ll\u00edt\u00e1si \u00fatvonal meghat\u00e1roz\u00e1sa\u201d feladat gyakorlati haszn\u00e1t pr\u00f3b\u00e1ltam megtudni munkahelyem sz\u00e1ll\u00edt\u00e1si\u00a0oszt\u00e1ly\u00e1n, amikor meglepett arccal k\u00f6z\u00f6lt\u00e9k velem, hogy m\u00e1r \u00e9vtizedek \u00f3ta ezt a feladatot sz\u00e1m\u00edt\u00f3g\u00e9pek v\u00e9gzik).<\/div>\n<div>\u00a0<\/div>\n<div>Tudom, a r\u00e9gi mesterek elt\u0171ntek, az agyakat a nyugati egyetemek elsz\u00edvj\u00e1k, a legjobb szakmunk\u00e1sok szint\u00e9n Nyugaton\u00a0dolgoznak, a t\u00e1rsadalom elv\u00e1r\u00e1s-rendszere megv\u00e1ltozott, de m\u00e9gis \u2013 valami nagyon nincs j\u00f3l ebben a mai vil\u00e1gunkban.<br \/>\n\u00a0<\/div>\n<div style=\"text-align: center;\"><img loading=\"lazy\" decoding=\"async\" src=\"http:\/\/archivum.eloszekelyfold.ro\/wp-content\/uploads\/2021\/12\/11159469_963377263696068_6933362165529195011_n.jpg\" width=\"500\" height=\"333\" alt=\"\"><\/div>\n<div style=\"text-align: center;\"><em>\u00a0M\u00e1th\u00e9 K\u00e1roly egy pr\u00e9ssel, amellyel d\u00edsz\u00edt\u0151elemeket form\u00e1znak<\/em><br \/>\n\u00a0<\/div>\n<div>A t\u00e1rsadalmi \u00e9rt\u00e9k\u00edt\u00e9letnek kiemelked\u0151en nagy a szerepe \u00e9s felel\u0151ss\u00e9ge. L\u00e1ttak m\u00e1r boldog villamosvezet\u0151t? \u00c9n\u00a0k\u00e9tszer is. El\u0151sz\u00f6r harminc\u00f6t \u00e9ve \u00dajpesten, (az a szerelv\u00e9ny m\u00e1r r\u00e9g m\u00fazeumban pihen), m\u00e1sodszor pedig p\u00e1r \u00e9ve, San\u00a0Francisco-ban. Nem t\u00fal j\u00f3 az id\u0151j\u00e1r\u00e1s, k\u00e9nyelmetlen \u00e9s vesz\u00e9lyes a munkahely, rengeteg felel\u0151ss\u00e9ggel \u2013 de a friscoi\u00a0villamos ur\u00e1nak esz\u00e9be se jut szomor\u00fa sors\u00e1n b\u00e1nk\u00f3dni, \u00e9s megbecs\u00fcl\u00e9s \u00f6vezi a munk\u00e1j\u00e1t (igaz meg is \u00e9l a\u00a0munkab\u00e9r\u00e9b\u0151l). <br \/>\n\u00a0<\/div>\n<div style=\"text-align: center;\"><img loading=\"lazy\" decoding=\"async\" src=\"http:\/\/archivum.eloszekelyfold.ro\/wp-content\/uploads\/2021\/12\/taplo_sapkak_1261949_1484.JPG\" width=\"500\" height=\"323\" alt=\"\"><\/div>\n<div>\nMi romlott el n\u00e1lunk 35 \u00e9v alatt (na j\u00f3, a mem\u00f3ri\u00e1mon k\u00edv\u00fcl)? Mikor adunk a fiataljaink kez\u00e9be\u00a0haszn\u00e1lhat\u00f3 tud\u00e1st? Mikor bocs\u00e1t ki az oktat\u00e1si rendszer j\u00f3l k\u00e9pzett, j\u00f3 \u00e1ltal\u00e1nos m\u0171velts\u00e9g\u0171 szakmunk\u00e1sokat? Mikor\u00a0lesz boldog n\u00e1lunk a villamosvezet\u0151? Mikor \u00e1rasztanak el a M\u00c1T\u00c9KARCSIK?<\/div>\n<div>\u00a0<\/div>\n<div>Szerintem csak ez sz\u00e1m\u00edt, minden m\u00e1s csak tapl\u00f3s\u00e1g.<\/p>\n<p><em>A c\u00edmk\u00e9p a szerz\u0151 felv\u00e9tele, a sz\u00f6vegk\u00f6zi fot\u00f3kat Farkas Antal k\u00e9sz\u00edtette.<\/p>\n<p>Di\u00f3si L\u00e1szl\u00f3, <br \/>\naz OTP Rom\u00e1nia RT vez\u00e9rigazgat\u00f3ja<\/p>\n<p>(Az \u00edr\u00e1s eredetileg Di\u00f3si L\u00e1szl\u00f3 blogj\u00e1n, a blogok.penzcsinalok.ro webhelyen l\u00e1tott netvil\u00e1got.)<\/em><\/div>\n<\/p><\/div>\n","protected":false},"excerpt":{"rendered":"<p>Sokadik kalandoz\u00e1sunkkor v\u00e9letlen\u00fcl est\u00fcnk be a soktucat egyforma korondi \u00fczlet k\u00f6z\u00fcl az \u00f6v\u00e9be \u2013 de az\u00f3ta csak az l\u00e9tezik a sz\u00e1munkra. El\u0151sz\u00f6r a lehengerl\u0151 kedvess\u00e9g fogja meg az embert (de ez persze m\u00e9g lehetne hagyom\u00e1nyos keresked\u0151i tr\u00fckk), ut\u00e1na azon kapjuk magunkat, hogy az elad\u00f3b\u00f3l tan\u00e1csad\u00f3 lett (\u201eez nem \u00e1ll j\u00f3l, ezt ne vegye\u201d), majd hirtelen [&hellip;]<\/p>\n","protected":false},"author":1,"featured_media":28184,"comment_status":"open","ping_status":"open","sticky":false,"template":"","format":"standard","meta":{"footnotes":""},"categories":[],"tags":[],"class_list":["post-28183","post","type-post","status-publish","format-standard","has-post-thumbnail","hentry"],"_links":{"self":[{"href":"https:\/\/archivum.eloszekelyfold.ro\/index.php\/wp-json\/wp\/v2\/posts\/28183","targetHints":{"allow":["GET"]}}],"collection":[{"href":"https:\/\/archivum.eloszekelyfold.ro\/index.php\/wp-json\/wp\/v2\/posts"}],"about":[{"href":"https:\/\/archivum.eloszekelyfold.ro\/index.php\/wp-json\/wp\/v2\/types\/post"}],"author":[{"embeddable":true,"href":"https:\/\/archivum.eloszekelyfold.ro\/index.php\/wp-json\/wp\/v2\/users\/1"}],"replies":[{"embeddable":true,"href":"https:\/\/archivum.eloszekelyfold.ro\/index.php\/wp-json\/wp\/v2\/comments?post=28183"}],"version-history":[{"count":0,"href":"https:\/\/archivum.eloszekelyfold.ro\/index.php\/wp-json\/wp\/v2\/posts\/28183\/revisions"}],"wp:featuredmedia":[{"embeddable":true,"href":"https:\/\/archivum.eloszekelyfold.ro\/index.php\/wp-json\/wp\/v2\/media\/28184"}],"wp:attachment":[{"href":"https:\/\/archivum.eloszekelyfold.ro\/index.php\/wp-json\/wp\/v2\/media?parent=28183"}],"wp:term":[{"taxonomy":"category","embeddable":true,"href":"https:\/\/archivum.eloszekelyfold.ro\/index.php\/wp-json\/wp\/v2\/categories?post=28183"},{"taxonomy":"post_tag","embeddable":true,"href":"https:\/\/archivum.eloszekelyfold.ro\/index.php\/wp-json\/wp\/v2\/tags?post=28183"}],"curies":[{"name":"wp","href":"https:\/\/api.w.org\/{rel}","templated":true}]}}