{"id":28181,"date":"2021-12-13T01:09:02","date_gmt":"2021-12-13T01:09:02","guid":{"rendered":"http:\/\/archivum.eloszekelyfold.ro\/2021\/12\/13\/a-dij-a-kevesszamu-elismeresek-egyike\/"},"modified":"2021-12-13T01:09:02","modified_gmt":"2021-12-13T01:09:02","slug":"a-dij-a-kevesszamu-elismeresek-egyike","status":"publish","type":"post","link":"https:\/\/archivum.eloszekelyfold.ro\/index.php\/2021\/12\/13\/a-dij-a-kevesszamu-elismeresek-egyike\/","title":{"rendered":"A d\u00edj a kev\u00e9ssz\u00e1m\u00fa elismer\u00e9sek egyike"},"content":{"rendered":"<p><\/p>\n<div style=\"color:#666666; font-family:inherit; font-size:14px;font-style: normal;text-align:left;line-height:24px;\">\n<div style=\"float:left\"><img decoding=\"async\" src=\"http:\/\/archivum.eloszekelyfold.ro\/wp-content\/uploads\/2021\/12\/670_DSC00100.JPG\" alt=\"A d\u00edj a kev\u00e9ssz\u00e1m\u00fa elismer\u00e9sek egyike\" style=\"padding-right:14px; padding-bottom:6px; padding-top:6px;\" width=\"320px\"><\/div>\n<p>                              Kies haz\u00e1nkban alig akadnak olyan elismer\u00e9sek, amelyekkel gyakorl\u00f3 \u00fajs\u00e1g\u00edr\u00f3kat t\u00fcntetnek ki. \u00c9pp emiatt van a B\u00e1lint Andr\u00e1s-d\u00edjnak komoly rangja. <\/p>\n<p>L\u00e1z\u00e1r Emese \u00e9s Makkay J\u00f3zsef egyar\u00e1nt r\u00e1szolg\u00e1lt az elismer\u00e9sre. Ak\u00e1r m\u00e1r \u00e9vekkel ezel\u0151tt is felfigyelhettek volna r\u00e1juk. L\u00e1m: ami k\u00e9sik, nem m\u00falik. Ideje volt. <\/p>\n<p>Nem kell hagyni, hogy elsorvadjon, hogy esetleg ellaposodj\u00e9k, vagy elfogyjon az anyagi keret \u00e9s a j\u00f3sz\u00e1nd\u00e9k az adom\u00e1nyoz\u00f3 alap\u00edtv\u00e1ny sz\u00e1ml\u00e1j\u00e1r\u00f3l \u00e9s holdudvar\u00e1b\u00f3l. <\/p>\n<p>Nemes dolgok ezek, kev\u00e9s, de l\u00e1that\u00f3 \u00e9s \u00e9ltet\u0151 f\u00e9nyt juttatnak a h\u00e9tk\u00f6znapok zugaiba. <\/p>\n<p>Mert van rem\u00e9ny. Mert van \u00e9rtelme az igazmond\u00e1snak. \u00c9s minden p\u00e1tosz n\u00e9lk\u00fcl m\u00f6ndjuk: a k\u00fczdelem m\u00e9gsem hi\u00e1baval\u00f3.<br \/>\n<strong><br \/>\nL\u00e1z\u00e1r Emese laud\u00e1ci\u00f3ja<\/p>\n<p><\/strong>Bep\u00f6ty\u00f6gtem az egyik n\u00e9pszer\u0171 keres\u0151motorba L\u00e1z\u00e1r Emese nev\u00e9t. 0,52 m\u00e1sodperc alatt az okos g\u00e9p ki\u00edrta: \u201enagyj\u00e1b\u00f3l 169 000 tal\u00e1lat\u201d. Na, ebb\u0151l nem mindegyik a mi L\u00e1z\u00e1r Emes\u00e9nk, hanem csak valamennyi. Err\u0151l jut eszembe, hogy a sz\u00e9lesebb csal\u00e1dban a gyermekekkel j\u00e1tszottuk a Rizik\u00f3 nev\u0171 strat\u00e9giai t\u00e1rsasj\u00e1t\u00e9kot. Az egyik apr\u00f3s\u00e1g egyszer nagy h\u00e9vvel bejelentette, hogy gy\u0151z\u00f6tt, teljes\u00edtette feladat\u00e1t. A t\u00e9rk\u00e9pen felvonultatott hadoszt\u00e1lyai nem ezt mutatt\u00e1k, ez\u00e9rt k\u00e9rt\u00fck, hogy mutassa be feladatlapj\u00e1t. Ezen az \u00e1llt: semmis\u00edtsen meg valamennyi r\u00f3zsasz\u00edn hadoszt\u00e1lyt. Mire \u0151: valamennyit megsemmis\u00edtettem, teh\u00e1t nyertem. Emese is nyert, ugyanis valamennyi tal\u00e1lat az \u0151 nev\u00e9re, az \u00e1ltala jegyzett \u00edr\u00e1sokra utal.<\/p>\n<p>L\u00e1z\u00e1r Emese ideje egy r\u00e9sz\u00e9t a sajt\u00f3ban t\u00f6lt\u00f6tte, valamennyi \u00e9vet a Hargita N\u00e9p\u00e9n\u00e9l volt, azt\u00e1n mikor \u00fagy \u00e9rezte, hogy elfogyott k\u00f6r\u00fcl\u00f6tte a leveg\u0151, valamennyi \u00e9vet kivonult a redakci\u00f3b\u00f3l, majd nemr\u00e9giben \u2013 valamennyi ideje \u2013 visszat\u00e9rt a laphoz. Tudott elmenni \u00e9s tudott visszat\u00e9rni. Az\u00e9rt, hogy tudjon \u00f6nmaga maradni.<\/p>\n<div style=\"text-align: center;\"><img loading=\"lazy\" decoding=\"async\" src=\"http:\/\/archivum.eloszekelyfold.ro\/wp-content\/uploads\/2021\/12\/DSC00133.JPG\" width=\"500\" height=\"377\" alt=\"\"><\/div>\n<div style=\"text-align: center;\"><em>B\u00e1lint Csaba keramikus, a n\u00e9vad\u00f3 fia \u00e9s Sar\u00e1ny Istv\u00e1n \u00fajs\u00e1g\u00edr\u00f3, <br \/>\na Hargita N\u00e9pe f\u0151szerkeszt\u0151je<\/em><\/div>\n<p>\nMost nem mes\u00e9lem el, hogyan lett L\u00e1z\u00e1r Emese a Hargita N\u00e9pe \u00fajs\u00e1g\u00edr\u00f3ja, meg\u00edrjuk majd eml\u00e9kiratainkban \u2013 ha m\u00e9g eml\u00e9ksz\u00fcnk majd ilyen dolgokra, vagy legal\u00e1bb a saj\u00e1t nev\u00fcnkre, nem\u00fcnkre. Azt azonban bizton \u00e1ll\u00edtom, hogy a Hargita N\u00e9pe nyert L\u00e1z\u00e1r Emese k\u00e9tszeres \u00e9rkezt\u00e9vel: nyert egy olyan embert, aki munk\u00e1j\u00e1t, v\u00e1lasztott szakm\u00e1j\u00e1t hivat\u00e1snak, szolg\u00e1latnak tekinti. Nyert egy szemf\u00fcles \u00fajs\u00e1g\u00edr\u00f3t, aki \u2013 B\u00e1lint Andr\u00e1s szavaival \u00e9lve \u2013 akkor is dolgozik, amikor az utcasarkon \u00e1ll \u00e9s vakarja a\u2026 vakargatnival\u00f3j\u00e1t. Nyert egy h\u0171s\u00e9ges munkat\u00e1rsat, aki mindig tudja mi a dolga, mindig meg\u00e9rzi hol \u00e9s mit kell seg\u00edtsen ahhoz, hogy a lap szekere menjen. Nyert egy k\u00f6z\u00e9leti \u00e9rdekl\u0151d\u00e9s\u0171 \u00e9s be\u00e1ll\u00edtotts\u00e1g\u00fa, \u00e9rz\u00e9keny tollforgat\u00f3t. Nyert egy olyan \u00fajs\u00e1g\u00edr\u00f3t, aki ir\u00f3ni\u00e1val \u00e9s \u00f6nir\u00f3ni\u00e1val ostorozza olvas\u00f3it, ep\u00e9s-elm\u00e9s humorral kifigur\u00e1zva a vissz\u00e1ss\u00e1gokat. Nyert egy tollforgat\u00f3t, akinek jegyzetei \u00fctnek \u00e9s simogatnak, elgondolkodtatnak, helyesl\u00e9sre vagy ellentmond\u00e1sra k\u00e9sztetnek \u2013 azaz meg\u00e9rintenek, nem hagynak hidegen. S nyert egy olyan \u00fajs\u00e1g\u00edr\u00f3t, aki szakm\u00e1j\u00e1t nem egyszer\u0171 munk\u00e1nak, hanem \u00e9letform\u00e1nak tekinti. Azaz egy\u00a0olyan valaminek, ami meghat\u00e1rozza, behat\u00e1rolja \u00e9let\u00fcnket, s amit nem lehet meg\u00e9lni, csak a csal\u00e1d eln\u00e9z\u0151 seg\u00edts\u00e9g\u00e9vel, meg\u00e9rt\u00e9s\u00e9vel.<\/p>\n<div style=\"text-align: center;\"><em><img loading=\"lazy\" decoding=\"async\" src=\"http:\/\/archivum.eloszekelyfold.ro\/wp-content\/uploads\/2021\/12\/DSC00146.JPG\" width=\"500\" height=\"678\" alt=\"\"><\/em><\/div>\n<div style=\"text-align: center;\"><em>Az enyh\u00e9n meghat\u00f3dott L\u00e1z\u00e1r Emese, amint \u00e9ppen \u00e1tveszi a d\u00edjat\u00a0<\/em><\/div>\n<p>\n\u00c9s ezzel vissza is kanyarodtunk B\u00e1lint Andr\u00e1shoz, aki annak idej\u00e9n bevezetett az \u00fajs\u00e1g\u00edr\u00f3i l\u00e9t rejtelmeibe. S itt nem csup\u00e1n az \u00edr\u00e1sk\u00e9szs\u00e9gr\u0151l, a m\u0171faji k\u00f6t\u00f6tts\u00e9gekr\u0151l, az \u00e9rdekl\u0151d\u00e9sr\u0151l, a k\u00edv\u00e1ncsis\u00e1gr\u00f3l van sz\u00f3, hanem arr\u00f3l is, hogy tudatos\u00edtotta: ebben a szakm\u00e1ban nincs munkaid\u0151, csak munka; hogy a profi \u00fajs\u00e1g\u00edr\u00f3 nem ihletre \u00edr, hanem hat\u00e1rid\u0151re \u00e9s terjedelemre; hogy a feh\u00e9r asztal kiapadhatatlan inform\u00e1ci\u00f3forr\u00e1s. S k\u00f6zben feles\u00e9g\u00e9vel egy\u00fctt tren\u00edrozta akkor m\u00e9g j\u00f6vend\u0151belimet is arra, hogy j\u00f3 \u00fajs\u00e1g\u00edr\u00f3-feles\u00e9g legyen: t\u00fcrelmes, eln\u00e9z\u0151, gyakran egyed\u00fcl boldogul\u00f3, \u00f6r\u00f6mben osztoz\u00f3, b\u00e1natban j\u00f3 hallgat\u00f3.<\/p>\n<p>Aki mindezt nem tanulja meg, s nem tal\u00e1l ezt eln\u00e9z\u0151, s\u0151t t\u00e1mogat\u00f3 t\u00e1rsra, az nem val\u00f3 \u00fajs\u00e1g\u00edr\u00f3nak, az keressen mag\u00e1nak nyolc\u00f3r\u00e1s munk\u00e1t. <\/p>\n<p>L\u00e1z\u00e1r Emese megfelel valamennyi B\u00e1lint Andr\u00e1s-i krit\u00e9riumnak. Nemcsak tess\u00e9k-l\u00e1ss\u00e9k valamennyinek \u2013 mint unokah\u00fagocsk\u00e1m \u00e9rtelmez\u00e9s\u00e9ben \u2013, hanem mindegyiknek. Makkay J\u00f3zsef laud\u00e1ci\u00f3ja a \u201eB\u00e1lint Andr\u00e1s-d\u00edj\u201d \u00e1tv\u00e9tele alkalm\u00e1b\u00f3l<\/p>\n<p><em>Sar\u00e1ny Istv\u00e1n<\/em><\/p>\n<div>\n<div>A d\u00edjazottak szakmai-\u00e9letrajzi adatait <a href=\"http:\/\/eloszekelyfold.com\/web\/I664--C24--Kultura--A_Balint_Andras-dij_idei_kit%C3%BCntetettjei.html\"><strong><span style=\"color: rgb(255, 102, 0);\">kor\u00e1bbi \u00edr\u00e1sunkban<\/span><\/strong><\/a>\u00a0olvashatj\u00e1k.<br \/>\n\u00a0<\/div>\n<div style=\"text-align: center;\"><img loading=\"lazy\" decoding=\"async\" src=\"http:\/\/archivum.eloszekelyfold.ro\/wp-content\/uploads\/2021\/12\/DSC00102.JPG\" width=\"500\" height=\"350\" alt=\"\"><br \/>\n<em>Sar\u00e1ny \u00e9s Makkay<\/p>\n<p><\/em><\/div>\n<div style=\"text-align: left;\">A szint\u00e9n B\u00e1lint Andr\u00e1s-d\u00edjas Borb\u00e9ly Zsolt Attila jog\u00e1sz, publicista egy\u00e9b elfoglalts\u00e1gai miatt nem tudott jelen lenni. \u00cdr\u00e1s\u00e1t a rendezv\u00e9ny h\u00e1ziasszonya, Mirk Szid\u00f3nia Kata n\u00e9prajzkutat\u00f3, a Sz\u00e9kelyf\u00f6ld szerkeszt\u0151je olvasta fel.<br \/>\n\u00a0<\/div>\n<div><strong>Makkay J\u00f3zsef laud\u00e1ci\u00f3ja<\/strong><\/p>\n<p>Az \u00fajs\u00e1g\u00edr\u00e1s c\u00e9lja, ir\u00e1nyults\u00e1ga, alapfunkci\u00f3i tekintet\u00e9ben mindig is meg fognak oszlani a v\u00e9lem\u00e9nyek. Ann\u00e1l is ink\u00e1bb, hogy nincs olyan biztos \u00e9s konszenzu\u00e1lis n\u00e9z\u0151pont, melyet minden \u00e9rintett, a szakm\u00e1t gyakorl\u00f3k \u00e9s a \u201efogyaszt\u00f3k\u201d egyar\u00e1nt elfogadn\u00e1nak. <\/p>\n<p>Alapvet\u0151en k\u00e9t megk\u00f6zel\u00edt\u00e9s l\u00e9tezik, az egyik az \u00e9rt\u00e9kmentess\u00e9get, a t\u00e1j\u00e9koztat\u00e1s fontoss\u00e1g\u00e1t tartja szem el\u0151tt, a m\u00e1sik egy bizonyos \u00e9rt\u00e9krend szolg\u00e1lat\u00e1t helyezi a k\u00f6z\u00e9ppontba. Az el\u0151bbiek jellemz\u0151en maguk sem gondolj\u00e1k komolyan, amit mondanak, az a kisebb r\u00e9sz, pedig aki t\u00e9nyleg hiszi, hogy lehets\u00e9ges vil\u00e1gn\u00e9zet-semleges \u00fajs\u00e1g\u00edr\u00e1s, egyszer\u0171en naiv idealista.<\/p>\n<p>A k\u00e9t t\u00e9nyleges v\u00e1laszt\u00f3vonal egyr\u00e9szt azok k\u00f6z\u00f6tt van, akik hitb\u00e9li meggy\u0151z\u0151d\u00e9sb\u0151l teszik a dolgukat szemben azokkal, akik szolg\u00e1ltat\u00e1sk\u00e9nt fogj\u00e1k fel az \u00fajs\u00e1g\u00edr\u00e1st \u00e9s p\u00e9nz\u00e9rt hirdetnek bizonyos eszm\u00e9ket. A m\u00e1sr\u00e9szt pedig a nemzeti \u00e9rdekeket \u00e9s \u00e9rt\u00e9keket felv\u00e1llal\u00f3 \u00fajs\u00e1g\u00edr\u00f3k \u00e9s azok k\u00f6z\u00f6tt h\u00faz\u00f3dik, akik idegen \u00e9rdeket k\u00e9pviselnek.\u00a0<\/p><\/div>\n<div>\u00a0<\/div>\n<div>Ezut\u00f3bbiak k\u00f6z\u00f6tt vannak, akik egy m\u00e1s nemzet c\u00e9ljainak a szolg\u00e1lat\u00e1ban \u00e1llnak, s vannak, akiknek alap\u00e1ll\u00e1sa, nemzetellenes kozmopolita. Mondanom sem kell, hogy Makkay J\u00f3zsef a nemzeti c\u00e9lokat mindenek el\u0151 helyez\u0151 tollforgat\u00f3 protot\u00edpusa.<br \/>\n\u00a0<\/div>\n<div style=\"text-align: center;\"><img loading=\"lazy\" decoding=\"async\" src=\"http:\/\/archivum.eloszekelyfold.ro\/wp-content\/uploads\/2021\/12\/DSC00130(1).jpg\" width=\"365\" height=\"497\" alt=\"\"><\/div>\n<div style=\"text-align: center;\"><em>Mirk Szid\u00f3nia Kata<\/em><\/div>\n<div>\nA nemzetben gondolkod\u00f3, nemzet\u00e9\u00e9rt tenni akar\u00f3, az \u00fajs\u00e1g\u00edr\u00e1sban feladatot, hitt\u00e9r\u00edt\u0151i munk\u00e1t l\u00e1t\u00f3 erd\u00e9lyi magyar \u00fajs\u00e1g\u00edr\u00f3 helyzete nem egyszer\u0171. Az etno-soviniszta rom\u00e1n \u00e1llam nyilv\u00e1n nem n\u00e9zi j\u00f3 szemmel a tev\u00e9kenys\u00e9g\u00e9t,\u00a0<\/div>\n<div>\u00a0<\/div>\n<div>Istennek h\u00e1la egyel\u0151re csak apr\u00f3 jelek utalnak arra, hogy figyelik, k\u00f6vetik a magyar \u00fcgy szolg\u00e1l\u00f3it, retorzi\u00f3 err\u0151l az oldalr\u00f3l csak nagyon ritk\u00e1n \u00e9rt b\u00e1rkit is v\u00e9lem\u00e9ny\u00e9nek kimond\u00e1sa miatt.<\/p>\n<p>Az erd\u00e9lyi magyar hivataloss\u00e1gok r\u00e9sz\u00e9r\u0151l, melyek h\u00fasz \u00e9vvelezel\u0151tt a rom\u00e1n hatalom szolg\u00e1lat\u00e1t v\u00e1lasztott\u00e1k a kock\u00e1zattal j\u00e1r\u00f3 magyar auton\u00f3miaharc helyett, szint\u00e9n nem sok j\u00f3ra sz\u00e1m\u00edthat. A nemzetk\u00f6zi \u00e9s anyaorsz\u00e1gi baloldal valamint a jobboldal globalista-karrierista r\u00e9sze sem tartozik a sz\u00f6vets\u00e9gesek k\u00f6z\u00e9.<\/p>\n<p>Maradnak teh\u00e1t azok, akiknek az \u00fcgy az els\u0151, nem a karrier, akik viszont nem szervez\u0151dnek p\u00e1rtba, szervezetekbe. Mert, ha alakultak is p\u00e1rtok a nemzeti gondolat jegy\u00e9ben, azokban el\u0151bb-ut\u00f3bb kedvez\u0151tlen jelens\u00e9gek \u00fctik fel a fej\u00fcket. Ezeket a jelens\u00e9geket a nemzetben gondolkod\u00f3 \u00fajs\u00e1g\u00edr\u00f3 l\u00e1tja \u00e9s l\u00e1ttatja. Ott kell egyens\u00falyozzon a kimondhat\u00f3s\u00e1g hat\u00e1r\u00e1n, \u00fagy kell megfogalmazza b\u00edr\u00e1lat\u00e1t, hogy k\u00f6zben ne \u00e1rtson az \u00fcgynek, hogy ne adjon mun\u00edci\u00f3t a nemzetellenes er\u0151knek.<\/p>\n<p>Nem sokan vannak, akik ezt az egyens\u00falyt mindig megtal\u00e1lt\u00e1k. Makkay J\u00f3zsef, akinek munk\u00e1ss\u00e1g\u00e1t k\u00f6zel k\u00e9t \u00e9vtizede k\u00f6vetem, k\u00f6z\u00fcl\u00fck val\u00f3. <\/p>\n<p>M\u00e1r zsenge ifj\u00fa kor\u00e1ban megmutatkozott \u00e1tlag feletti \u00edr\u00e1sk\u00e9szs\u00e9ge, k\u00f6z\u00f6lt a J\u00f3bar\u00e1tban, az Ifj\u00famunk\u00e1sban \u00e9s a Falvak Dolgoz\u00f3 N\u00e9p\u00e9ben. Mind az Igazs\u00e1g, mind a Falvak Dolgoz\u00f3 N\u00e9pe alkalmazta volna riporteri \u00e1ll\u00e1sba, de a kontraszelekci\u00f3, az oszt\u00e1lyharcos k\u00e1derpolitika ezt megakad\u00e1lyozta:Makkay J\u00f3zsef nem iratkozott be a kommunista p\u00e1rtba, \u00e9desapja az 1956-os megtorl\u00e1sokat k\u00f6vet\u0151en politikai fogoly volt, 1964-ben szabadult.<\/p>\n<p>A rendszerv\u00e1lt\u00e1s k\u00f6vet\u0151en, 1990 m\u00e1rcius\u00e1t\u00f3l \u00fajs\u00e1g\u00edr\u00f3k\u00e9nt dolgozik, el\u0151bb a Falvak N\u00e9p\u00e9nek volt f\u0151\u00e1ll\u00e1s\u00fa kolozsv\u00e1ri munkat\u00e1rsa a hetilap 1992-es megsz\u0171nt\u00e9ig. Ezzel p\u00e1rhuzamosan a kolozsv\u00e1ri Szabads\u00e1g c\u00edm\u0171 napilap munkat\u00e1rsak\u00e9nt dolgozott. 1993-ban \u00fajraind\u00edtotta az 1948-ban megsz\u0171nt Erd\u00e9lyi Gazda c\u00edm\u0171 mez\u0151gazdas\u00e1gi havilapot, aminek 1995-ig volt a f\u0151szerkeszt\u0151je. 1996 \u00e9s 2004 k\u00f6z\u00f6tt ism\u00e9t a Szabads\u00e1gn\u00e1l dolgozott el\u0151bb szerkeszt\u0151k\u00e9nt, majd \u00f6t \u00e9ven \u00e1t f\u0151szerkeszt\u0151-helyettesk\u00e9nt.<\/p>\n<p>2004-t\u0151l napjainkig az erd\u00e9lyi magyar nemzeti sajt\u00f3 z\u00e1szl\u00f3haj\u00f3j\u00e1nak, az auton\u00f3miak\u00fczdelem els\u0151 sz\u00e1m\u00fa sajt\u00f3org\u00e1num\u00e1nak sz\u00e1m\u00edt\u00f3 Erd\u00e9lyi Napl\u00f3 c\u00edm\u0171 hetilap munkat\u00e1rsa. 2004 \u00e9s 2012 k\u00f6z\u00f6tt f\u0151szerkeszt\u0151 volt. A legkem\u00e9nyebb id\u0151kben, Gyurcs\u00e1ny Ferenc korm\u00e1nyz\u00e1sa alatt is vitte a h\u00e1t\u00e1n a lapot, am\u00edg b\u00edrta. 2012-2015 k\u00f6z\u00f6tt szerkeszt\u0151 volt, majd 2015 szeptember\u00e9t\u0151l ism\u00e9t a f\u0151szerkeszt\u0151. <br \/>\n\u00a0<\/div>\n<div style=\"text-align: center;\"><img loading=\"lazy\" decoding=\"async\" src=\"http:\/\/archivum.eloszekelyfold.ro\/wp-content\/uploads\/2021\/12\/DSC00132.JPG\" width=\"500\" height=\"335\" alt=\"\"><\/div>\n<div>\nSzakmai p\u00e1lyafut\u00e1s\u00e1t az \u00edrott k\u00f6z\u00e9leti sajt\u00f3 alapj\u00e1n tekintettem \u00e1t, ann\u00e1l is ink\u00e1bb, hogy erre van r\u00e1l\u00e1t\u00e1som. J\u00f3magam 2000 \u00f3ta dolgozom az Erd\u00e9lyi Napl\u00f3nak, bel\u00fclr\u0151l figyelhettem azt a k\u00fczdelmet, amit J\u00f3ska folytatott a lap fennmarad\u00e1s\u00e1\u00e9rt 2004 \u00e9s 2009 k\u00f6z\u00f6tt, amikor egy r\u00f6vid id\u0151re a Napl\u00f3 elhallgatott. Figyelhettem azt is, hogy t\u00e9mav\u00e1laszt\u00e1sai k\u00f6zvetlen\u00fcl vagy k\u00f6zvetve a nemzeti \u00e9rt\u00e9kfelmutat\u00e1st, eszmei ir\u00e1nymutat\u00e1st szolg\u00e1lt\u00e1k, hangle\u00fct\u00e9sei mindig is harmoniz\u00e1ltak a magyar nemzetstrat\u00e9giai c\u00e9lokkal, az \u00f6nrendelkez\u00e9s, a K\u00e1rp\u00e1t medencei magyar reintegr\u00e1ci\u00f3, a nemzeti \u00f6nkorm\u00e1nyzat, az auton\u00f3mia c\u00e9lrendszer\u00e9vel. Az auton\u00f3mia int\u00e9zm\u00e9nyrendszer\u00e9n be\u00fcl kolozsv\u00e1rik\u00e9nt sem feledte soha, hogy az alap a sz\u00e9kelys\u00e9g \u00f6nrendelkez\u00e9se, a sz\u00e9kely ter\u00fcleti auton\u00f3mia.<br \/>\n\u00a0<\/div>\n<div style=\"text-align: center;\"><img loading=\"lazy\" decoding=\"async\" src=\"http:\/\/archivum.eloszekelyfold.ro\/wp-content\/uploads\/2021\/12\/DSC00148.JPG\" width=\"328\" height=\"448\" alt=\"\"><\/div>\n<div>\nA B\u00e1lint Andr\u00e1s-d\u00edj k\u00e9ts\u00e9gk\u00edv\u00fcl j\u00f3 helyre ker\u00fclt id\u00e9n is, mid\u0151n a kurat\u00f3rium \u00fagy d\u00f6nt\u00f6tt, hogy Makkay J\u00f3zsefet t\u00fcnteti ki vele. Megtiszteltet\u00e9s sz\u00e1momra, hogy e sorokat meg\u00edrhattam, sajn\u00e1lom, hogy nem lehetek jelen az \u00fcnnep\u00e9lyes d\u00edj\u00e1tad\u00e1son, a k\u00f6teless\u00e9g m\u00e1shov\u00e1 sz\u00f3l\u00edtott ebben az id\u0151s\u00e1vban.<\/div>\n<div>\u00a0<\/div>\n<div><em>Borb\u00e9ly Zsolt Attila<\/p>\n<p>A felv\u00e9teleket Sim\u00f3 M\u00e1rton k\u00e9sz\u00edtette.<\/p>\n<p>\u00c9l\u0151 Sz\u00e9kelyf\u00f6ld Munkacsoport<\/em><\/div>\n<\/div>\n<div>\u00a0<\/div>\n<\/p><\/div>\n","protected":false},"excerpt":{"rendered":"<p>Kies haz\u00e1nkban alig akadnak olyan elismer\u00e9sek, amelyekkel gyakorl\u00f3 \u00fajs\u00e1g\u00edr\u00f3kat t\u00fcntetnek ki. \u00c9pp emiatt van a B\u00e1lint Andr\u00e1s-d\u00edjnak komoly rangja. L\u00e1z\u00e1r Emese \u00e9s Makkay J\u00f3zsef egyar\u00e1nt r\u00e1szolg\u00e1lt az elismer\u00e9sre. Ak\u00e1r m\u00e1r \u00e9vekkel ezel\u0151tt is felfigyelhettek volna r\u00e1juk. L\u00e1m: ami k\u00e9sik, nem m\u00falik. Ideje volt. Nem kell hagyni, hogy elsorvadjon, hogy esetleg ellaposodj\u00e9k, vagy elfogyjon az anyagi [&hellip;]<\/p>\n","protected":false},"author":1,"featured_media":28182,"comment_status":"open","ping_status":"open","sticky":false,"template":"","format":"standard","meta":{"footnotes":""},"categories":[],"tags":[],"class_list":["post-28181","post","type-post","status-publish","format-standard","has-post-thumbnail","hentry"],"_links":{"self":[{"href":"https:\/\/archivum.eloszekelyfold.ro\/index.php\/wp-json\/wp\/v2\/posts\/28181","targetHints":{"allow":["GET"]}}],"collection":[{"href":"https:\/\/archivum.eloszekelyfold.ro\/index.php\/wp-json\/wp\/v2\/posts"}],"about":[{"href":"https:\/\/archivum.eloszekelyfold.ro\/index.php\/wp-json\/wp\/v2\/types\/post"}],"author":[{"embeddable":true,"href":"https:\/\/archivum.eloszekelyfold.ro\/index.php\/wp-json\/wp\/v2\/users\/1"}],"replies":[{"embeddable":true,"href":"https:\/\/archivum.eloszekelyfold.ro\/index.php\/wp-json\/wp\/v2\/comments?post=28181"}],"version-history":[{"count":0,"href":"https:\/\/archivum.eloszekelyfold.ro\/index.php\/wp-json\/wp\/v2\/posts\/28181\/revisions"}],"wp:featuredmedia":[{"embeddable":true,"href":"https:\/\/archivum.eloszekelyfold.ro\/index.php\/wp-json\/wp\/v2\/media\/28182"}],"wp:attachment":[{"href":"https:\/\/archivum.eloszekelyfold.ro\/index.php\/wp-json\/wp\/v2\/media?parent=28181"}],"wp:term":[{"taxonomy":"category","embeddable":true,"href":"https:\/\/archivum.eloszekelyfold.ro\/index.php\/wp-json\/wp\/v2\/categories?post=28181"},{"taxonomy":"post_tag","embeddable":true,"href":"https:\/\/archivum.eloszekelyfold.ro\/index.php\/wp-json\/wp\/v2\/tags?post=28181"}],"curies":[{"name":"wp","href":"https:\/\/api.w.org\/{rel}","templated":true}]}}