{"id":28179,"date":"2021-12-13T01:07:00","date_gmt":"2021-12-13T01:07:00","guid":{"rendered":"http:\/\/archivum.eloszekelyfold.ro\/2021\/12\/13\/letszamban-es-aranyban-is-erosebb-az-rmdsz-mpp-frakcio\/"},"modified":"2021-12-13T01:07:00","modified_gmt":"2021-12-13T01:07:00","slug":"letszamban-es-aranyban-is-erosebb-az-rmdsz-mpp-frakcio","status":"publish","type":"post","link":"https:\/\/archivum.eloszekelyfold.ro\/index.php\/2021\/12\/13\/letszamban-es-aranyban-is-erosebb-az-rmdsz-mpp-frakcio\/","title":{"rendered":"L\u00e9tsz\u00e1mban \u00e9s ar\u00e1nyban is er\u0151sebb az RMDSZ-MPP frakci\u00f3"},"content":{"rendered":"<p><\/p>\n<div style=\"color:#666666; font-family:inherit; font-size:14px;font-style: normal;text-align:left;line-height:24px;\">\n<div style=\"float:left\"><img decoding=\"async\" src=\"http:\/\/archivum.eloszekelyfold.ro\/wp-content\/uploads\/2021\/12\/671_kelemen_iohannis.jpg\" alt=\"L\u00e9tsz\u00e1mban \u00e9s ar\u00e1nyban is er\u0151sebb az RMDSZ-MPP frakci\u00f3\" style=\"padding-right:14px; padding-bottom:6px; padding-top:6px;\" width=\"320px\"><\/div>\n<p>                              A legut\u00f3bbi, 2012-es v\u00e1laszt\u00e1sokhoz k\u00e9pest val\u00f3sz\u00edn\u0171leg h\u00e1rommal t\u00f6bb, vagyis harminc t\u00f6rv\u00e9nyhoz\u00f3i mand\u00e1tumot szerzett a bukaresti parlamentben a Rom\u00e1niai Magyar Demokrata Sz\u00f6vets\u00e9g (RMDSZ) \u00e9s a Magyar Polg\u00e1ri P\u00e1rt k\u00f6z\u00f6s jel\u00f6ltlist\u00e1ja a vas\u00e1rnapi v\u00e1laszt\u00e1sokon, mik\u00f6zben a parlament l\u00e9tsz\u00e1ma jelent\u0151sen cs\u00f6kkent &#8211; t\u00e1j\u00e9koztatta az MTI-t Kov\u00e1cs P\u00e9ter, az RMDSZ \u00fcgyvezet\u0151 eln\u00f6ke szerd\u00e1n.<\/p>\n<p>A K\u00f6zponti V\u00e1laszt\u00e1si Bizotts\u00e1g (BEC) utolj\u00e1ra kedd reggel k\u00f6z\u00f6lt &#8211; 99,82 sz\u00e1zal\u00e9kos feldolgozotts\u00e1g\u00fa &#8211; r\u00e9szeredm\u00e9nyeket, ezek alapj\u00e1n biztosnak t\u0171nik, hogy 18-r\u00f3l 21-re n\u0151 a k\u00e9pvisel\u0151k sz\u00e1ma, a szen\u00e1tusban pedig kilenctag\u00fa marad az RMDSZ-frakci\u00f3 egy karcs\u00fabb parlamentben &#8211; magyar\u00e1zta az \u00fcgyvezet\u0151 eln\u00f6k. <\/p>\n<p>Az RMDSZ azt val\u00f3sz\u00edn\u0171s\u00edti, hogy Arad, Brass\u00f3 \u00e9s Tulcea megy\u00e9ben is lesz k\u00e9pvisel\u0151je, Hargita megy\u00e9ben egy \u00f6t\u00f6dik mand\u00e1tuma, de elvesz\u00edti a Temes megyei k\u00e9pviselet\u00e9t. A szen\u00e1tusban az RMDSZ-frakci\u00f3 v\u00e1ltozatlan l\u00e9tsz\u00e1ma mellett is lesz v\u00e1ltoz\u00e1s: Szil\u00e1gy megy\u00e9ben nem lesz m\u00e1r szen\u00e1tora a sz\u00f6vets\u00e9gnek, \u00e9s elveszti a m\u00e1sodik Kov\u00e1szna megyei szen\u00e1tori mand\u00e1tumot, de Maros megy\u00e9ben \u00e9s Bihar megy\u00e9ben is az eddigi egy-egy helyett k\u00e9t-k\u00e9t szen\u00e1tora lesz &#8211; mondta Kov\u00e1cs P\u00e9ter.<\/p>\n<p>Az \u00fcgyvezet\u0151 eln\u00f6k hangs\u00falyozta: mindezt a 99,82 sz\u00e1zal\u00e9kos feldolgozotts\u00e1g\u00fa r\u00e9szeredm\u00e9nyek alapj\u00e1n sz\u00e1molt\u00e1k ki, de m\u00e9g nem lehet teljes biztons\u00e1ggal megmondani, melyik megy\u00e9ben kap a t\u00f6red\u00e9kvoksokb\u00f3l plusz mand\u00e1tumokat a sz\u00f6vets\u00e9g.<\/p>\n<p>&#8222;A visszaoszt\u00e1si k\u00f6r\u00f6kn\u00e9l annyira bonyolult \u00f6sszef\u00fcgg\u00e9sek vannak, hogy h\u00fasz Iasi megyei szavazat ak\u00e1r Tulcea, ak\u00e1r Temes megy\u00e9ben is mand\u00e1tumot jelenthet&#8221; &#8211; magyar\u00e1zta. Hozz\u00e1tette: a k\u00f6zhiedelemmel ellent\u00e9tben a politikai alakulatok nem tudj\u00e1k befoly\u00e1solni az \u00fajraoszt\u00e1st aszerint, melyik v\u00e1laszt\u00f3ker\u00fcletben akarnak t\u00f6red\u00e9kvoksokb\u00f3l mand\u00e1tumot. Ez &#8222;tiszta matematika&#8221;, amelyet az \u00fagynevezett d&#8217;Hondt-m\u00f3dszer alapj\u00e1n sz\u00e1molnak ki.<\/p>\n<p>Az RMDSZ k\u00e9pvisel\u0151h\u00e1zi jel\u00f6ltlist\u00e1ja Temes megy\u00e9ben 8316, a &#8211; Duna torkolatvid\u00e9k\u00e9t \u00e9s delt\u00e1j\u00e1t mag\u00e1ba foglal\u00f3, kelet-rom\u00e1niai &#8211; Tulcea megy\u00e9ben pedig 245 szavazatot kapott.<\/p>\n<p>M\u00edg a 2012-ben megv\u00e1lasztott 588 tag\u00fa parlamentben az RMDSZ-k\u00e9pvisel\u0151k \u00e9s szen\u00e1torok ar\u00e1nya 4,59 sz\u00e1zal\u00e9k volt, a vas\u00e1rnap megv\u00e1lasztott 466 tag\u00fa bukaresti t\u00f6rv\u00e9nyhoz\u00e1sban az RMDSZ-frakci\u00f3k s\u00falya v\u00e1rhat\u00f3an 6,44 sz\u00e1zal\u00e9kos lesz.<\/p>\n<p><em>Forr\u00e1s: MTI<\/p>\n<p>(Klaus Iohannis szerd\u00e1n, december 14-\u00e9n kezdte meg az egyeztet\u0151 t\u00e1rgyal\u00e1sokat a parlamentbe bejutott p\u00e1rtok vezet\u0151ivel. C\u00edmk\u00e9p\u00fcnk\u00f6n Iohannis \u00e1llameln\u00f6k \u00e9s Kelemen Hunor, az RMDSZ eln\u00f6ke l\u00e1that\u00f3. Fot\u00f3: Agerpres &#8211; arch\u00edv.)<\/p>\n<p>\u00c9l\u0151 Sz\u00e9kelyf\u00f6ld Munkacsoport<\/em>\n                        <\/div>\n","protected":false},"excerpt":{"rendered":"<p>A legut\u00f3bbi, 2012-es v\u00e1laszt\u00e1sokhoz k\u00e9pest val\u00f3sz\u00edn\u0171leg h\u00e1rommal t\u00f6bb, vagyis harminc t\u00f6rv\u00e9nyhoz\u00f3i mand\u00e1tumot szerzett a bukaresti parlamentben a Rom\u00e1niai Magyar Demokrata Sz\u00f6vets\u00e9g (RMDSZ) \u00e9s a Magyar Polg\u00e1ri P\u00e1rt k\u00f6z\u00f6s jel\u00f6ltlist\u00e1ja a vas\u00e1rnapi v\u00e1laszt\u00e1sokon, mik\u00f6zben a parlament l\u00e9tsz\u00e1ma jelent\u0151sen cs\u00f6kkent &#8211; t\u00e1j\u00e9koztatta az MTI-t Kov\u00e1cs P\u00e9ter, az RMDSZ \u00fcgyvezet\u0151 eln\u00f6ke szerd\u00e1n. A K\u00f6zponti V\u00e1laszt\u00e1si Bizotts\u00e1g (BEC) utolj\u00e1ra [&hellip;]<\/p>\n","protected":false},"author":1,"featured_media":28180,"comment_status":"open","ping_status":"open","sticky":false,"template":"","format":"standard","meta":{"footnotes":""},"categories":[],"tags":[],"class_list":["post-28179","post","type-post","status-publish","format-standard","has-post-thumbnail","hentry"],"_links":{"self":[{"href":"https:\/\/archivum.eloszekelyfold.ro\/index.php\/wp-json\/wp\/v2\/posts\/28179","targetHints":{"allow":["GET"]}}],"collection":[{"href":"https:\/\/archivum.eloszekelyfold.ro\/index.php\/wp-json\/wp\/v2\/posts"}],"about":[{"href":"https:\/\/archivum.eloszekelyfold.ro\/index.php\/wp-json\/wp\/v2\/types\/post"}],"author":[{"embeddable":true,"href":"https:\/\/archivum.eloszekelyfold.ro\/index.php\/wp-json\/wp\/v2\/users\/1"}],"replies":[{"embeddable":true,"href":"https:\/\/archivum.eloszekelyfold.ro\/index.php\/wp-json\/wp\/v2\/comments?post=28179"}],"version-history":[{"count":0,"href":"https:\/\/archivum.eloszekelyfold.ro\/index.php\/wp-json\/wp\/v2\/posts\/28179\/revisions"}],"wp:featuredmedia":[{"embeddable":true,"href":"https:\/\/archivum.eloszekelyfold.ro\/index.php\/wp-json\/wp\/v2\/media\/28180"}],"wp:attachment":[{"href":"https:\/\/archivum.eloszekelyfold.ro\/index.php\/wp-json\/wp\/v2\/media?parent=28179"}],"wp:term":[{"taxonomy":"category","embeddable":true,"href":"https:\/\/archivum.eloszekelyfold.ro\/index.php\/wp-json\/wp\/v2\/categories?post=28179"},{"taxonomy":"post_tag","embeddable":true,"href":"https:\/\/archivum.eloszekelyfold.ro\/index.php\/wp-json\/wp\/v2\/tags?post=28179"}],"curies":[{"name":"wp","href":"https:\/\/api.w.org\/{rel}","templated":true}]}}