{"id":28177,"date":"2021-12-13T01:05:01","date_gmt":"2021-12-13T01:05:01","guid":{"rendered":"http:\/\/archivum.eloszekelyfold.ro\/2021\/12\/13\/4-kolozsvari-adventi-konyvvasar\/"},"modified":"2021-12-13T01:05:01","modified_gmt":"2021-12-13T01:05:01","slug":"4-kolozsvari-adventi-konyvvasar","status":"publish","type":"post","link":"https:\/\/archivum.eloszekelyfold.ro\/index.php\/2021\/12\/13\/4-kolozsvari-adventi-konyvvasar\/","title":{"rendered":"4. Kolozsv\u00e1ri Adventi K\u00f6nyvv\u00e1s\u00e1r"},"content":{"rendered":"<p><\/p>\n<div style=\"color:#666666; font-family:inherit; font-size:14px;font-style: normal;text-align:left;line-height:24px;\">\n<div style=\"float:left\"><img decoding=\"async\" src=\"http:\/\/archivum.eloszekelyfold.ro\/wp-content\/uploads\/2021\/12\/672_adventi.jpg\" alt=\"4. Kolozsv\u00e1ri Adventi K\u00f6nyvv\u00e1s\u00e1r\" style=\"padding-right:14px; padding-bottom:6px; padding-top:6px;\" width=\"320px\"><\/div>\n<p>                              Aj\u00e1nd\u00e9kozzon erd\u00e9lyi magyar k\u00f6nyvet szeretteinek: a h\u00e9tv\u00e9g\u00e9n 95 kiad\u00f3 mintegy 1000, jelent\u0151s \u00e1rlesz\u00e1ll\u00edt\u00e1ssal k\u00edn\u00e1lt port\u00e9k\u00e1j\u00e1b\u00f3l v\u00e1laszthat kedv\u00e9re. <\/p>\n<p>Aki ink\u00e1bb aj\u00e1nd\u00e9kutalv\u00e1nnyal lepn\u00e9 meg szeretteit, kedvezm\u00e9nyes \u00e1ron juthat hozz\u00e1 az Idea K\u00f6nyvt\u00e9r standj\u00e1n\u00e1l. Azok pedig, akik 50 lej feletti \u00e9rt\u00e9kben v\u00e1s\u00e1rolnak k\u00f6nyvet, tombol\u00e1n nyerhetik meg a 10, egyenk\u00e9nt 100 lejes k\u00f6nyvcsomag egyik\u00e9t. <\/p>\n<p>A szervez\u0151k id\u00e9n a kisgyerekesekre is gondoltak, akiknek \u00edgy m\u00e1r cseppet sem torkollik t\u00fcrelmetlens\u00e9gbe a v\u00e1s\u00e1r: Marg\u00f3val, a Dadusk\u00f6zvet\u00edt\u0151vel egy\u00fcttm\u0171k\u00f6dve minden nap 15.00-19.00 \u00f3ra k\u00f6z\u00f6tt gyerekmeg\u0151rz\u0151 is \u00fczemel majd, hogy a sz\u00fcl\u0151knek is jusson a sok j\u00f3b\u00f3l, legyen az k\u00f6nyv vagy programpont.<\/p>\n<div>\u00a0<\/div>\n<div><strong>Program<\/strong><\/div>\n<div><em><br \/>\n<\/em><\/div>\n<div><em>December 16., p\u00e9ntek<\/em><br \/>\n11.00 &#8211; Megnyit\u00f3 &#8211;\u00a0Besz\u00e9det mond Nagy P\u00e9ter f\u0151szervez\u0151 \u00e9s dr. Tonk M\u00e1rton, a Sapientia EMTE Kolozsv\u00e1ri Kar\u00e1nak d\u00e9k\u00e1nja;<\/div>\n<div>15.00 &#8211;\u00a0Gyerekmeg\u0151rz\u0151 19 \u00f3r\u00e1ig &#8211; szervez\u0151: Margo, a Dadusk\u00f6zvet\u00edt\u0151;<\/div>\n<div>16.00 &#8211; K\u00f6nyvbemutat\u00f3: M\u0171vel\u0151d\u00e9s Egyes\u00fclet &#8211;\u00a0Felm\u00e9ri Cec\u00edlia: <em>A rendez\u0151i d\u00f6nt\u00e9sek filmelm\u00e9leti\/eszt\u00e9tikai megalapoz\u00e1sa \u00e9s gyakorlati rendszere<\/em>.\u00a0A k\u00f6nyvet bemutatja: Lakatos R\u00f3bert filmrendez\u0151.\u00a0Kolozsi Gergely Istv\u00e1n: <em>Elhangzott a sz\u00f3.<\/em> A k\u00f6nyvet bemutatja: Szab\u00f3 Zsolt kiad\u00f3vezet\u0151;<br \/>\n18.00 &#8211; K\u00f6nyvbemutat\u00f3: Polis Kiad\u00f3 &#8211;\u00a0Bord\u00e1s Be\u00e1ta: Erd\u00e9lyi kast\u00e9ly\u00e9p\u00edt\u00e9szet a historizmus kor\u00e1ban (1840-1914).\u00a0A k\u00f6nyvet bemutatj\u00e1k: dr. Bord\u00e1s Be\u00e1ta szerz\u0151 \u00e9s dr. Weisz Attila m\u0171v\u00e9szett\u00f6rt\u00e9n\u00e9sz, egyetemi\u00a0adjunktus;<br \/>\n\u00a0<\/div>\n<div style=\"text-align: center;\"><img loading=\"lazy\" decoding=\"async\" src=\"http:\/\/archivum.eloszekelyfold.ro\/wp-content\/uploads\/2021\/12\/bordas_beata_toth_helga.jpg\" width=\"445\" height=\"324\" alt=\"\"><\/div>\n<div style=\"text-align: center;\">\u00a0 <em>Bord\u00e1s Be\u00e1ta m\u0171v\u00e9szett\u00f6rt\u00e9n\u00e9sz &#8211; T\u00f3th Helga felv\u00e9tele<\/em><br \/>\n\u00a0<\/div>\n<div><em>December 17., szombat<\/em><\/div>\n<div>15.00 &#8211; Gyerekmeg\u0151rz\u0151 19.00 \u00f3r\u00e1ig!\u00a0Szervez\u0151: Margo, a Dadusk\u00f6zvet\u00edt\u0151;<\/div>\n<div>16.00 &#8211; \u00a0K\u00f6nyvbemutat\u00f3: \u00c1bel Kiad\u00f3 &#8211;\u00a0Gergely Ed\u00f3: Vadk\u00e9ken t\u00e1ncol\u00f3 elef\u00e1ntok. A k\u00f6nyvet bemutatj\u00e1k: Vig Emese \u00fajs\u00e1g\u00edr\u00f3 \u00e9s S\u00e1ndor Zs\u00f3fia,\u00a0VIII. oszt\u00e1lyos tanul\u00f3;<\/div>\n<div>18.00 &#8211; K\u00f6nyvbemutat\u00f3: Kincses Kolozsv\u00e1r Egyes\u00fclet, Kriterion K\u00f6nyvkiad\u00f3 &#8211;\u00a0Gaal Gy\u00f6rgy: Kolozsv\u00e1r a sz\u00e1zadok sodr\u00e1ban. V\u00e1rost\u00f6rt\u00e9neti kronol\u00f3gia. A k\u00f6nyvet bemutatja: dr. Mur\u00e1din\u00a0J\u00e1nos Krist\u00f3f t\u00f6rt\u00e9n\u00e9sz, egyetemi adjunktus.\u00a0Exit Kiad\u00f3 &#8211;\u00a0Gaal Gy\u00f6rgy: A H\u00e1zsong\u00e1rdt\u00f3l a Kismez\u0151ig. A k\u00f6nyvet bemutatja: Gergelyn\u00e9 T\u0151k\u00e9s Erzs\u00e9bet, a H\u00e1zsong\u00e1rd\u00a0Alap\u00edtv\u00e1ny eln\u00f6ke;<\/div>\n<div>\n<em>December 18., vas\u00e1rnap<\/em><\/div>\n<div>15.00 &#8211; Gyerekmeg\u0151rz\u0151 19.00 \u00f3r\u00e1ig!\u00a0Szervez\u0151: Margo, a Dadusk\u00f6zvet\u00edt\u0151;<\/div>\n<div>16.00 &#8211; K\u00f6nyvbemutat\u00f3: Exit Kiad\u00f3, Erd\u00e9lyi Reform\u00e1tus Egyh\u00e1zker\u00fclet &#8211;\u00a0D\u00e1vid Istv\u00e1n \u00e9s Vitus-Bulbuk Istv\u00e1n (szerk.): T\u00edzparancsolat? \u2013 Szerda est\u00e9k a Farkas utc\u00e1ban. A\u00a0k\u00f6nyvet bemutatja Ft. Kat\u00f3 B\u00e9la, az Erd\u00e9lyi Reform\u00e1tus Egyh\u00e1zker\u00fclet p\u00fcsp\u00f6ke;<\/div>\n<div>18.00 &#8211; a tombolajegyek kisorsol\u00e1sa.<br \/>\n\u00a0<\/div>\n<div style=\"text-align: center;\"><a href=\"http:\/\/ideakonyvter.ro\/\"><strong><span style=\"color: rgb(255, 102, 0);\"><img loading=\"lazy\" decoding=\"async\" src=\"http:\/\/archivum.eloszekelyfold.ro\/wp-content\/uploads\/2021\/12\/IDEA_konyvter_logo.jpg\" width=\"100\" height=\"33\" alt=\"\"><br \/>\nideakonyvter.ro<\/span><\/strong><\/a><\/div>\n<div>\n<em>\u00c9l\u0151 Sz\u00e9kelyf\u00f6ld Munkacsoport<\/em><\/div>\n<\/p><\/div>\n","protected":false},"excerpt":{"rendered":"<p>Aj\u00e1nd\u00e9kozzon erd\u00e9lyi magyar k\u00f6nyvet szeretteinek: a h\u00e9tv\u00e9g\u00e9n 95 kiad\u00f3 mintegy 1000, jelent\u0151s \u00e1rlesz\u00e1ll\u00edt\u00e1ssal k\u00edn\u00e1lt port\u00e9k\u00e1j\u00e1b\u00f3l v\u00e1laszthat kedv\u00e9re. Aki ink\u00e1bb aj\u00e1nd\u00e9kutalv\u00e1nnyal lepn\u00e9 meg szeretteit, kedvezm\u00e9nyes \u00e1ron juthat hozz\u00e1 az Idea K\u00f6nyvt\u00e9r standj\u00e1n\u00e1l. Azok pedig, akik 50 lej feletti \u00e9rt\u00e9kben v\u00e1s\u00e1rolnak k\u00f6nyvet, tombol\u00e1n nyerhetik meg a 10, egyenk\u00e9nt 100 lejes k\u00f6nyvcsomag egyik\u00e9t. A szervez\u0151k id\u00e9n a kisgyerekesekre [&hellip;]<\/p>\n","protected":false},"author":1,"featured_media":28178,"comment_status":"open","ping_status":"open","sticky":false,"template":"","format":"standard","meta":{"footnotes":""},"categories":[],"tags":[],"class_list":["post-28177","post","type-post","status-publish","format-standard","has-post-thumbnail","hentry"],"_links":{"self":[{"href":"https:\/\/archivum.eloszekelyfold.ro\/index.php\/wp-json\/wp\/v2\/posts\/28177","targetHints":{"allow":["GET"]}}],"collection":[{"href":"https:\/\/archivum.eloszekelyfold.ro\/index.php\/wp-json\/wp\/v2\/posts"}],"about":[{"href":"https:\/\/archivum.eloszekelyfold.ro\/index.php\/wp-json\/wp\/v2\/types\/post"}],"author":[{"embeddable":true,"href":"https:\/\/archivum.eloszekelyfold.ro\/index.php\/wp-json\/wp\/v2\/users\/1"}],"replies":[{"embeddable":true,"href":"https:\/\/archivum.eloszekelyfold.ro\/index.php\/wp-json\/wp\/v2\/comments?post=28177"}],"version-history":[{"count":0,"href":"https:\/\/archivum.eloszekelyfold.ro\/index.php\/wp-json\/wp\/v2\/posts\/28177\/revisions"}],"wp:featuredmedia":[{"embeddable":true,"href":"https:\/\/archivum.eloszekelyfold.ro\/index.php\/wp-json\/wp\/v2\/media\/28178"}],"wp:attachment":[{"href":"https:\/\/archivum.eloszekelyfold.ro\/index.php\/wp-json\/wp\/v2\/media?parent=28177"}],"wp:term":[{"taxonomy":"category","embeddable":true,"href":"https:\/\/archivum.eloszekelyfold.ro\/index.php\/wp-json\/wp\/v2\/categories?post=28177"},{"taxonomy":"post_tag","embeddable":true,"href":"https:\/\/archivum.eloszekelyfold.ro\/index.php\/wp-json\/wp\/v2\/tags?post=28177"}],"curies":[{"name":"wp","href":"https:\/\/api.w.org\/{rel}","templated":true}]}}