{"id":28175,"date":"2021-12-13T01:03:01","date_gmt":"2021-12-13T01:03:01","guid":{"rendered":"http:\/\/archivum.eloszekelyfold.ro\/2021\/12\/13\/kozzetettek-a-vegleges-valasztasi-eredmenyeket\/"},"modified":"2021-12-13T01:03:01","modified_gmt":"2021-12-13T01:03:01","slug":"kozzetettek-a-vegleges-valasztasi-eredmenyeket","status":"publish","type":"post","link":"https:\/\/archivum.eloszekelyfold.ro\/index.php\/2021\/12\/13\/kozzetettek-a-vegleges-valasztasi-eredmenyeket\/","title":{"rendered":"K\u00f6zz\u00e9tett\u00e9k a v\u00e9gleges v\u00e1laszt\u00e1si eredm\u00e9nyeket"},"content":{"rendered":"<p><\/p>\n<div style=\"color:#666666; font-family:inherit; font-size:14px;font-style: normal;text-align:left;line-height:24px;\">\n<div style=\"float:left\"><img decoding=\"async\" src=\"http:\/\/archivum.eloszekelyfold.ro\/wp-content\/uploads\/2021\/12\/673_romania_parlament.jpg\" alt=\" K\u00f6zz\u00e9tett\u00e9k a v\u00e9gleges v\u00e1laszt\u00e1si eredm\u00e9nyeket\" style=\"padding-right:14px; padding-bottom:6px; padding-top:6px;\" width=\"320px\"><\/div>\n<div>A Szoci\u00e1ldemokrata P\u00e1rt (PSD) szen\u00e1tusi list\u00e1i a szavazatok 45,67%-\u00e1t, k\u00e9pvisel\u0151h\u00e1zi list\u00e1i pedig a voksok 45,47%-\u00e1t szerezt\u00e9k meg a vas\u00e1rnap tartott parlamenti v\u00e1laszt\u00e1sokon &#8211; k\u00f6z\u00f6lte a v\u00e9gleges eredm\u00e9nyeket a K\u00f6zponti\u00a0V\u00e1laszt\u00e1si Iroda (BEC) sajt\u00f3sz\u00f3viv\u0151je, Marian Muhule\u021b.<\/div>\n<div>\u00a0<\/div>\n<div>A PSD-nek \u00edgy 67 szen\u00e1tori \u00e9s 154 k\u00e9pvisel\u0151i mand\u00e1tum jut.<\/div>\n<div>\u00a0<\/div>\n<div>A Nemzeti Liber\u00e1lis P\u00e1rt (PNL) a szen\u00e1tori list\u00e1kra leadott \u00e9rv\u00e9nyes szavazatok 20,41%-\u00e1nak megszerz\u00e9s\u00e9vel 30\u00a0fels\u0151h\u00e1zi mand\u00e1tumra jogosult, az als\u00f3h\u00e1zi mand\u00e1tumok k\u00f6z\u00fcl pedig 69-et kap meg a voksok 20,04%-\u00e1nak\u00a0megszerz\u00e9s\u00e9vel.<\/div>\n<div>\u00a0<\/div>\n<div>A fennmarad\u00f3 mand\u00e1tumok a k\u00f6vetkez\u0151k\u00e9ppen oszlanak el a v\u00e1laszt\u00e1si k\u00fcsz\u00f6b\u00f6t el\u00e9rt t\u00f6bbi alakulat k\u00f6z\u00f6tt:\u00a0Ments\u00e9tek meg Rom\u00e1ni\u00e1t Sz\u00f6vets\u00e9g (USR): szen\u00e1tus &#8211; 13 mand\u00e1tum (8,92%), k\u00e9pvisel\u0151h\u00e1z &#8211; 30 mand\u00e1tum (8,87%);\u00a0Rom\u00e1niai Magyar Demokrata Sz\u00f6vets\u00e9g (RMDSZ): szen\u00e1tus &#8211; 9 mand\u00e1tum (6,24%), k\u00e9pvisel\u0151h\u00e1z &#8211; 21 mand\u00e1tum (6,18%);\u00a0Liber\u00e1lisok \u00e9s Demokrat\u00e1k Sz\u00f6vets\u00e9ge (ALDE): szen\u00e1tus &#8211; 9 mand\u00e1tum (6,00%), k\u00e9pvisel\u0151h\u00e1z &#8211; 20 mand\u00e1tum (5,62%);\u00a0N\u00e9pi Mozgalom P\u00e1rt (PMP): szen\u00e1tus &#8211; 9 mand\u00e1tum (5,65%), k\u00e9pvisel\u0151h\u00e1z &#8211; 18 mand\u00e1tum (5,34%).<\/div>\n<div>\u00a0<\/div>\n<div>Emellett 17 k\u00e9pvisel\u0151i mand\u00e1tum j\u00e1r a nemzeti kisebbs\u00e9gek szervezeteinek.<\/div>\n<div>\u00a0<\/div>\n<div>A december 11-\u00e9n tartott parlamenti v\u00e1laszt\u00e1son \u00f6sszesen 7.323.368 szavaz\u00f3polg\u00e1r j\u00e1rult az urn\u00e1khoz. A parlament v\u00e1rhat\u00f3an j\u00f6v\u0151 kedden \u00fcl\u00e9sezik el\u0151sz\u00f6r, amikor nyilv\u00e1noss\u00e1gra ker\u00fcl a l\u00e9trej\u00f6v\u0151 koal\u00edci\u00f3. T\u00f6bb lehets\u00e9ges forgat\u00f3k\u00f6nyv is l\u00e9tezik.<\/p>\n<p>Az RMDSZ v\u00e9g\u00fcl a t\u00f6red\u00e9kszavazatok r\u00e9v\u00e9n nem Tulcea, hanem Konstanca megy\u00e9ben szerezte meg a 21. k\u00e9pvisel\u0151i mand\u00e1tumot Antal Istv\u00e1n j\u00e1nos Konstanc\u00e1n \u00e9l\u0151, szatm\u00e1ri sz\u00fclet\u00e9s\u0171 agr\u00e1rm\u00e9rn\u00f6k-v\u00e1llalkoz\u00f3 szem\u00e9ly\u00e9ben. A megv\u00e1lasztott RMDSZ-MPP koal\u00edci\u00f3s honaty\u00e1k list\u00e1ja\u00a0<a href=\"https:\/\/eszm.ro\/2016\/12\/14\/alakul-az-rmdsz-mpp-koalicio-parlamenti-kepviselete\/\"><strong><span style=\"color: rgb(255, 102, 0);\">ITT<\/span><\/strong><\/a>\u00a0olvashat\u00f3.<\/p>\n<p>A fejlem\u00e9nyekr\u0151l a k\u00f6vetkez\u0151 napok sor\u00e1n besz\u00e1molunk.<\/p>\n<p><em>C\u00edmk\u00e9p\u00fcnk\u00f6n a www.monitorulcj.ro grafik\u00e1ja l\u00e1that\u00f3: a szoci\u00e1ldemokrata jel\u00f6ltek 35, az RMDSZ 4, m\u00edg a liber\u00e1lisok 3 megy\u00e9ben nyertek.<\/em><\/p>\n<p><em>Forr\u00e1sok: K\u00f6zponti V\u00e1laszt\u00e1si Iroda (BEC), Agerpres, MTI. www.rmdsz.ro<\/p>\n<p>\u00c9l\u0151 Sz\u00e9kelyf\u00f6ld Munkacsoport\u00a0<\/em><\/div>\n<div>\u00a0<\/div>\n<\/p><\/div>\n","protected":false},"excerpt":{"rendered":"<p>A Szoci\u00e1ldemokrata P\u00e1rt (PSD) szen\u00e1tusi list\u00e1i a szavazatok 45,67%-\u00e1t, k\u00e9pvisel\u0151h\u00e1zi list\u00e1i pedig a voksok 45,47%-\u00e1t szerezt\u00e9k meg a vas\u00e1rnap tartott parlamenti v\u00e1laszt\u00e1sokon &#8211; k\u00f6z\u00f6lte a v\u00e9gleges eredm\u00e9nyeket a K\u00f6zponti\u00a0V\u00e1laszt\u00e1si Iroda (BEC) sajt\u00f3sz\u00f3viv\u0151je, Marian Muhule\u021b. \u00a0 A PSD-nek \u00edgy 67 szen\u00e1tori \u00e9s 154 k\u00e9pvisel\u0151i mand\u00e1tum jut. \u00a0 A Nemzeti Liber\u00e1lis P\u00e1rt (PNL) a szen\u00e1tori list\u00e1kra leadott [&hellip;]<\/p>\n","protected":false},"author":1,"featured_media":28176,"comment_status":"open","ping_status":"open","sticky":false,"template":"","format":"standard","meta":{"footnotes":""},"categories":[],"tags":[],"class_list":["post-28175","post","type-post","status-publish","format-standard","has-post-thumbnail","hentry"],"_links":{"self":[{"href":"https:\/\/archivum.eloszekelyfold.ro\/index.php\/wp-json\/wp\/v2\/posts\/28175","targetHints":{"allow":["GET"]}}],"collection":[{"href":"https:\/\/archivum.eloszekelyfold.ro\/index.php\/wp-json\/wp\/v2\/posts"}],"about":[{"href":"https:\/\/archivum.eloszekelyfold.ro\/index.php\/wp-json\/wp\/v2\/types\/post"}],"author":[{"embeddable":true,"href":"https:\/\/archivum.eloszekelyfold.ro\/index.php\/wp-json\/wp\/v2\/users\/1"}],"replies":[{"embeddable":true,"href":"https:\/\/archivum.eloszekelyfold.ro\/index.php\/wp-json\/wp\/v2\/comments?post=28175"}],"version-history":[{"count":0,"href":"https:\/\/archivum.eloszekelyfold.ro\/index.php\/wp-json\/wp\/v2\/posts\/28175\/revisions"}],"wp:featuredmedia":[{"embeddable":true,"href":"https:\/\/archivum.eloszekelyfold.ro\/index.php\/wp-json\/wp\/v2\/media\/28176"}],"wp:attachment":[{"href":"https:\/\/archivum.eloszekelyfold.ro\/index.php\/wp-json\/wp\/v2\/media?parent=28175"}],"wp:term":[{"taxonomy":"category","embeddable":true,"href":"https:\/\/archivum.eloszekelyfold.ro\/index.php\/wp-json\/wp\/v2\/categories?post=28175"},{"taxonomy":"post_tag","embeddable":true,"href":"https:\/\/archivum.eloszekelyfold.ro\/index.php\/wp-json\/wp\/v2\/tags?post=28175"}],"curies":[{"name":"wp","href":"https:\/\/api.w.org\/{rel}","templated":true}]}}